{"id":38593,"date":"2025-01-10T09:35:53","date_gmt":"2025-01-10T06:35:53","guid":{"rendered":"https:\/\/mersinkadingazetesi.com\/?p=38593"},"modified":"2025-01-10T09:35:54","modified_gmt":"2025-01-10T06:35:54","slug":"genel-baskan-ozel-bu-iktidar-gidecek-emeklinin-halkin-esnafin-ciftcinin-ve-yoksulun-iktidari-gelecek","status":"publish","type":"post","link":"https:\/\/mersinkadingazetesi.com\/?p=38593","title":{"rendered":"GENEL BA\u015eKAN \u00d6ZEL: &#8220;BU \u0130KT\u0130DAR G\u0130DECEK; EMEKL\u0130N\u0130N, HALKIN, ESNAFIN, \u00c7\u0130FT\u00c7\u0130N\u0130N VE YOKSULUN \u0130KT\u0130DARI GELECEK&#8221;"},"content":{"rendered":"\n<p>Mersin B\u00fcy\u00fck\u015fehir Belediyesi taraf\u0131ndan kentte ya\u015fayan vatanda\u015flar i\u00e7in sosyal, e\u011fitimsel ve sportif olanaklar\u0131 art\u0131rmay\u0131 hedefleyen \u00f6nemli projelerin toplu a\u00e7\u0131l\u0131\u015f\u0131 ger\u00e7ekle\u015ftirildi. 6 tesisin Toplu A\u00e7\u0131l\u0131\u015f T\u00f6reni; Mersin B\u00fcy\u00fck\u015fehir Belediye Ba\u015fkan\u0131 Vahap Se\u00e7er ve Cumhuriyet Halk Partisi (CHP) Genel Ba\u015fkan\u0131 \u00d6zg\u00fcr \u00d6zel&#8217;in kat\u0131l\u0131m\u0131yla ger\u00e7ekle\u015firken, Mersin halk\u0131 da a\u00e7\u0131l\u0131\u015flara yo\u011fun ilgi g\u00f6sterdi.<\/p>\n\n\n\n<p>Toplu A\u00e7\u0131l\u0131\u015f T\u00f6reni&#8217;nde; Adana B\u00fcy\u00fck\u015fehir Belediye Ba\u015fkan\u0131 Zeydan Karalar, CHP Kad\u0131n Kollar\u0131 Genel Ba\u015fkan\u0131 Asu Kaya, CHP Yerel Y\u00f6netimlerden Sorumlu Genel Ba\u015fkan Yard\u0131mc\u0131s\u0131 G\u00f6kan Zeybek, CHP Mersin \u0130l Ba\u015fkan\u0131 Koral \u00d6m\u00fcr, genel merkez y\u00f6neticileri, il ve b\u00f6lge milletvekilleri, il\u00e7e belediye ba\u015fkanlar\u0131, partililer ve Mersinliler yer ald\u0131. Ba\u015fkan Se\u00e7er&#8217;in ev sahipli\u011finde d\u00fczenlenen t\u00f6renle; Toroslar Kurdali Sosyal Ya\u015fam ve \u00c7ocuk Geli\u015fim Merkezi, Toroslar Spor Park ve \u00c7ocuk Geli\u015fim Merkezi, Tarsus Aratos Matematik Evi, Mezitli \u00c7ocuk Kamp\u00fcs\u00fc, G\u00fcvenevler Okuma Salonu ve \u00c7iftlikk\u00f6y Nept\u00fcn \u0130pek Y\u0131lmaz Okuma Salonu&#8217;nun a\u00e7\u0131l\u0131\u015f\u0131 ger\u00e7ekle\u015ftirildi.<\/p>\n\n\n\n<p>Ellerinde T\u00fcrk Bayraklar\u0131 e\u015fli\u011finde co\u015fkulu bir \u015fekilde Genel Ba\u015fkan \u00d6zel ve Ba\u015fkan Se\u00e7er&#8217;i kar\u015f\u0131layan Mersinlilere, vatanda\u015flar evlerinin balkonlar\u0131ndan da e\u015flik etti. Mersin&#8217;in d\u00f6rt bir yan\u0131ndan a\u00e7\u0131l\u0131\u015fa kat\u0131lan vatanda\u015flar,&nbsp;<strong><em>&#8216;Kad\u0131n\u0131n, \u00c7ocu\u011fun, Gen\u00e7lerin, Ya\u015f Alm\u0131\u015flar\u0131n, Herkesin Ba\u015fkan\u0131 Vahap Se\u00e7er&#8217;<\/em><\/strong>,&nbsp;<strong><em>&#8216;Sosyal Belediyecili\u011fin Mimar\u0131 Vahap Se\u00e7er&#8217;<\/em><\/strong>,&nbsp;<strong><em>&#8216;Gen\u00e7lerin Umudu, T\u00fcrkiye&#8217;nin Gururu \u00d6zg\u00fcr \u00d6zel&#8217;<\/em><\/strong>&nbsp;yaz\u0131l\u0131 d\u00f6viz ve tezah\u00fcratlarla destek verdi. Toroslar Spor Park ve \u00c7ocuk Geli\u015fim Merkezi&#8217;nde ger\u00e7ekle\u015ftirilen 6 merkezin Toplu A\u00e7\u0131l\u0131\u015f T\u00f6reni, hem b\u00f6lge halk\u0131ndan hem de davetlilerden b\u00fcy\u00fck ilgi g\u00f6rd\u00fc. Program, a\u00e7\u0131l\u0131\u015f\u0131 yap\u0131lan tesislerin tan\u0131t\u0131m videosu ile ba\u015flad\u0131. A\u00e7\u0131l\u0131\u015f\u0131n yap\u0131ld\u0131\u011f\u0131 alanda, 1 Ekmek 1 \u00c7orba ara\u00e7lar\u0131 da haz\u0131r bulunarak vatanda\u015flara \u00e7orba ikram\u0131nda bulunuldu.<\/p>\n\n\n\n<p><strong>Genel Ba\u015fkan \u00d6zel: &#8220;Vahap Se\u00e7er; dayan\u0131\u015fma, sosyal, refah ve hizmet belediyecili\u011fini ayn\u0131 anda g\u00f6t\u00fcr\u00fcyor&#8221;<\/strong><\/p>\n\n\n\n<p>T\u00f6rende konu\u015fan CHP Genel Ba\u015fkan\u0131 \u00d6zg\u00fcr \u00d6zel, Mersin&#8217;in kaderinin 2019 se\u00e7imleri ile de\u011fi\u015fti\u011fini s\u00f6yleyerek &#8220;<strong>Vahap Se\u00e7er, se\u00e7ildi\u011fi g\u00fcnden sonra i\u015fe \u00f6yle bir ba\u015flad\u0131 ki hem dayan\u0131\u015fma hem sosyal hem refah hem de hizmet belediyecili\u011fini bir arada g\u00f6t\u00fcrmeye ba\u015flad\u0131. Gitmedi\u011fi k\u00f6y, dokunmad\u0131\u011f\u0131 insan, derdiyle dertlenmedi\u011fi kimse olmad\u0131\u011f\u0131 gibi toplumun b\u00fct\u00fcn k\u0131r\u0131lgan kesimlerine sahip \u00e7\u0131kan bir anlay\u0131\u015fla 5 y\u0131l boyunca durmadan ko\u015ftu&#8221;&nbsp;<\/strong>dedi.<\/p>\n\n\n\n<p><strong>&#8220;Se\u00e7im gecesi Mersin&#8217;den gelen haber T\u00fcrkiye rekoruydu&#8221;<\/strong><\/p>\n\n\n\n<p>2024 se\u00e7imlerinde de sonu\u00e7lar\u0131n \u015fa\u015f\u0131rtmad\u0131\u011f\u0131n\u0131 s\u00f6zlerine ekleyen Genel Ba\u015fkan \u00d6zel,&nbsp;<strong>&#8220;Mersin, aylar \u00f6ncesinden kimi se\u00e7ece\u011fine zaten karar vermi\u015fti ama se\u00e7im gecesi Mersin&#8217;den gelen haber T\u00fcrkiye rekoruydu&#8221;&nbsp;<\/strong>diye konu\u015ftu.<\/p>\n\n\n\n<p><strong>&#8220;Bir kentte, belediyecilik anlam\u0131nda ne yap\u0131labilecekse Mersin&#8217;de var&#8221;<\/strong><\/p>\n\n\n\n<p>Genel Ba\u015fkan \u00d6zel, Ba\u015fkan Se\u00e7er&#8217;in T\u00fcrkiye&#8217;ye \u00f6rnek projelere imza att\u0131\u011f\u0131n\u0131 ve T\u00fcrkiye&#8217;de yap\u0131lan her hizmetin Mersin&#8217;de de yap\u0131ld\u0131\u011f\u0131n\u0131 kaydederek,&nbsp;<strong>&#8220;Bir kentte, belediyecilik anlam\u0131nda ne yap\u0131labilecekse Mersin&#8217;de var. Mersin&#8217;den \u00f6rnek al\u0131nanlar var. T\u00fcrkiye&#8217;de yap\u0131l\u0131p Mersin&#8217;de yap\u0131lmayan neredeyse hi\u00e7bir hizmet yok&#8221;&nbsp;<\/strong>dedi.<\/p>\n\n\n\n<p><strong>&#8220;Bu iktidar, depremzedelere ev sahipli\u011fi yapan Mersin&#8217;e bir kuru\u015f bile yollamad\u0131&#8221;<\/strong><\/p>\n\n\n\n<p>Genel Ba\u015fkan \u00d6zel, 6 \u015eubat depreminden sonra Mersin&#8217;e 450 bine yak\u0131n depremzedenin geldi\u011fini, ancak Mersin&#8217;e merkezi h\u00fck\u00fcmet taraf\u0131ndan hi\u00e7bir deste\u011fin yap\u0131lmad\u0131\u011f\u0131n\u0131 da hat\u0131rlatt\u0131. Genel Ba\u015fkan \u00d6zel, &#8220;<strong>Vahap Ba\u015fkan ve Mersin, yakla\u015f\u0131k 450 bin depremzedeye hepimiz ad\u0131na ev sahipli\u011fi yapt\u0131lar ve bu iktidar bu ev sahipli\u011fi i\u00e7in Mersin&#8217;e bir kuru\u015f ilave \u00f6denek yollamad\u0131. Hizmetler aksas\u0131n diye ellerinden gelen her engellemeyi yapt\u0131lar. Yurtd\u0131\u015f\u0131ndan \u00e7e\u015fitli kurulu\u015flardan destek bulundu. O paralar\u0131n gelmesine dahi, s\u0131rf bunlar\u0131 yapacak olan Vahap Se\u00e7er, CHP&#8217;li bir B\u00fcy\u00fck\u015fehir Belediye Ba\u015fkan\u0131 diye engel oldular&#8221;&nbsp;<\/strong>dedi.<\/p>\n\n\n\n<p><strong>&#8220;Mersinliler; hizmete, gayrete, \u00e7al\u0131\u015fkanl\u0131\u011fa ve al\u0131n terine oy verdi&#8221;<\/strong><\/p>\n\n\n\n<p>Genel Ba\u015fkan \u00d6zel,&nbsp;<strong>&#8220;Biz buradan Recep Tayyip Erdo\u011fan&#8217;a \u015funu s\u00f6yl\u00fcyoruz; ge\u00e7mi\u015fte bunu yapt\u0131n ama 31 Mart ak\u015fam\u0131 Mersinliler geldi, karar\u0131n\u0131 verdi. Senin engellemelerine de\u011fil; hizmete, gayrete, \u00e7al\u0131\u015fkanl\u0131\u011fa, al\u0131n terine ve bir kenti sevmeye oy verdiler. Bundan sonraki se\u00e7imde de istedi\u011fin kadar bize engel olmaya \u00e7al\u0131\u015f, Mersinliler de T\u00fcrkiyeliler de art\u0131k neyin ne oldu\u011funa ve bundan sonra kimin gidece\u011fine, kimin gelece\u011fine \u00e7oktan karar verdiler&#8221;&nbsp;<\/strong>dedi.<\/p>\n\n\n\n<p><strong>&#8220;Bundan sonra protesto hakt\u0131r&#8221;<\/strong><\/p>\n\n\n\n<p>\u0130ktidar\u0131n i\u011fneden ipli\u011fe her \u00fcr\u00fcne zam yaparken; emekliyi y\u00fczde 15, asgari \u00fccretliyi ise y\u00fczde 30 \u00fccret art\u0131\u015f\u0131na raz\u0131 etmeye \u00e7al\u0131\u015ft\u0131\u011f\u0131n\u0131 s\u00f6yleyen \u00d6zel,&nbsp;<strong>&#8220;\u00c7orbay\u0131 kaynatt\u0131rmayanlara, evde yanacak do\u011falgaz\u0131n faturas\u0131n\u0131 \u00f6denemez hale getirenlere, emekliyi ve emek\u00e7iyi \u00e7\u0131kmaza s\u00fcr\u00fckleyenlere, tar\u0131mda \u00e7ift\u00e7iyi, limon \u00fcreticisini peri\u015fan edenlere, esnaf\u0131 siftahs\u0131z kepenk kapatmaya mahkum edenlere kar\u015f\u0131, bundan sonra protesto hakt\u0131r&#8221;<\/strong>&nbsp;dedi.<\/p>\n\n\n\n<p><strong>&#8220;T\u00fcm ezilenleri bu iktidara k\u0131rm\u0131z\u0131 kart g\u00f6stermeye davet ediyorum&#8221;<\/strong><\/p>\n\n\n\n<p>Yerel se\u00e7imler \u00f6ncesinde iktidara&nbsp;<strong><em>&#8216;sar\u0131 kart&#8217;<\/em><\/strong>&nbsp;g\u00f6stererek, vatanda\u015f\u0131n sesinin duyulmas\u0131 uyar\u0131s\u0131nda bulunduklar\u0131n\u0131 hat\u0131rlatan \u00d6zel,&nbsp;<strong>&#8220;31 Mart&#8217;ta sar\u0131 kart\u0131 g\u00f6sterdiniz. Tayyip Bey anlad\u0131 m\u0131, sizin sesinizi duydu mu? Peki, 14 bin 500 lirayla, bu asgari \u00fccretle ge\u00e7im olur mu? O zaman anlad\u0131\u011f\u0131 dilden konu\u015faca\u011f\u0131z ve hak etti\u011fini yapaca\u011f\u0131z. Mersin&#8217;den ba\u015fl\u0131yoruz ve b\u00fct\u00fcn T\u00fcrkiye&#8217;deki emeklileri, asgari \u00fccretlileri, t\u00fcm ezilenleri bu iktidara k\u0131rm\u0131z\u0131 kart g\u00f6stermeye davet ediyorum&#8221;<\/strong>&nbsp;diye konu\u015ftu.<\/p>\n\n\n\n<p><strong>&#8220;Mersin&#8217;i nas\u0131l g\u00fcld\u00fcrd\u00fcysek, T\u00fcrkiye&#8217;nin y\u00fcz\u00fcn\u00fc de \u00f6yle g\u00fcld\u00fcrece\u011fiz&#8221;<\/strong><\/p>\n\n\n\n<p>T\u00fcrkiye&#8217;deki t\u00fcm emeklileri ceplerinde k\u0131rm\u0131z\u0131 kart bulundurmaya ve y\u00fcksek fiyatlara, d\u00fc\u015f\u00fck maa\u015flara kar\u015f\u0131 kullanmaya davet eden \u00d6zel&nbsp;<strong>&#8220;Bu elimizdeki kartlar T\u00fcrkiye&#8217;nin umududur. Emekliler; bundan sonra T\u00fcrkiye&#8217;nin d\u00f6rt bir yan\u0131nda cebimizde bir k\u0131rm\u0131z\u0131 kart\u0131 bulundurmaya, bu y\u00fcksek fiyatlar\u0131 g\u00f6rd\u00fck\u00e7e, bu d\u00fc\u015f\u00fck maa\u015flar\u0131 \u00e7ektik\u00e7e, bu zamm\u0131, bu zulm\u00fc g\u00f6rd\u00fck\u00e7e, bu iktidar gidene kadar, bu k\u0131rm\u0131z\u0131 kartlar\u0131 ona g\u00f6stermeye var m\u0131y\u0131z? Biz bu iktidar\u0131 de\u011fi\u015ftirece\u011fiz. Bu iktidar gidecek; emeklinin, halk\u0131n, esnaf\u0131n, \u00e7ift\u00e7inin ve yoksulun iktidar\u0131 gelecek, biz gelece\u011fiz. Mersin&#8217;i nas\u0131l g\u00fcld\u00fcrd\u00fcysek, T\u00fcrkiye&#8217;nin y\u00fcz\u00fcn\u00fc de \u00f6yle g\u00fcld\u00fcrece\u011fiz&#8221;<\/strong>&nbsp;ifadelerini kulland\u0131.&nbsp;<\/p>\n\n\n\n<p><strong>\u00d6zel, Mersin&#8217;in me\u015fhur yeme\u011fi&nbsp;<em>&#8216;Tantuni&#8217;<\/em>&nbsp;\u00fczerinden vatanda\u015flar\u0131n al\u0131m g\u00fcc\u00fcn\u00fc hesaplad\u0131<\/strong><\/p>\n\n\n\n<p>Gitti\u011fi her yerde vatanda\u015flar\u0131n ya\u015fad\u0131\u011f\u0131 ekonomik s\u0131k\u0131nt\u0131lar\u0131 bir bir anlatt\u0131\u011f\u0131n\u0131 s\u00f6yleyen \u00d6zel, meydan ve sokaklarda bunu anlatmaya devam edece\u011fini kaydetti. Mersin&#8217;in me\u015fhur yeme\u011fi olan tantunisi \u00fczerinden de al\u0131m g\u00fcc\u00fc hesab\u0131n\u0131 payla\u015fan \u00d6zel,&nbsp;<strong>&#8220;Tantuni ge\u00e7en sene 110 lirayd\u0131. Bu sene ise 240 lira oldu. Ge\u00e7en sene asgari \u00fccrete 155 tantuni al\u0131n\u0131yordu, bu sene ise 92&#8217;ye d\u00fc\u015fm\u00fc\u015f&#8221;<\/strong>&nbsp;dedi.<\/p>\n\n\n\n<p><strong>&#8220;\u0130ktidar emekliye bulamad\u0131\u011f\u0131 paran\u0131n 10 kat\u0131n\u0131 kendi m\u00fcteahhitlerine buluyor&#8221;<\/strong><\/p>\n\n\n\n<p>Emeklilere ve asgari \u00fccretlilere en d\u00fc\u015f\u00fck 30-35 bin TL maa\u015f verilmesi, \u00e7ift\u00e7inin ise iktidar taraf\u0131ndan gerekti\u011fi kadar desteklenmedi\u011fini s\u00f6yleyen \u00d6zel,&nbsp;<strong>&#8220;Ge\u00e7en sene b\u00fcy\u00fck \u015firketlerin, 5&#8217;li \u00e7etelerin, 40 haramilerin tam 660 milyar TL \u00f6demesi gereken kurumlar vergisinden vazge\u00e7ti. Emekliye bulamad\u0131\u011f\u0131 66 milyar TL paran\u0131n 10 kat\u0131n\u0131 kendi m\u00fcteahhitlerine buluyor. Ama emekliye verecek 100 milyar\u0131, asgari \u00fccreti 30 bin lira yapmak i\u00e7in gerekli 250 milyar\u0131 bulam\u0131yor. Onun i\u00e7in b\u00fct\u00fcn Mersinlilere ve b\u00fct\u00fcn vatanda\u015flar\u0131m\u0131za s\u00f6yl\u00fcyorum; para var, yok de\u011fil ama siyaset tercih belirleme i\u015fi, onun tercihi zenginden yana&#8221;<\/strong>&nbsp;dedi.<\/p>\n\n\n\n<p>Halk\u0131, emekliyi ve asgari \u00fccretliyi koruyacak ki\u015filerin iktidara gelmesi gerekti\u011fini s\u00f6yleyen \u00d6zel,&nbsp;<strong>&#8220;250 milyar verir, asgari \u00fccret 30 bin olur. 100 milyar verir, her emekliye asgari \u00fccret vermi\u015f olur. 400 milyar verir b\u00fct\u00fcn \u00e7ift\u00e7ilerin cebinden \u00e7al\u0131nan\u0131 yerine koyar, toplam\u0131 700 milyar yapar. Bunun 40 ki\u015fiye verdi\u011fi para bu memleketteki herkesin sorununu \u00e7\u00f6zer&#8221;<\/strong>&nbsp;diye konu\u015ftu.<\/p>\n\n\n\n<p><strong>&#8220;T\u00fcrkiye \u0130ttifak\u0131 k\u0131rm\u0131z\u0131 kart\u0131 \u00e7ekecek, halk\u0131n iktidar\u0131n\u0131 kuracakt\u0131r&#8221;<\/strong><\/p>\n\n\n\n<p>Alan\u0131 dolduran binlerce Mersinliye&nbsp;<strong>&#8220;Bu iktidar\u0131n yapt\u0131klar\u0131ndan memnun musunuz? Ge\u00e7im var m\u0131?&#8221;&nbsp;<\/strong>diye soran \u00d6zel,&nbsp;<strong>&#8220;Ge\u00e7im yoksa se\u00e7im var. Se\u00e7imi getirene kadar Erdo\u011fan&#8217;a k\u0131rm\u0131z\u0131 kart\u0131 g\u00f6steriyoruz. G\u00f6rd\u00fc\u011f\u00fcn\u00fcz yerde ona k\u0131rm\u0131z\u0131 kart\u0131 g\u00f6sterin. B\u0131kt\u0131k art\u0131k sizden, gidiyorsunuz; halk\u0131n iktidar\u0131 geliyor. K\u0131rm\u0131z\u0131 kart\u0131 elinizden, cebinizden eksik etmeyin. Bu kart T\u00fcrkiye \u0130ttifak\u0131&#8217;n\u0131n bayra\u011f\u0131, halk\u0131n iktidar\u0131n\u0131n m\u00fcjdeleyicisidir&#8221;&nbsp;<\/strong>diyerek, konu\u015fmas\u0131n\u0131 sona erdirdi.<\/p>\n\n\n\n<p><strong>Ba\u015fkan Se\u00e7er: &#8220;Mersin; T\u00fcrkiye&#8217;ye birlikte ya\u015fama ve bar\u0131\u015f dersi veren bir kenttir&#8221;<\/strong><\/p>\n\n\n\n<p>Karde\u015fli\u011fin, bar\u0131\u015f\u0131n, huzurun kenti Mersin&#8217;de Genel Ba\u015fkan \u00d6zel&#8217;i a\u011f\u0131rlamaktan gurur duydu\u011funu s\u00f6yleyerek konu\u015fmas\u0131na ba\u015flayan Ba\u015fkan Se\u00e7er,&nbsp;<strong>&#8220;2019 y\u0131l\u0131ndan beri Mersin&#8217;de ya\u015fayan her bireyi ailemizin bir bireyi olarak g\u00f6rd\u00fck. Biz 6 y\u0131ld\u0131r Mersin&#8217;le dertlendik, mutlu olduk ve \u00fcz\u00fcld\u00fck. Mersinli olmaktan gurur duyduk, gurur da duyuyoruz&#8221;<\/strong>&nbsp;dedi. Mersin&#8217;in T\u00fcrkiye&#8217;nin bir iz d\u00fc\u015f\u00fcm\u00fc oldu\u011funu vurgulayan Se\u00e7er,&nbsp;<strong>&#8220;Mersin bir renk c\u00fcmb\u00fc\u015f\u00fcd\u00fcr. Mersin; k\u00fclt\u00fcrlerin bir arada bulundu\u011fu ve karde\u015f\u00e7e ya\u015fad\u0131\u011f\u0131 bir kenttir. Mersin; T\u00fcrkiye&#8217;ye huzur, mutluluk, birlikte ya\u015fama ve bar\u0131\u015f dersi veren bir kenttir&#8221;<\/strong>&nbsp;diye konu\u015ftu.<\/p>\n\n\n\n<p><strong>&#8220;Biz do\u011fru yolda oldu\u011fumuzu biliyorduk&#8221;<\/strong><\/p>\n\n\n\n<p>Mersin&#8217;e hizmet etmeye devam edeceklerinin alt\u0131n\u0131 \u00e7izen Se\u00e7er,&nbsp;&nbsp;Mersin&#8217;in 6. s\u0131rada vergi \u00f6deyen bir kent olmas\u0131na ra\u011fmen genel b\u00fct\u00e7eden ald\u0131\u011f\u0131 pay\u0131n az oldu\u011funa vurgu yapt\u0131. T\u00fcm engellemelere ra\u011fmen yurtta\u015flar\u0131n yan\u0131nda olmaya devam edeceklerine dikkat \u00e7eken Se\u00e7er ,&nbsp;<strong>&#8220;Biz 2019 y\u0131l\u0131nda bu ger\u00e7ekle g\u00f6reve ba\u015flad\u0131k ve kafam\u0131z\u0131 kuma g\u00f6mmedik&#8221;&nbsp;<\/strong>dedi.&nbsp;Yap\u0131lan sosyal yard\u0131mlar\u0131 dahi ele\u015ftirenlerin oldu\u011funu belirten Se\u00e7er,&nbsp;<strong>&#8220;Biz do\u011fru yolda oldu\u011fumuzu biliyorduk. 31 Mart 2024&#8217;te Anamur&#8217;dan Tarsus&#8217;a, \u00c7aml\u0131yayla&#8217;dan Mut&#8217;a kadar her kesim, her k\u00fclt\u00fcr ve etnik grup bize destek oldu. T\u00fcrkiye rekoru Mersin&#8217;den \u00e7\u0131kt\u0131&#8221;&nbsp;<\/strong>\u015feklinde konu\u015ftu.<\/p>\n\n\n\n<p>Belediyecili\u011fin yol, imar rant\u0131, bina ve konser yapmaktan ibaret olmad\u0131\u011f\u0131n\u0131 kaydeden Se\u00e7er,&nbsp;<strong>&#8220;Belediye ba\u015fkanl\u0131\u011f\u0131 insanlar\u0131n ac\u0131s\u0131n\u0131 dindirmektir, karn\u0131n\u0131 doyurmakt\u0131r, vatanda\u015f\u0131n\u0131n yan\u0131nda durmakt\u0131r; karde\u015f, anne, baba olmakt\u0131r. Biz de bunu yap\u0131yoruz, farkl\u0131 bir \u015fey yapm\u0131yoruz&#8221;<\/strong>&nbsp;dedi. E\u011fitim alan\u0131nda verdikleri hizmetleri de anlatan Se\u00e7er,&nbsp;<strong>&#8220;Mahallelere kadar e\u011fitim merkezi a\u00e7t\u0131k.&nbsp;<em>&#8216;Hayatta en hakiki m\u00fcr\u015fit ilimdir.&#8217;&nbsp;<\/em>\u0130limin pe\u015finden gidece\u011fiz. Biz Atat\u00fcrk&#8217;\u00fcn yolundan gidiyoruz&#8221;<\/strong>&nbsp;ifadelerini kulland\u0131.<\/p>\n\n\n\n<p><strong>&#8220;Hayat\u0131n her an\u0131nda yurtta\u015flar\u0131m\u0131z\u0131n yan\u0131nda duruyoruz&#8221;<\/strong><\/p>\n\n\n\n<p>B\u00fcy\u00fck\u015fehir&#8217;in hayat\u0131n her an\u0131nda, her ya\u015fa ve kesime uygun hizmetleri hayata ge\u00e7irdi\u011fini s\u00f6yleyen Se\u00e7er,&nbsp;<strong>&#8220;\u0130lkokuldaki \u00e7ocuklar\u0131m\u0131za s\u00fct, ya\u015f alm\u0131\u015f yurtta\u015flar\u0131m\u0131za evde sa\u011fl\u0131k ve bak\u0131m hizmeti, \u00e7ift\u00e7i ve \u00fcreticilerimize, kad\u0131nlara tar\u0131msal destekler veriyor, engelli yurtta\u015flar\u0131m\u0131za sahip \u00e7\u0131k\u0131yoruz. Do\u011fumdan \u00f6l\u00fcme kadar vatanda\u015f\u0131m\u0131z\u0131n yan\u0131nda duruyoruz&#8221;<\/strong>&nbsp;ifadelerini kulland\u0131.<\/p>\n\n\n\n<p><strong>&#8220;Bizler, Mersin&#8217;le yat\u0131p Mersin&#8217;le kalk\u0131yoruz&#8221;<\/strong><\/p>\n\n\n\n<p>2024 yerel se\u00e7imlerinde sand\u0131\u011fa giden se\u00e7menin kulland\u0131\u011f\u0131 oy tutumunun 2019&#8217;dakinden \u00e7ok farkl\u0131 oldu\u011funa de\u011finen Se\u00e7er,&nbsp;<strong>&#8220;Vatanda\u015flar\u0131m\u0131z\u0131n \u00f6nyarg\u0131s\u0131n\u0131 tuzla buz ettik. \u015eimdi;&nbsp;<em>&#8216;CHP belediyecili\u011fi<\/em>&nbsp;<em>adaletli, ayr\u0131m yapmayan, i\u015fini en iyi yapan, israftan ka\u00e7\u0131nan, vatanda\u015f\u0131n kalbine giren belediyeciliktir&#8217;<\/em>&nbsp;diyerek oy veriyorlar. Bizler, Mersin&#8217;le yat\u0131p Mersin&#8217;le kalk\u0131yoruz. \u00c7al\u0131\u015fmalar\u0131m\u0131za bu \u015fekilde devam edece\u011fiz&#8221;<\/strong>&nbsp;dedi.<\/p>\n\n\n\n<p><strong>&#8220;Mali disiplini yerinde olan bir belediyeyiz&#8221;<\/strong><\/p>\n\n\n\n<p>Toplumun b\u00fcy\u00fck bir kesiminin yoksullu\u011fu derinden hissetti\u011fini kaydeden Se\u00e7er, CHP&#8217;li belediyelerin hayata ge\u00e7irdi\u011fi hizmetlerle halk\u0131n yan\u0131nda olduklar\u0131n\u0131 ve hizmetlerini s\u00fcrd\u00fcrmeye de devam edeceklerini vurgulad\u0131.&nbsp;&nbsp;SGK ve vergi bor\u00e7lar\u0131 hakk\u0131nda konu\u015fan Se\u00e7er,<strong>&nbsp;&#8220;<\/strong><strong>Kamu bankalar\u0131 kap\u0131 duvar oldu. Belediyelere destek oldu da biz borcumuzu g\u00fcn\u00fcnde mi \u00f6demedik? Biz her \u015feye ra\u011fmen bunlar\u0131n \u015fik\u00e2yetini yapmad\u0131k. Her zaman&nbsp;<em>&#8216;g\u00fc\u00e7l\u00fc belediyeyiz&#8217;<\/em>&nbsp;dedik. Merkezi h\u00fck\u00fcmetten biz de hakk\u0131m\u0131z\u0131 alaca\u011f\u0131z ama belediye olarak da bu g\u00fcc\u00fcm\u00fcz\u00fc iyi kullanaca\u011f\u0131z.<\/strong>&nbsp;<strong>Belediyenin mali disiplini yerinde&#8221;<\/strong>&nbsp;diye konu\u015ftu.<\/p>\n\n\n\n<p>Altyap\u0131 yat\u0131r\u0131mlar\u0131na h\u0131z kesmeden devam edeceklerini belirten Se\u00e7er, planlanan pek \u00e7ok projenin bir bir hayat bulaca\u011f\u0131n\u0131 s\u00f6yleyerek,&nbsp;<strong>&#8220;Ye\u015filovac\u0131k&#8217;tan Yenice&#8217;ye kadar altyap\u0131 yat\u0131r\u0131mlar\u0131m\u0131zla ilgili 84 milyon Euro&#8217;luk projenin kredisini bulduk. Avrupa bankalar\u0131ndan IBRD&#8217;den, IFC&#8217;den, AFD&#8217;den hepsini temin ettik. \u015eimdi Cumhurba\u015fkanl\u0131\u011f\u0131 Strateji ve B\u00fct\u00e7e Ba\u015fkanl\u0131\u011f\u0131&#8217;nda onay bekliyor. Yat\u0131r\u0131m program\u0131na al\u0131nmas\u0131n\u0131 bekliyoruz&#8221;<\/strong>&nbsp;dedi.<\/p>\n\n\n\n<p>Mersinlilerin Metro projesini bekledi\u011fini de s\u00f6yleyen Se\u00e7er, projenin bor\u00e7lanma iznini alamad\u0131klar\u0131n\u0131 belirterek,&nbsp;<strong>&#8220;\u015eu anda yakla\u015f\u0131k 850 milyon Euro&#8217;luk bir proje. T\u00fcrkiye&#8217;nin bug\u00fcn i\u00e7inden ge\u00e7ti\u011fi ekonomik s\u0131k\u0131nt\u0131 i\u00e7erisinde Hazine ve Maliye Bakanl\u0131\u011f\u0131&#8217;n\u0131n bize bor\u00e7lanma izni vermekten imtina etti\u011fi bir proje. Bor\u00e7lanma izni alam\u0131yoruz. Bor\u00e7lanma izni alamad\u0131\u011f\u0131m\u0131z s\u00fcrece de Metro&#8217;yu yeterince h\u0131zl\u0131 in\u015fa edemeyiz. \u015eu anda en son talebimiz olan bor\u00e7lanma izni Hazine ve Maliye Bakanl\u0131\u011f\u0131&#8217;n\u0131n \u00f6n\u00fcnde bekliyor&#8221;<\/strong>&nbsp;diyerek projenin hangi a\u015famada oldu\u011funu dile getirdi.<\/p>\n\n\n\n<p>Yetkililere seslenen Se\u00e7er, Mersinlerin Metro Projesi&#8217;ni Strateji ve B\u00fct\u00e7e Ba\u015fkanl\u0131\u011f\u0131&#8217;nda yat\u0131r\u0131m program\u0131na al\u0131nmas\u0131n\u0131 beklediklerinden s\u00f6z ederek,&nbsp;<strong>&#8220;Belediyemizin mali tablosu o projelerin yat\u0131r\u0131m program\u0131na al\u0131nmas\u0131na uygundur, teknik bir s\u0131k\u0131nt\u0131 yoktur. Siyasi bir m\u00fclahazayla ve de\u011ferlendirmeyle imza atmaktan imtina ederlerse; ki \u00f6yle yapacaklar\u0131n\u0131 d\u00fc\u015f\u00fcnmek dahi istemiyorum; Mersin&#8217;e \u00e7ok b\u00fcy\u00fck k\u00f6t\u00fcl\u00fck yaparlar&#8221;&nbsp;<\/strong>diye konu\u015ftu.<\/p>\n\n\n\n<p><strong>&#8220;Mersin&#8217;de rayl\u0131 sistemler d\u00f6nemini Metro ile ba\u015flatt\u0131k&#8221;<\/strong><\/p>\n\n\n\n<p>Mersin&#8217;de rayl\u0131 sistemler d\u00f6nemini Metro ile ba\u015flatt\u0131klar\u0131n\u0131 vurgulayan Se\u00e7er,<strong>&nbsp;&#8220;13,5 kilometrelik proje ile ba\u015flatt\u0131k ama bu arada da bo\u015f durmad\u0131k. 2019&#8217;dan bu yana, 2&#8217;si Mersin merkezde, 1 tanesi Tarsus&#8217;ta olmak \u00fczere 3 ayr\u0131 rayl\u0131 sistemin projesini haz\u0131rlatt\u0131k, kredisi bulundu. Ula\u015ft\u0131rma Bakanl\u0131\u011f\u0131 Altyap\u0131 Genel M\u00fcd\u00fcrl\u00fc\u011f\u00fc&#8217;nden izni al\u0131nd\u0131 ve Strateji ve B\u00fct\u00e7e Ba\u015fkanl\u0131\u011f\u0131&#8217;nda onay bekliyor. Yat\u0131r\u0131m program\u0131na al\u0131nd\u0131\u011f\u0131 an, Eski Otogar-\u015eehir Hastanesi-Yeni Otogar 10,5 kilometrelik tramvay in\u015faat\u0131na ba\u015flayaca\u011f\u0131z ve 2 y\u0131lda da bitirece\u011fiz&#8221;&nbsp;<\/strong>dedi.<\/p>\n\n\n\n<p><strong>&#8220;Mersin B\u00fcy\u00fck\u015fehir Belediyesi ne yaparsa en kalitelisini, en h\u0131zl\u0131 \u015fekilde yapar&#8221;<\/strong><\/p>\n\n\n\n<p>A\u00e7\u0131l\u0131\u015f\u0131 yap\u0131lan 6 tesis hakk\u0131nda da bilgi veren Se\u00e7er, bu tesislerin bir \u00e7o\u011funun \u00e7ocuklar\u0131 ilgilendirdi\u011finden s\u00f6z etti. Se\u00e7er,&nbsp;<strong>&#8220;Bir tanesi; Toroslar Spor Park ve \u00c7ocuk Geli\u015fim Merkezi. Burada havuz, \u00e7ocuk geli\u015fim merkezi, Survivor Parkuru ve a\u00e7\u0131k \u00e7ocuk oyun alanlar\u0131 var. Bu b\u00f6lgenin ihtiyac\u0131 olan bir yat\u0131r\u0131md\u0131. Toroslar il\u00e7emize hay\u0131rl\u0131, u\u011furlu olsun. Yine Toroslar Kurdali Sosyal Ya\u015fam Merkezi ve \u00c7ocuk Geli\u015fim Merkezi&#8217;nin a\u00e7\u0131l\u0131\u015f\u0131n\u0131 yap\u0131yoruz. Her 2&#8217;sinin de temelini 10 ay \u00f6nce att\u0131k. Mersin B\u00fcy\u00fck\u015fehir Belediyesi ne yaparsa en kalitelisini, en h\u0131zl\u0131 \u015fekilde yapar. Burada da spor salonumuz, taziye evimiz, kurs merkezlerimiz ve \u00e7ocuk geli\u015fim merkezimiz olacak&#8221;&nbsp;<\/strong>ifadelerine yer verdi. A\u00e7\u0131l\u0131\u015f\u0131 yap\u0131lan Tarsus Aratos Matematik Evi&#8217;nin de \u00e7ocuklar i\u00e7in oldu\u011funu kaydeden Se\u00e7er,&nbsp;<strong>&#8220;Bu yeni konsept ve \u00e7ok g\u00fczel bir \u00e7al\u0131\u015fma. Bunu Mersin merkeze ve di\u011fer il\u00e7elere de a\u00e7aca\u011f\u0131z. \u00c7iftlikk\u00f6y Nept\u00fcn \u0130pek Y\u0131lmaz Okuma Salonu ve G\u00fcvenevler Okuma Salonu \u00e7ocuklar\u0131m\u0131z\u0131n hizmetine girecek. Mezitli \u00c7ocuk Kamp\u00fcs\u00fc&#8217;nde de; \u00e7ocuk geli\u015fim merkezi, tiyatro ve g\u00f6steri salonu, \u00e7ocuk k\u00fct\u00fcphanesi, a\u00e7\u0131k \u00e7ocuk oyun alanlar\u0131 ve Survivor parkuru yer alacak. Cocuklar\u0131n hayal g\u00fcc\u00fcn\u00fc besleyecek, onlara modern bir \u00f6\u011frenme ve e\u011flenme alan\u0131 sunacak. Her kesime, herkese, her ya\u015ftan her hem\u015fehrimize hizmetlerimiz durmadan, artarak devam edecek&#8221;&nbsp;<\/strong>diye belirtti.<\/p>\n\n\n\n<p><strong>&#8220;13. Cumhurba\u015fkan\u0131 CHP&#8217;nin g\u00f6sterdi\u011fi aday olacak&#8221;<\/strong><\/p>\n\n\n\n<p>CHP&#8217;li olmaktan gurur duydu\u011funu ancak hi\u00e7bir siyasi d\u00fc\u015f\u00fcnceden insan\u0131 ay\u0131rmadan hizmet ettiklerini ve Mersin&#8217;de adaletsizli\u011fe yer olmad\u0131\u011f\u0131n\u0131 vurgulayan Se\u00e7er,&nbsp;<strong>&#8220;Hep adaletsizlikten \u015fikayet ettik. Biz adalet da\u011f\u0131taca\u011f\u0131z, herkesi kucaklayaca\u011f\u0131z. Ben inan\u0131yorum; iyilik, g\u00fczellik, adalet ve karde\u015flik kazanacak. Bundan en k\u00fc\u00e7\u00fck bir \u015f\u00fcphem yok&#8221;&nbsp;<\/strong>dedi. \u00d6n\u00fcm\u00fczdeki Cumhurba\u015fkanl\u0131\u011f\u0131 se\u00e7imlerinde, CHP&#8217;nin Cumhurba\u015fkan\u0131 aday\u0131n\u0131n kazanaca\u011f\u0131n\u0131 kaydeden Se\u00e7er,&nbsp;<strong>&#8220;13. Cumhurba\u015fkan\u0131 CHP&#8217;nin g\u00f6sterdi\u011fi aday olacak. \u00d6n\u00fcm\u00fczdeki se\u00e7imlerde CHP nas\u0131l 2024 se\u00e7imlerinde birinci parti olduysa, a\u00e7\u0131k ara farkla, hepimizin, t\u00fcm belediyelerin gayretleriyle, Say\u0131n Genel Ba\u015fkan\u0131m\u0131zdan t\u00fcm y\u00f6neticilerimizin, milletvekillerimizin, bu partiye g\u00f6n\u00fcl veren herkesin deste\u011fiyle de T\u00fcrkiye&#8217;de iktidar olacak. Buna can\u0131 y\u00fcrekten inan\u0131yorum&#8221;&nbsp;<\/strong>dedi.<\/p>\n\n\n\n<p>Konu\u015fmalar\u0131n ard\u0131ndan Ba\u015fkan Se\u00e7er, Genel Ba\u015fkan \u00d6zel ve protokol \u00fcyeleri taraf\u0131ndan kurdele kesimi yap\u0131ld\u0131 ve 6 merkezin toplu a\u00e7\u0131l\u0131\u015f\u0131 ger\u00e7ekle\u015fti. Kurdele kesiminin ard\u0131ndan, a\u00e7\u0131l\u0131\u015f\u0131n ger\u00e7ekle\u015ftirildi\u011fi Toroslar Spor Park ve \u00c7ocuk Geli\u015fim Merkezi gezildi ve \u00e7ocuklarla toplu foto\u011fraf \u00e7ekiminin ard\u0131ndan a\u00e7\u0131l\u0131\u015f program\u0131 sona erdi.<\/p>\n\n\n\n<p><strong>Mersinliler B\u00fcy\u00fck\u015fehir&#8217;in hizmetlerinden memnun<\/strong><\/p>\n\n\n\n<p>A\u00e7\u0131l\u0131\u015fa kat\u0131lan vatanda\u015flardan Hayri Mungan, Mersin B\u00fcy\u00fck\u015fehir&#8217;in hizmetlerini de\u011ferlendirerek;&nbsp;<strong>&#8220;Vahap Ba\u015fkan&#8217;\u0131n ge\u00e7ti\u011fimiz d\u00f6nemden beri b\u00fct\u00fcn insanlara dokunan hizmetleri oldu. Burada a\u00e7\u0131l\u0131\u015f\u0131 yap\u0131lan merkez de onlardan bir tanesi. B\u00f6lge halk\u0131n\u0131n, \u00e7ocuklar\u0131n\u0131n, insanlar\u0131n\u0131n geli\u015fimine faydal\u0131 olacak. Onlar\u0131n sosyal ve k\u00fclt\u00fcrel y\u00f6nden daha ileri bir seviyeye ula\u015fmas\u0131na katk\u0131 sa\u011flayaca\u011f\u0131na inan\u0131yorum. Mersin&#8217;in vizyonu de\u011fi\u015fiyor&#8221;<\/strong>&nbsp;diye konu\u015ftu.<\/p>\n\n\n\n<p><strong>&#8220;25 y\u0131ld\u0131r Mersin&#8217;de yap\u0131lmayan hizmeti 6 y\u0131ld\u0131r Vahap Se\u00e7er yap\u0131yor&#8221;<\/strong><\/p>\n\n\n\n<p>25 y\u0131ld\u0131r Mersin&#8217;de ya\u015fayan ve \u00f6nceki d\u00f6nemlerde b\u00f6yle hizmetler g\u00f6rmedi\u011fini s\u00f6yleyen vatanda\u015f Muammer Yapca,&nbsp;<strong>&#8220;25 y\u0131ld\u0131r Mersin&#8217;e yap\u0131lmayan hizmeti, Vahap Se\u00e7er son 6 y\u0131lda yap\u0131yor. Daha \u00f6nce yapt\u0131klar\u0131 bundan sonra yapacaklar\u0131n\u0131n teminat\u0131d\u0131r. Belediye Ba\u015fkan\u0131 se\u00e7imden sonra herkesin belediye ba\u015fkan\u0131 olmal\u0131, Vahap Se\u00e7er bunu yap\u0131yor. Bunu yapt\u0131\u011f\u0131 i\u00e7in de oylar\u0131n\u0131 art\u0131rarak tekrar se\u00e7ildi&#8221;<\/strong>&nbsp;ifadelerini kulland\u0131.<\/p>\n\n\n\n<p><strong>At\u00e7\u0131: &#8220;Hizmetlerden \u00e7ok memnunuz&#8221;<\/strong><\/p>\n\n\n\n<p>A\u00e7\u0131l\u0131\u015fa Mezitli&#8217;den kat\u0131lan vatanda\u015flardan Zeynep At\u00e7\u0131, Mersin B\u00fcy\u00fck\u015fehir&#8217;in sosyal belediyecilik anlay\u0131\u015f\u0131yla \u00e7al\u0131\u015ft\u0131\u011f\u0131n\u0131 belirterek,&nbsp;<strong>&#8220;Sosyal belediyecilik yap\u0131yorlar. Belediyemizi be\u011feniyoruz, iyi \u00e7al\u0131\u015f\u0131yor ve \u00e7ok memnunuz. \u00c7ocuk Geli\u015fim Merkezleri var, \u00e7ocuklar gidiyor ve anneler de memnun. \u0130ktidar\u0131 kazanmalar\u0131n\u0131 istiyoruz&#8221;<\/strong>&nbsp;dedi.<\/p>\n\n\n\n<p><strong>Genel Ba\u015fkan \u00d6zel ve Ba\u015fkan Se\u00e7er&#8217;den il\u00e7e belediyelerine ziyaret<\/strong><\/p>\n\n\n\n<p>Genel Ba\u015fkan \u00d6zel ve Ba\u015fkan Se\u00e7er Toplu A\u00e7\u0131l\u0131\u015f T\u00f6reni&#8217;nin ard\u0131ndan ise Yeni\u015fehir, Toroslar ve Mezitli Belediyelerine ziyarette bulunarak; Yeni\u015fehir Belediye Ba\u015fkan\u0131 Abdullah \u00d6zyi\u011fit, Toroslar Belediye Ba\u015fkan\u0131 Abdurahman Y\u0131ld\u0131z ve Mezitli Belediye Ba\u015fkan\u0131 Ahmet Serkan Tuncer ile bir araya geldi.<br><\/p>\n","protected":false},"excerpt":{"rendered":"<p>Mersin B\u00fcy\u00fck\u015fehir Belediyesi taraf\u0131ndan kentte ya\u015fayan vatanda\u015flar i\u00e7in sosyal, e\u011fitimsel ve sportif olanaklar\u0131 art\u0131rmay\u0131 hedefleyen \u00f6nemli projelerin toplu a\u00e7\u0131l\u0131\u015f\u0131 ger\u00e7ekle\u015ftirildi. 6 tesisin Toplu A\u00e7\u0131l\u0131\u015f T\u00f6reni; Mersin B\u00fcy\u00fck\u015fehir Belediye Ba\u015fkan\u0131 Vahap Se\u00e7er ve Cumhuriyet Halk Partisi (CHP) Genel Ba\u015fkan\u0131 \u00d6zg\u00fcr \u00d6zel&#8217;in kat\u0131l\u0131m\u0131yla ger\u00e7ekle\u015firken, Mersin halk\u0131 da a\u00e7\u0131l\u0131\u015flara yo\u011fun ilgi g\u00f6sterdi. Toplu A\u00e7\u0131l\u0131\u015f T\u00f6reni&#8217;nde; Adana B\u00fcy\u00fck\u015fehir Belediye [&hellip;]<\/p>\n","protected":false},"author":2,"featured_media":38594,"comment_status":"closed","ping_status":"closed","sticky":false,"template":"","format":"standard","meta":{"footnotes":""},"categories":[8,34,1,2,3,5],"tags":[],"class_list":["post-38593","post","type-post","status-publish","format-standard","has-post-thumbnail","hentry","category-ekonomi","category-flas-haber","category-genel","category-gundem","category-manset","category-mersin"],"views":7,"_links":{"self":[{"href":"https:\/\/mersinkadingazetesi.com\/index.php?rest_route=\/wp\/v2\/posts\/38593"}],"collection":[{"href":"https:\/\/mersinkadingazetesi.com\/index.php?rest_route=\/wp\/v2\/posts"}],"about":[{"href":"https:\/\/mersinkadingazetesi.com\/index.php?rest_route=\/wp\/v2\/types\/post"}],"author":[{"embeddable":true,"href":"https:\/\/mersinkadingazetesi.com\/index.php?rest_route=\/wp\/v2\/users\/2"}],"replies":[{"embeddable":true,"href":"https:\/\/mersinkadingazetesi.com\/index.php?rest_route=%2Fwp%2Fv2%2Fcomments&post=38593"}],"version-history":[{"count":1,"href":"https:\/\/mersinkadingazetesi.com\/index.php?rest_route=\/wp\/v2\/posts\/38593\/revisions"}],"predecessor-version":[{"id":38595,"href":"https:\/\/mersinkadingazetesi.com\/index.php?rest_route=\/wp\/v2\/posts\/38593\/revisions\/38595"}],"wp:featuredmedia":[{"embeddable":true,"href":"https:\/\/mersinkadingazetesi.com\/index.php?rest_route=\/wp\/v2\/media\/38594"}],"wp:attachment":[{"href":"https:\/\/mersinkadingazetesi.com\/index.php?rest_route=%2Fwp%2Fv2%2Fmedia&parent=38593"}],"wp:term":[{"taxonomy":"category","embeddable":true,"href":"https:\/\/mersinkadingazetesi.com\/index.php?rest_route=%2Fwp%2Fv2%2Fcategories&post=38593"},{"taxonomy":"post_tag","embeddable":true,"href":"https:\/\/mersinkadingazetesi.com\/index.php?rest_route=%2Fwp%2Fv2%2Ftags&post=38593"}],"curies":[{"name":"wp","href":"https:\/\/api.w.org\/{rel}","templated":true}]}}