{"id":38602,"date":"2025-01-10T09:40:07","date_gmt":"2025-01-10T06:40:07","guid":{"rendered":"https:\/\/mersinkadingazetesi.com\/?p=38602"},"modified":"2025-01-10T09:40:08","modified_gmt":"2025-01-10T06:40:08","slug":"baskan-boltactan-10-ocak-calisan-gazeteciler-gunu-mesaji","status":"publish","type":"post","link":"https:\/\/mersinkadingazetesi.com\/?p=38602","title":{"rendered":"BA\u015eKAN BOLTA\u00c7\u2019TAN 10 OCAK \u00c7ALI\u015eAN GAZETEC\u0130LER G\u00dcN\u00dc MESAJI"},"content":{"rendered":"\n<p>Tarsus Belediye Ba\u015fkan\u0131 Ali Bolta\u00e7, 10 Ocak \u00c7al\u0131\u015fan Gazeteciler G\u00fcn\u00fc nedeniyle kutlama mesaj\u0131 yay\u0131nlad\u0131.<\/p>\n\n\n\n<p><strong>Ba\u015fkan Bolta\u00e7, mesaj\u0131nda \u015fu ifadelere yer verdi:<\/strong><\/p>\n\n\n\n<p>\u201cGazetecilik; ger\u00e7e\u011fin pe\u015finde ko\u015fan, toplumun sesi olma g\u00f6revini \u00fcstlenen ve demokrasinin vazge\u00e7ilmez unsurlar\u0131ndan biri olan, onurlu bir meslektir. \u00c7al\u0131\u015fan gazeteciler, halk\u0131n haber alma hakk\u0131n\u0131 savunarak toplumsal \u015feffafl\u0131\u011f\u0131 ve \u00f6zg\u00fcrl\u00fc\u011f\u00fc koruma noktas\u0131nda b\u00fcy\u00fck bir \u00f6zveriyle emek verirler.<\/p>\n\n\n\n<p>Bir haberin sat\u0131r aralar\u0131na s\u0131\u011fmayan zahmeti, gece g\u00fcnd\u00fcz demeden s\u00fcren \u00e7abalar\u0131 ve ger\u00e7e\u011fi ula\u015ft\u0131rma m\u00fccadeleleri, toplumun ayd\u0131nl\u0131k yar\u0131nlar\u0131n\u0131n en \u00f6nemli yap\u0131 ta\u015flar\u0131n\u0131 olu\u015fturur. Do\u011fru bilgiye ula\u015fmak ve bunu payla\u015fmak i\u00e7in fedak\u00e2rca \u00e7al\u0131\u015fan gazeteciler, halk\u0131n g\u00f6z\u00fc, kula\u011f\u0131 ve vicdan\u0131d\u0131r.<\/p>\n\n\n\n<p>Kentimizin sesi olan t\u00fcm gazetecilere, mesleklerini onurlu bir \u015fekilde icra etme m\u00fccadelelerinde yerel y\u00f6netim olarak her zaman destek olmaktan gurur duyuyoruz. Gazetecilik mesle\u011finin itibar\u0131n\u0131 y\u00fckselten, halk\u0131n haber alma hakk\u0131n\u0131 koruyan ve bu sorumlulu\u011fu lay\u0131k\u0131yla ta\u015f\u0131yan t\u00fcm gazetecilerimizin 10 Ocak \u00c7al\u0131\u015fan Gazeteciler G\u00fcn\u00fc\u2019n\u00fc en i\u00e7ten dileklerimle kutluyorum.<\/p>\n\n\n\n<p>Unutulmamal\u0131d\u0131r ki g\u00fc\u00e7l\u00fc bas\u0131n, g\u00fc\u00e7l\u00fc bir toplumun temel ta\u015f\u0131d\u0131r.\u201d<\/p>\n","protected":false},"excerpt":{"rendered":"<p>Tarsus Belediye Ba\u015fkan\u0131 Ali Bolta\u00e7, 10 Ocak \u00c7al\u0131\u015fan Gazeteciler G\u00fcn\u00fc nedeniyle kutlama mesaj\u0131 yay\u0131nlad\u0131. Ba\u015fkan Bolta\u00e7, mesaj\u0131nda \u015fu ifadelere yer verdi: \u201cGazetecilik; ger\u00e7e\u011fin pe\u015finde ko\u015fan, toplumun sesi olma g\u00f6revini \u00fcstlenen ve demokrasinin vazge\u00e7ilmez unsurlar\u0131ndan biri olan, onurlu bir meslektir. \u00c7al\u0131\u015fan gazeteciler, halk\u0131n haber alma hakk\u0131n\u0131 savunarak toplumsal \u015feffafl\u0131\u011f\u0131 ve \u00f6zg\u00fcrl\u00fc\u011f\u00fc koruma noktas\u0131nda b\u00fcy\u00fck bir \u00f6zveriyle [&hellip;]<\/p>\n","protected":false},"author":2,"featured_media":38603,"comment_status":"closed","ping_status":"closed","sticky":false,"template":"","format":"standard","meta":{"footnotes":""},"categories":[3],"tags":[],"class_list":["post-38602","post","type-post","status-publish","format-standard","has-post-thumbnail","hentry","category-manset"],"views":3,"_links":{"self":[{"href":"https:\/\/mersinkadingazetesi.com\/index.php?rest_route=\/wp\/v2\/posts\/38602"}],"collection":[{"href":"https:\/\/mersinkadingazetesi.com\/index.php?rest_route=\/wp\/v2\/posts"}],"about":[{"href":"https:\/\/mersinkadingazetesi.com\/index.php?rest_route=\/wp\/v2\/types\/post"}],"author":[{"embeddable":true,"href":"https:\/\/mersinkadingazetesi.com\/index.php?rest_route=\/wp\/v2\/users\/2"}],"replies":[{"embeddable":true,"href":"https:\/\/mersinkadingazetesi.com\/index.php?rest_route=%2Fwp%2Fv2%2Fcomments&post=38602"}],"version-history":[{"count":1,"href":"https:\/\/mersinkadingazetesi.com\/index.php?rest_route=\/wp\/v2\/posts\/38602\/revisions"}],"predecessor-version":[{"id":38604,"href":"https:\/\/mersinkadingazetesi.com\/index.php?rest_route=\/wp\/v2\/posts\/38602\/revisions\/38604"}],"wp:featuredmedia":[{"embeddable":true,"href":"https:\/\/mersinkadingazetesi.com\/index.php?rest_route=\/wp\/v2\/media\/38603"}],"wp:attachment":[{"href":"https:\/\/mersinkadingazetesi.com\/index.php?rest_route=%2Fwp%2Fv2%2Fmedia&parent=38602"}],"wp:term":[{"taxonomy":"category","embeddable":true,"href":"https:\/\/mersinkadingazetesi.com\/index.php?rest_route=%2Fwp%2Fv2%2Fcategories&post=38602"},{"taxonomy":"post_tag","embeddable":true,"href":"https:\/\/mersinkadingazetesi.com\/index.php?rest_route=%2Fwp%2Fv2%2Ftags&post=38602"}],"curies":[{"name":"wp","href":"https:\/\/api.w.org\/{rel}","templated":true}]}}