{"id":38605,"date":"2025-01-10T09:41:57","date_gmt":"2025-01-10T06:41:57","guid":{"rendered":"https:\/\/mersinkadingazetesi.com\/?p=38605"},"modified":"2025-01-10T09:41:57","modified_gmt":"2025-01-10T06:41:57","slug":"mersinde-1-milyar-tlnin-uzerinde-ticari-isbirligi","status":"publish","type":"post","link":"https:\/\/mersinkadingazetesi.com\/?p=38605","title":{"rendered":"Mersin\u2019de 1 milyar TL\u2019nin \u00fczerinde ticari i\u015fbirli\u011fi"},"content":{"rendered":"\n<p>Mersin Ticaret ve Sanayi Odas\u0131 (MTSO) firmalar aras\u0131 ikili i\u015f g\u00f6r\u00fc\u015fmeleri f\u0131rsatlar\u0131n\u0131n geli\u015ftirilmesine ve yeni i\u015f ba\u011flant\u0131lar\u0131 kurulmas\u0131na katk\u0131 sa\u011flamak hedefiyle Oniki.net i\u015fbirli\u011finde b\u00f6lgesel kat\u0131l\u0131mla \u201cMTSO B2B Networking Etkinli\u011fi\u201d d\u00fczenledi. Yapay zek\u00e2 destekli B2B e\u015fle\u015ftirme teknolojisinin kullan\u0131ld\u0131\u011f\u0131 etkinlikte, kat\u0131l\u0131mc\u0131lar 6 dakikal\u0131k g\u00f6r\u00fc\u015fmelerle etkili \u015fekilde birbirini tan\u0131ma ve verimli temaslar kurma f\u0131rsat\u0131 buldu. T\u00fcrkiye\u2019de ilk kez b\u00f6lgesel olarak d\u00fczenlenen ikili i\u015f g\u00f6r\u00fc\u015fmesi organizasyonunda Mersin\u2019in yan\u0131 s\u0131ra Adana, Gaziantep, Osmaniye, Antakya, Kahramanmara\u015f, Kayserinin de aralar\u0131nda yer ald\u0131\u011f\u0131 17 ilin firmalar\u0131 bir araya geldi. T\u00fcm g\u00fcn devam eden etkinli\u011fe&nbsp;MTSO Y\u00f6netim Kurulu Ba\u015fkan\u0131 Hakan Sefa \u00c7ak\u0131r, Meclis Ba\u015fkan\u0131 Hamit \u0130zol ve MTSO Y\u00f6netim Kurulu \u00dcyelerinin yan\u0131 s\u0131ra Mersin Deniz Ticaret Odas\u0131, Mersin Ticaret Borsas\u0131, Adana Ticaret Odas\u0131, Adana Sanayi Odas\u0131, Kahramanmara\u015f Ticaret ve Sanayi Odas\u0131, \u0130skenderun Ticaret ve Sanayi Odas\u0131, Antakya Ticaret ve Sanayi Odas\u0131, Kozan Ticaret Odas\u0131, Kadirli Ticaret Borsas\u0131, D\u00f6rtyol Ticaret ve Sanayi Odas\u0131, Silifke, Erdemli, Mut ve Tarsus Ticaret ve Sanayi Odalar\u0131 Y\u00f6netim Kurulu Ba\u015fkanlar\u0131, Meclis Ba\u015fkanlar\u0131 ve Y\u00f6netim Kurulu \u00dcyeleri de kat\u0131larak destek verdi. Etkinlikte Yazar ve Ba\u015far\u0131 Uzman\u0131 M\u00fcmin Sekman, \u2018Her \u015fey seninle ba\u015flar\u2019 isimli sunumuyla kat\u0131l\u0131mc\u0131lara ba\u015far\u0131l\u0131 olabilmek i\u00e7in neler yapmalar\u0131 gerekti\u011fi konusunda ipu\u00e7lar\u0131 verirken Linkedin E\u011fitmen ve Dan\u0131\u015fman\u0131 Ahmet Mert Samur, Linkedin ile B2B i\u015f geli\u015ftirme f\u0131rsatlar\u0131n\u0131 anlatt\u0131. G\u00fcn boy devam eden etkinlik Yavuz Se\u00e7kin\u2019in \u2018Hangimiz Sen, Hangimiz Ben\u2019 isimli tek ki\u015filik g\u00f6sterisiyle renklendi.&nbsp;<br>Oniki Kurucu Orta\u011f\u0131 ve CEO\u2019su Ziya K\u0131z\u0131ltan\u2019\u0131n etkinlik hakk\u0131nda verdi\u011fi bilgiler sonras\u0131 ba\u015flayan ikili i\u015f g\u00f6r\u00fc\u015fmelerinde binin \u00fczerinde i\u015f insan\u0131 g\u00f6r\u00fc\u015fme f\u0131rsat\u0131 buldu.&nbsp;<br>Ayr\u0131ca fuaye alan\u0131nda kurum kurulu\u015f ve firmalar a\u00e7t\u0131klar\u0131 toplam 10 adet stant ile hizmet ve \u00fcr\u00fcnlerini kat\u0131l\u0131mc\u0131lara tan\u0131tt\u0131. Etkinlik, organizasyona en aktif kat\u0131l\u0131m g\u00f6steren 7 firma temsilcisine \u00e7e\u015fitli \u00f6d\u00fcller verilmesiyle son buldu.&nbsp;<\/p>\n\n\n\n<p><strong>\u00c7ak\u0131r: \u201cG\u00fcn bir araya gelme g\u00fcn\u00fcd\u00fcr\u201d<\/strong><br>Organizasyonun a\u00e7\u0131l\u0131\u015f\u0131nda konu\u015fan MTSO Y\u00f6netim Kurulu Ba\u015fkan\u0131 Hakan Sefa \u00c7ak\u0131r 1200 firmaya yak\u0131n kat\u0131l\u0131mla, T\u00fcrkiye\u2019nin en b\u00fcy\u00fck ikili i\u015f g\u00f6r\u00fc\u015fmesi etkinli\u011finin d\u00fczenlendi\u011fini bildirdi. \u201cG\u00fcn; bir araya gelme, i\u015f ili\u015fkilerimizi artt\u0131rma, \u00e7evremizi geni\u015fletme ve saflar\u0131 s\u0131kla\u015ft\u0131rma g\u00fcn\u00fcd\u00fcr\u201d diyen \u00c7ak\u0131r, k\u00fc\u00e7\u00fck olsun benim olsun mant\u0131\u011f\u0131yla hareket edenlerin art\u0131k kazanamayaca\u011f\u0131n\u0131 hat\u0131rlatt\u0131. Bug\u00fcn\u00fcn art\u0131k yeni i\u015f olanaklar\u0131yla tan\u0131\u015f\u0131p i\u015f potansiyelini art\u0131rma g\u00fcn\u00fc oldu\u011funu vurgulayan \u00c7ak\u0131r, \u015funlar\u0131 s\u00f6yledi:<br>\u201cBizler bu bereketli topraklarda ya\u015fayan, Anadolu\u2019nun \u015fansl\u0131 insanlar\u0131y\u0131z. \u00d6ncelikle Anadolu insan\u0131 olarak, bunun fark\u0131nda olmal\u0131y\u0131z. Her g\u00fczelli\u011fin bir bedeli olarak, co\u011frafyam\u0131zda zorluklar eksik olmuyor. Bu zorluklar, bizim g\u00fc\u00e7l\u00fc ve dinamik olmam\u0131z\u0131 sa\u011fl\u0131yor. Bug\u00fcn yapt\u0131\u011f\u0131m\u0131z gibi bir araya gelirsek, ileti\u015fim a\u011flar\u0131m\u0131z\u0131 daha \u00e7ok geni\u015fletip ili\u015fkilerimizi artt\u0131r\u0131rsak inan\u0131yoruz ki f\u0131rsatlarla dolu bu co\u011frafyam\u0131zda, kentimizde, b\u00f6lgemizde ve \u00fclkemizde, ekonomik olarak, \u00e7ok iyi yerlere gelebiliriz. Sekt\u00f6rlerimizde k\u00fcmelenerek, verimlili\u011fimizi ve g\u00fcc\u00fcm\u00fcz\u00fc artt\u0131rabiliriz. Birlikte i\u015f yapmas\u0131n\u0131 \u00f6\u011frenecek, birlikte payla\u015fmas\u0131n\u0131 bilece\u011fiz. Ben de\u011fil, biz diyece\u011fiz.\u201d<\/p>\n\n\n\n<p><strong>\u201cYeni sanayi stratejisine ihtiya\u00e7 var\u201d<\/strong><br>T\u00fcm bunlar\u0131 yaparken KOB\u0130\u2019lerin ba\u015fta finansal olarak g\u00fc\u00e7lendirilmesi gerekti\u011fine de de\u011finen \u00c7ak\u0131r, bir y\u0131l sonra y\u00fcr\u00fcrl\u00fc\u011fe girecek karbon vergisini hat\u0131rlatarak KOB\u0130\u2019lerin ye\u015fil ve teknolojik d\u00f6n\u00fc\u015f\u00fcme haz\u0131rlanmas\u0131 gerekti\u011fini s\u00f6yledi. Bu anlamda KOB\u0130\u2019ler i\u00e7in yeni bir sanayi stratejisine ihtiya\u00e7 oldu\u011funu kaydeden \u00c7ak\u0131r, \u201cKOB\u0130\u2019lerimiz olmadan sanayinin \u00e7arklar\u0131 d\u00f6nmez. Bu nedenle \u00fcreten, istihdam yaratan, ihracat yapan t\u00fcm KOB\u0130\u2019lerimiz, her bir giri\u015fimcimiz korunmas\u0131 gereken bir de\u011ferdir\u201d dedi.<\/p>\n\n\n\n<p><strong>\u201cHi\u00e7bir sorun sonsuza dek s\u00fcrmez\u201d<\/strong><br>Zaman\u0131 geldi\u011finde haz\u0131r olunmas\u0131 halinde hi\u00e7bir sorunun sonsuza dek s\u00fcrmeyece\u011fini kaydeden \u00c7ak\u0131r Suriye\u2019yi \u00f6rnek g\u00f6sterip sava\u015f nedeniyle b\u00f6lgede \u00e7ok say\u0131da Suriyelinin misafir edildi\u011fini hat\u0131rlatt\u0131. \u201cEkme\u011fimizi payla\u015ft\u0131k. Onlar bizim dilimizi i\u015f k\u00fclt\u00fcr\u00fcm\u00fcz\u00fc \u00f6\u011frendi. Yak\u0131n diyaloglar kurduk\u201d diyen \u00c7ak\u0131r, \u015fu anda Suriye\u2019nin yeniden yap\u0131lanma zaman\u0131 oldu\u011funu dile getirip, \u201cSuriyeli karde\u015flerimiz vatanlar\u0131na d\u00f6nd\u00fcklerinde inan\u0131yorum ki, b\u00f6lgemizle Suriye aras\u0131nda g\u00fc\u00e7l\u00fc k\u00f6pr\u00fcler olu\u015fturaca\u011f\u0131z. Bizler de, b\u00f6lge olarak buradaki yap\u0131lanmada Suriyeli karde\u015flerimizle birlikte aktif rol oynayaca\u011f\u0131z\u201d diye konu\u015ftu.&nbsp;<br>\u00d6nceli\u011fin b\u00f6lge firmalar\u0131 ve sekt\u00f6rler olarak do\u011fru stratejilerle ortak hareket etmeye verilmesi gerekti\u011fine de\u011finen \u00c7ak\u0131r, \u201c\u0130\u015fte bug\u00fcn ba\u015flatt\u0131\u011f\u0131m\u0131z, bu ikili i\u015f g\u00f6r\u00fc\u015fmeleri, bunlar\u0131n ba\u015flang\u0131c\u0131 olacakt\u0131r\u201d ifadelerini kulland\u0131. \u00c7ak\u0131r s\u00f6zlerini bu yeni nesil ikili i\u015f g\u00f6r\u00fc\u015fmelerini k\u0131sa s\u00fcrede ulusal ve uluslararas\u0131 platformlar\u0131 ta\u015f\u0131yacaklar\u0131n\u0131 belirterek tamamlad\u0131.&nbsp;<\/p>\n","protected":false},"excerpt":{"rendered":"<p>Mersin Ticaret ve Sanayi Odas\u0131 (MTSO) firmalar aras\u0131 ikili i\u015f g\u00f6r\u00fc\u015fmeleri f\u0131rsatlar\u0131n\u0131n geli\u015ftirilmesine ve yeni i\u015f ba\u011flant\u0131lar\u0131 kurulmas\u0131na katk\u0131 sa\u011flamak hedefiyle Oniki.net i\u015fbirli\u011finde b\u00f6lgesel kat\u0131l\u0131mla \u201cMTSO B2B Networking Etkinli\u011fi\u201d d\u00fczenledi. Yapay zek\u00e2 destekli B2B e\u015fle\u015ftirme teknolojisinin kullan\u0131ld\u0131\u011f\u0131 etkinlikte, kat\u0131l\u0131mc\u0131lar 6 dakikal\u0131k g\u00f6r\u00fc\u015fmelerle etkili \u015fekilde birbirini tan\u0131ma ve verimli temaslar kurma f\u0131rsat\u0131 buldu. T\u00fcrkiye\u2019de ilk kez [&hellip;]<\/p>\n","protected":false},"author":2,"featured_media":38606,"comment_status":"closed","ping_status":"closed","sticky":false,"template":"","format":"standard","meta":{"footnotes":""},"categories":[1,2,3],"tags":[],"class_list":["post-38605","post","type-post","status-publish","format-standard","has-post-thumbnail","hentry","category-genel","category-gundem","category-manset"],"views":8,"_links":{"self":[{"href":"https:\/\/mersinkadingazetesi.com\/index.php?rest_route=\/wp\/v2\/posts\/38605"}],"collection":[{"href":"https:\/\/mersinkadingazetesi.com\/index.php?rest_route=\/wp\/v2\/posts"}],"about":[{"href":"https:\/\/mersinkadingazetesi.com\/index.php?rest_route=\/wp\/v2\/types\/post"}],"author":[{"embeddable":true,"href":"https:\/\/mersinkadingazetesi.com\/index.php?rest_route=\/wp\/v2\/users\/2"}],"replies":[{"embeddable":true,"href":"https:\/\/mersinkadingazetesi.com\/index.php?rest_route=%2Fwp%2Fv2%2Fcomments&post=38605"}],"version-history":[{"count":1,"href":"https:\/\/mersinkadingazetesi.com\/index.php?rest_route=\/wp\/v2\/posts\/38605\/revisions"}],"predecessor-version":[{"id":38607,"href":"https:\/\/mersinkadingazetesi.com\/index.php?rest_route=\/wp\/v2\/posts\/38605\/revisions\/38607"}],"wp:featuredmedia":[{"embeddable":true,"href":"https:\/\/mersinkadingazetesi.com\/index.php?rest_route=\/wp\/v2\/media\/38606"}],"wp:attachment":[{"href":"https:\/\/mersinkadingazetesi.com\/index.php?rest_route=%2Fwp%2Fv2%2Fmedia&parent=38605"}],"wp:term":[{"taxonomy":"category","embeddable":true,"href":"https:\/\/mersinkadingazetesi.com\/index.php?rest_route=%2Fwp%2Fv2%2Fcategories&post=38605"},{"taxonomy":"post_tag","embeddable":true,"href":"https:\/\/mersinkadingazetesi.com\/index.php?rest_route=%2Fwp%2Fv2%2Ftags&post=38605"}],"curies":[{"name":"wp","href":"https:\/\/api.w.org\/{rel}","templated":true}]}}