{"id":38609,"date":"2025-01-10T11:31:43","date_gmt":"2025-01-10T08:31:43","guid":{"rendered":"https:\/\/mersinkadingazetesi.com\/?p=38609"},"modified":"2025-01-10T11:31:44","modified_gmt":"2025-01-10T08:31:44","slug":"chp-genel-baskani-ozgur-ozel-baskan-abdullah-ozyigiti-ziyaret-etti","status":"publish","type":"post","link":"https:\/\/mersinkadingazetesi.com\/?p=38609","title":{"rendered":"CHP Genel Ba\u015fkan\u0131 \u00d6zg\u00fcr \u00d6zel, Ba\u015fkan Abdullah \u00d6zyi\u011fit\u2019i ziyaret etti"},"content":{"rendered":"\n<p>Cumhuriyet Halk Partisi (CHP) Genel Ba\u015fkan\u0131 \u00d6zg\u00fcr \u00d6zel, Mersin Yeni\u015fehir Belediyesini ziyaret etti. \u00d6zel, ziyarette Yeni\u015fehir Belediye Ba\u015fkan\u0131 Abdullah \u00d6zyi\u011fit ve kendisini kar\u015f\u0131layan Yeni\u015fehir Belediyesi \u00e7al\u0131\u015fanlar\u0131yla bir araya geldi.<\/p>\n\n\n\n<p>Mersin B\u00fcy\u00fck\u015fehir Belediyesinin toplu a\u00e7\u0131l\u0131\u015f t\u00f6renine kat\u0131lmak \u00fczere Mersin\u2019e gelen CHP Genel Ba\u015fkan\u0131 \u00d6zg\u00fcr \u00d6zel, Yeni\u015fehir Belediye Ba\u015fkan\u0131 Abdullah \u00d6zyi\u011fit\u2019i ziyaret etti. Yeni\u015fehir Belediyesinde ger\u00e7ekle\u015fen ziyarette CHP Yerel Y\u00f6netimlerden Sorumlu Genel Ba\u015fkan Yard\u0131mc\u0131s\u0131 G\u00f6kan Zeybek, Halkla \u0130li\u015fkiler ve Medyayla \u0130li\u015fkilerden Sorumlu Genel Ba\u015fkan Yard\u0131mc\u0131s\u0131 Burhanettin Bulut, CHP Mersin \u0130l Ba\u015fkan\u0131 Koral \u00d6m\u00fcr, Mersin B\u00fcy\u00fck\u015fehir Belediye Ba\u015fkan\u0131 Vahap Se\u00e7er, Adana B\u00fcy\u00fck\u015fehir Belediye Ba\u015fkan\u0131 Zeydan Karalar, CHP Mersin Milletvekilleri G\u00fclcan K\u0131\u015f, Hasan Ufuk \u00c7ak\u0131r ve Talat Din\u00e7er ile CHP Kad\u0131n Kollar\u0131 Genel Ba\u015fkan\u0131 Asu Kaya, CHP Yeni\u015fehir \u0130l\u00e7e Ba\u015fkan\u0131 Toprak \u00c7al\u0131\u015fkan, il\u00e7e belediye ba\u015fkanlar\u0131, CHP il ve il\u00e7e y\u00f6neticileri, oda ba\u015fkanlar\u0131 ve meclis \u00fcyeleri yer ald\u0131. &nbsp;Yeni\u015fehir Belediye Ba\u015fkan\u0131 Abdullah \u00d6zyi\u011fit, ziyarette Genel Ba\u015fkan \u00d6zg\u00fcr \u00d6zel\u2019e 2019 y\u0131l\u0131ndan bu yana hayata ge\u00e7irdikleri \u00e7al\u0131\u015fmalarla ilgili bilgi vererek, \u00f6n\u00fcm\u00fczdeki s\u00fcre\u00e7te planlad\u0131klar\u0131 projeleri anlatt\u0131.<\/p>\n\n\n\n<p><strong>\u00d6zg\u00fcr \u00d6zel \u201c31 Mart g\u00fcn\u00fc Yeni\u015fehir\u2019de rekorun k\u0131r\u0131ld\u0131\u011f\u0131 bir gurur ak\u015fam\u0131n\u0131 hepimize birlikte ya\u015fatt\u0131n\u0131z.\u201d<\/strong><\/p>\n\n\n\n<p>Kendisini Yeni\u015fehir Belediyesi \u00f6n\u00fcnde kar\u015f\u0131layan personellere seslenen CHP Genel Ba\u015fkan\u0131 \u00d6zg\u00fcr \u00d6zel \u015funlar\u0131 s\u00f6yledi: <strong>\u201cDe\u011ferli Yeni\u015fehirliler, bug\u00fcn Mersin\u2019de ger\u00e7ekten \u00e7ok \u00f6zledi\u011fimiz, \u00e7ok bekledi\u011fimiz ve \u00e7ok hak etti\u011finiz, bir g\u00fcn\u00fc hep birlikte ya\u015fad\u0131k. \u00c7\u00fcnk\u00fc 2019\u2019da Mersin ger\u00e7ekten birilerinin elinde peri\u015fanken , 2019\u2019da&nbsp; Vahap Ba\u015fkan\u0131m\u0131z B\u00fcy\u00fck\u015fehir\u2019de , Abdullah Ba\u015fkan\u0131m\u0131z Yeni\u015fehir\u2019de g\u00f6revi devrald\u0131lar. Bug\u00fcn b\u00fcy\u00fck rekorlar\u0131n k\u0131r\u0131ld\u0131\u011f\u0131; 31 Mart g\u00fcn\u00fc Yeni\u015fehir\u2019de rekorun k\u0131r\u0131ld\u0131\u011f\u0131, bir\u00e7ok il\u00e7ede rekorun k\u0131r\u0131ld\u0131\u011f\u0131, Mersin B\u00fcy\u00fck\u015fehir\u2019de rekorlar\u0131n k\u0131r\u0131ld\u0131\u011f\u0131 bir gurur ak\u015fam\u0131n\u0131 hepimize birlikte ya\u015fatt\u0131n\u0131z. Bug\u00fcn 6 a\u00e7\u0131l\u0131\u015f\u0131 yapt\u0131\u011f\u0131m\u0131z bu g\u00fczel g\u00fcnde bir b\u00fcy\u00fck miting yapt\u0131k. Biz oraya kurdele kesmeye gittik.&nbsp; \u2018Vahap Ba\u015fkan hitap edecek, biz bir \u015feyler s\u00f6yleyece\u011fiz kurdeleyi kesece\u011fiz\u2019 dedik. G\u00f6z\u00fcn g\u00f6rd\u00fc\u011f\u00fc yere kadar insan seli vard\u0131. Bu ittirmeyle, kakt\u0131rmayla, zorlamayla olmayacak bir \u015fey. Bu i\u00e7ten gelen ve bir mutlulu\u011fun bir memnuniyetin, gelece\u011fe dair bir umudun tezah\u00fcr\u00fc. Vahap Ba\u015fkan diyor ki; \u2018son cumartesi bir bakt\u0131k etraf\u0131m\u0131z doldu hadi gidelim bu i\u015f bitmi\u015f dedik\u2019 dedi. Ben de bug\u00fcn Mersin\u2019de \u015funu g\u00f6r\u00fcyorum; b\u00fct\u00fcn Mersin\u2019de \u015fimdi de Yeni\u015fehir\u2019de art\u0131k hem genel iktidardan umudunun kesildi\u011fi, hem CHP\u2019nin y\u00f6netme kapasitesinin g\u00f6r\u00fcld\u00fc\u011f\u00fc, birilerinin gitmesine \u00e7oktan karar\u0131n verildi\u011fi,&nbsp; kimin gelece\u011fine, memleketin kimin kime emanet edilece\u011fine karar\u0131n verildi\u011fi bir \u015fehri g\u00f6r\u00fcyorum. Mersin\u2019den ba\u015flad\u0131k. Biz hep s\u00f6yl\u00fcyorduk 31 Mart sar\u0131 kartt\u0131r. \u201831 Mart\u2019\u0131 anlamazsan\u0131z k\u0131rm\u0131z\u0131 kart\u0131 g\u00f6r\u00fcrs\u00fcn\u00fcz\u2019 dedik. Mersinliler k\u0131rm\u0131z\u0131 kart\u0131 g\u00f6sterdiler. Bakal\u0131m \u015fimdi burada da herkesin elinde k\u0131rm\u0131z\u0131 kart g\u00f6r\u00fcyorum. Bundan sonra elimizde k\u0131rm\u0131z\u0131 kartlar meydan meydan gezece\u011fiz. Bu milleti hafife alanlara, bu milletin g\u00fcc\u00fcn\u00fc g\u00f6sterece\u011fiz. K\u0131rm\u0131z\u0131 kart\u0131 g\u00f6sterece\u011fiz. Hepiniz \u00e7ok seviyorum. Bir a\u00e7\u0131l\u0131\u015f i\u00e7in gelip de her girdi\u011fimiz binan\u0131n \u00f6n\u00fcnde bize miting yapt\u0131ran Mersin\u2019in g\u00fczel insanlar\u0131na y\u00fcrekten te\u015fekk\u00fcr ediyorum. Sa\u011f olun, var olun.\u201d<\/strong><\/p>\n\n\n\n<p>\u00d6zg\u00fcr \u00d6zel\u2019in ziyaretinden onur duyduklar\u0131n\u0131 kaydeden Yeni\u015fehir Belediyesi Ba\u015fkan\u0131 Abdullah \u00d6zyi\u011fit ise <strong>\u201c31 Mart\u2019ta b\u00fcy\u00fck bir emekle \u00e7ok \u00e7al\u0131\u015ft\u0131n\u0131z. Bizler burada, siz T\u00fcrkiye\u2019nin d\u00f6rt bir yan\u0131nda. Verdi\u011finiz b\u00fcy\u00fck sorumlulu\u011fu yerine getirmek ad\u0131na Mersin\u2019de B\u00fcy\u00fck\u015fehir Belediye Ba\u015fkan\u0131m\u0131zla, adaylar\u0131m\u0131zla, aday adaylar\u0131m\u0131zla, meclis \u00fcyelerimizle hep birlikte b\u00fcy\u00fck ba\u015far\u0131lara imza att\u0131\u011f\u0131m\u0131z\u0131 d\u00fc\u015f\u00fcn\u00fcyorum. Verdi\u011finiz sorumlulukla, g\u00f6reve lay\u0131k olmaya \u00e7al\u0131\u015f\u0131yoruz. Mersin\u2019de halk\u0131m\u0131zla i\u00e7 i\u00e7esiniz. Kapal\u0131 kap\u0131lar ard\u0131nda ya da salonlarda de\u011fil. Halk\u0131n kar\u015f\u0131s\u0131nda, halkla beraber halk\u0131n sesini dinleyerek, halktan gelen sesi en y\u00fcksek \u015fekilde duyurarak, gere\u011fini yap\u0131yorsunuz. Biz de sizlere lay\u0131k olmaya \u00e7al\u0131\u015f\u0131yoruz. Bug\u00fcn Yeni\u015fehir\u2019imize tekrar ho\u015f geldiniz, onur verdiniz.\u201d<\/strong> ifadelerini kulland\u0131. &nbsp;<\/p>\n","protected":false},"excerpt":{"rendered":"<p>Cumhuriyet Halk Partisi (CHP) Genel Ba\u015fkan\u0131 \u00d6zg\u00fcr \u00d6zel, Mersin Yeni\u015fehir Belediyesini ziyaret etti. \u00d6zel, ziyarette Yeni\u015fehir Belediye Ba\u015fkan\u0131 Abdullah \u00d6zyi\u011fit ve kendisini kar\u015f\u0131layan Yeni\u015fehir Belediyesi \u00e7al\u0131\u015fanlar\u0131yla bir araya geldi. Mersin B\u00fcy\u00fck\u015fehir Belediyesinin toplu a\u00e7\u0131l\u0131\u015f t\u00f6renine kat\u0131lmak \u00fczere Mersin\u2019e gelen CHP Genel Ba\u015fkan\u0131 \u00d6zg\u00fcr \u00d6zel, Yeni\u015fehir Belediye Ba\u015fkan\u0131 Abdullah \u00d6zyi\u011fit\u2019i ziyaret etti. Yeni\u015fehir Belediyesinde ger\u00e7ekle\u015fen ziyarette [&hellip;]<\/p>\n","protected":false},"author":2,"featured_media":38610,"comment_status":"closed","ping_status":"closed","sticky":false,"template":"","format":"standard","meta":{"footnotes":""},"categories":[3],"tags":[],"class_list":["post-38609","post","type-post","status-publish","format-standard","has-post-thumbnail","hentry","category-manset"],"views":4,"_links":{"self":[{"href":"https:\/\/mersinkadingazetesi.com\/index.php?rest_route=\/wp\/v2\/posts\/38609"}],"collection":[{"href":"https:\/\/mersinkadingazetesi.com\/index.php?rest_route=\/wp\/v2\/posts"}],"about":[{"href":"https:\/\/mersinkadingazetesi.com\/index.php?rest_route=\/wp\/v2\/types\/post"}],"author":[{"embeddable":true,"href":"https:\/\/mersinkadingazetesi.com\/index.php?rest_route=\/wp\/v2\/users\/2"}],"replies":[{"embeddable":true,"href":"https:\/\/mersinkadingazetesi.com\/index.php?rest_route=%2Fwp%2Fv2%2Fcomments&post=38609"}],"version-history":[{"count":1,"href":"https:\/\/mersinkadingazetesi.com\/index.php?rest_route=\/wp\/v2\/posts\/38609\/revisions"}],"predecessor-version":[{"id":38611,"href":"https:\/\/mersinkadingazetesi.com\/index.php?rest_route=\/wp\/v2\/posts\/38609\/revisions\/38611"}],"wp:featuredmedia":[{"embeddable":true,"href":"https:\/\/mersinkadingazetesi.com\/index.php?rest_route=\/wp\/v2\/media\/38610"}],"wp:attachment":[{"href":"https:\/\/mersinkadingazetesi.com\/index.php?rest_route=%2Fwp%2Fv2%2Fmedia&parent=38609"}],"wp:term":[{"taxonomy":"category","embeddable":true,"href":"https:\/\/mersinkadingazetesi.com\/index.php?rest_route=%2Fwp%2Fv2%2Fcategories&post=38609"},{"taxonomy":"post_tag","embeddable":true,"href":"https:\/\/mersinkadingazetesi.com\/index.php?rest_route=%2Fwp%2Fv2%2Ftags&post=38609"}],"curies":[{"name":"wp","href":"https:\/\/api.w.org\/{rel}","templated":true}]}}