{"id":38612,"date":"2025-01-10T11:58:12","date_gmt":"2025-01-10T08:58:12","guid":{"rendered":"https:\/\/mersinkadingazetesi.com\/?p=38612"},"modified":"2025-01-10T11:58:12","modified_gmt":"2025-01-10T08:58:12","slug":"toroslar-belediyesinin-temizlik-kampanyasi-suruyor","status":"publish","type":"post","link":"https:\/\/mersinkadingazetesi.com\/?p=38612","title":{"rendered":"TOROSLAR BELED\u0130YES\u0130N\u0130N TEM\u0130ZL\u0130K KAMPANYASI S\u00dcR\u00dcYOR"},"content":{"rendered":"\n<p>Toroslar Belediyesi taraf\u0131ndan d\u00fczenlenen &#8220;Mahallede Temizlik Var&#8221; kampanyas\u0131, bu hafta Zeki Ayan Mahallesi&#8217;nde ger\u00e7ekle\u015ftirildi. Kampanya kapsam\u0131nda mahalledeki temizlik \u00e7al\u0131\u015fmalar\u0131na Toroslar Belediye Ba\u015fkan\u0131 Abdurrahman Y\u0131ld\u0131z, belediye ba\u015fkan yard\u0131mc\u0131lar\u0131, muhtarlar, meclis \u00fcyeleri ve mahalle sakinleri de kat\u0131ld\u0131.<\/p>\n\n\n\n<p>Belediye ekipleri mahallede s\u00fcp\u00fcrme, y\u0131kama, budama, ila\u00e7lama ve \u00e7evre temizli\u011fi \u00e7al\u0131\u015fmalar\u0131n\u0131 s\u00fcrd\u00fcr\u00fcrken, Ba\u015fkan Y\u0131ld\u0131z da \u00e7al\u0131\u015fmalar\u0131 yerinde inceledi.<\/p>\n\n\n\n<p>Y\u0131ld\u0131z, burada yapt\u0131\u011f\u0131 a\u00e7\u0131klamada, Zeki Ayan Mahallesinin di\u011fer mahallelere k\u0131yasla daha d\u00fczenli bir g\u00f6r\u00fcnt\u00fcye sahip oldu\u011funu belirterek, &#8221;Dolay\u0131s\u0131yla di\u011fer mahallelerimize g\u00f6re sokaklar, kald\u0131r\u0131mlar eski yerle\u015fik mahallelerimize g\u00f6re daha d\u00fczenli ve daha tertipli durumda. Biz, Toroslar&#8217;\u0131n b\u00fct\u00fcn mahallelerini Zeki Ayan gibi yapmak i\u00e7in u\u011fra\u015f\u0131yoruz. Temel hedefimiz budur&#8221; dedi.<\/p>\n\n\n\n<p><strong>&#8221;TEM\u0130ZL\u0130K SORUNUNU SIFIR D\u00dcZEYDE TUTMAYA \u00c7ALI\u015eACA\u011eIZ&#8221;<\/strong><\/p>\n\n\n\n<p>Temizlik konusunun \u00f6nemine dikkat \u00e7eken Y\u0131ld\u0131z, temiz bir \u00e7evre i\u00e7in \u00f6ncelikle kirletmemenin gerekti\u011fini vurgulad\u0131. Sokak, kald\u0131r\u0131m ve park gibi ortak alanlar\u0131n temiz tutulmas\u0131n\u0131n \u00f6nemine de\u011finen Y\u0131ld\u0131z, kampanyan\u0131n temel amac\u0131n\u0131n bu bilinci olu\u015fturmak oldu\u011funu ifade etti. Temizlik \u0130\u015fleri M\u00fcd\u00fcrl\u00fc\u011f\u00fc&#8217;n\u00fcn g\u00fc\u00e7lendirilmesi i\u00e7in personel ve ekipman eksiklerinin giderildi\u011fini belirten Y\u0131ld\u0131z, &#8221;Belediyemiz biz geldi\u011fimiz g\u00fcnden bu yana Temizlik \u0130\u015fleri M\u00fcd\u00fcrl\u00fc\u011f\u00fcm\u00fcz\u00fc tahkim etmeye \u00e7al\u0131\u015f\u0131yor. Yani buradaki alet, edevat, makine ve personel eksikliklerini gidermeye \u00e7al\u0131\u015f\u0131yoruz. Belli bir a\u015famaya getirdik. Bundan sonra durmayaca\u011f\u0131z, devam edece\u011fiz; daha fazla personelle, daha fazla alet ve edevatla sorunlar\u0131m\u0131z\u0131 minimum d\u00fczeyde, hatta s\u0131f\u0131r d\u00fczeyde tutmaya \u00e7al\u0131\u015faca\u011f\u0131z&#8221; \u015feklinde konu\u015ftu.<\/p>\n\n\n\n<p><strong>&#8221;\u00c7\u00d6PLER AYRI\u015eTIRILIP SIFIR ATIK M\u00dcD\u00dcRL\u00dc\u011e\u00dcNE TESL\u0130M ED\u0130LMEL\u0130&#8221;<\/strong><\/p>\n\n\n\n<p>At\u0131k y\u00f6netimine de de\u011finen Y\u0131ld\u0131z, vatanda\u015flardan \u00e7\u00f6plerini paketleyerek ve m\u00fcmk\u00fcnse cam, plastik ve k\u00e2\u011f\u0131t gibi at\u0131klar\u0131 ayr\u0131\u015ft\u0131rarak S\u0131f\u0131r At\u0131k M\u00fcd\u00fcrl\u00fc\u011f\u00fc&#8217;ne teslim etmelerini istedi. Bu uygulaman\u0131n hem geri d\u00f6n\u00fc\u015f\u00fcme katk\u0131 sa\u011flayaca\u011f\u0131n\u0131 hem de \u00e7\u00f6p miktar\u0131n\u0131 azaltarak \u00e7evreyi rahatlataca\u011f\u0131n\u0131 s\u00f6yleyen Y\u0131ld\u0131z, s\u00f6zlerini \u015f\u00f6yle s\u00fcrd\u00fcrd\u00fc:<\/p>\n\n\n\n<p>&#8221;Bu, hem bizim evimizde biriktirdi\u011fimiz ambalaj at\u0131klar\u0131m\u0131z\u0131n yeniden hayata d\u00f6nd\u00fcr\u00fclmesi, ekonomiye kazand\u0131r\u0131lmas\u0131 i\u00e7in ciddi bir rol oynayacak hem de toplayaca\u011f\u0131m\u0131z \u00e7\u00f6p\u00fcn miktar\u0131 azalaca\u011f\u0131 i\u00e7in kentimizin biraz daha nefes almas\u0131n\u0131 sa\u011flayacak.&#8221;<\/p>\n\n\n\n<p><strong>&#8221;444 41 33 \u00c7A\u011eRI MERKEZ\u0130&#8221;<\/strong><\/p>\n\n\n\n<p>Konteyner kullan\u0131m\u0131na dikkat \u00e7eken Y\u0131ld\u0131z, mevcut konteynerlerin her g\u00fcn d\u00fczenli olarak bo\u015falt\u0131ld\u0131\u011f\u0131n\u0131 ve ihtiya\u00e7 durumunda 444 41 33 numaral\u0131 telefondan destek al\u0131nabilece\u011fini hat\u0131rlatt\u0131. Ayr\u0131ca, d\u00f6rt bin kullan\u0131lamaz durumdaki konteynerin tamir edilerek hizmete sunuldu\u011funu dile getirdi. Y\u0131ld\u0131z, &#8221; Yeni konteynerler almaya devam ediyoruz. Hemen yak\u0131n zaman i\u00e7erisinde de bin tane daha konteynerimiz Toroslar&#8217;\u0131n farkl\u0131 mahallelerinde, farkl\u0131 sokaklar\u0131nda hizmet g\u00f6rmeye ba\u015flayacak&#8221; dedi.<\/p>\n\n\n\n<p><strong>&#8221;GEZ\u0130C\u0130 \u00c7\u00d6P KUTULARIMIZ OLACAK&#8221;<\/strong><\/p>\n\n\n\n<p>Mahallelerde temizlik bilincinin art\u0131r\u0131lmas\u0131 i\u00e7in herkesin \u00fczerine d\u00fc\u015feni yapmas\u0131 gerekti\u011fini vurgulayan Y\u0131ld\u0131z, &#8221;Art\u0131k g\u00fcvenlikle ilgili bir problem de kalmad\u0131\u011f\u0131 i\u00e7in \u00e7ok yak\u0131n zaman i\u00e7erisinde Toroslar\u0131m\u0131z\u0131n t\u00fcm sokaklar\u0131nda, ihtiya\u00e7 duyulan her yerde, parklar\u0131m\u0131zda gezici \u00e7\u00f6p kutular\u0131m\u0131z\u0131 da koymaya ba\u015flayaca\u011f\u0131z. \u00d6zellikle parklar\u0131m\u0131zdan ba\u015flayaca\u011f\u0131z bunu yapmaya. \u00c7\u00fcnk\u00fc parklar\u0131m\u0131z\u0131 yenilemeye ba\u015fl\u0131yoruz. Yeniledi\u011fimiz parklarda yeni \u00e7\u00f6p kutular\u0131m\u0131z da olacak. Bu konuda da hassasiyetlerimizi zirve noktas\u0131nda tutmay\u0131 ben b\u00fct\u00fcn hem\u015fehrilerimden bilhassa rica ediyorum. Toroslar, ya\u015fan\u0131labilir, daha konforlu ve daha kaliteli bir hayat\u0131n s\u00fcrd\u00fcr\u00fcld\u00fc\u011f\u00fc bir il\u00e7e oluncaya kadar \u00e7abalar\u0131m\u0131za devam edece\u011fiz&#8221; ifadelerini kulland\u0131.<\/p>\n\n\n\n<p><strong>MUHTAR&#8217;DAN BA\u015eKAN VE PERSONELE TE\u015eEKK\u00dcR<\/strong><\/p>\n\n\n\n<p>Zeki Ayan Mahallesi Muhtar\u0131 Mehmet \u015eim\u015fek ise mahalledeki n\u00fcfus art\u0131\u015f\u0131na dikkat \u00e7ekerek, &#8221;\u015eu an itibar\u0131yla resmi rakamlara g\u00f6re Zeki Ayan Mahallemizin n\u00fcfusu 7 bin 300. Resmi olarak bu rakam b\u00f6yle, ama g\u00fcnl\u00fck olarak Zeki Ayan Mahallesi&#8217;nde n\u00fcfus 10 bini ge\u00e7iyor. Ger\u00e7ekten personele verdikleri emeklerden dolay\u0131 te\u015fekk\u00fcr ediyoruz. Zeki Ayan Mahallesi&#8217;nin \u00f6rnek mahalle yap\u0131lmas\u0131n\u0131 istiyorum. Ba\u015fkan\u0131m\u0131za ve de\u011ferli personellerimize verdikleri emekten dolay\u0131 te\u015fekk\u00fcr ediyorum&#8221; diye konu\u015ftu.<\/p>\n","protected":false},"excerpt":{"rendered":"<p>Toroslar Belediyesi taraf\u0131ndan d\u00fczenlenen &#8220;Mahallede Temizlik Var&#8221; kampanyas\u0131, bu hafta Zeki Ayan Mahallesi&#8217;nde ger\u00e7ekle\u015ftirildi. Kampanya kapsam\u0131nda mahalledeki temizlik \u00e7al\u0131\u015fmalar\u0131na Toroslar Belediye Ba\u015fkan\u0131 Abdurrahman Y\u0131ld\u0131z, belediye ba\u015fkan yard\u0131mc\u0131lar\u0131, muhtarlar, meclis \u00fcyeleri ve mahalle sakinleri de kat\u0131ld\u0131. Belediye ekipleri mahallede s\u00fcp\u00fcrme, y\u0131kama, budama, ila\u00e7lama ve \u00e7evre temizli\u011fi \u00e7al\u0131\u015fmalar\u0131n\u0131 s\u00fcrd\u00fcr\u00fcrken, Ba\u015fkan Y\u0131ld\u0131z da \u00e7al\u0131\u015fmalar\u0131 yerinde inceledi. Y\u0131ld\u0131z, burada [&hellip;]<\/p>\n","protected":false},"author":2,"featured_media":38613,"comment_status":"closed","ping_status":"closed","sticky":false,"template":"","format":"standard","meta":{"footnotes":""},"categories":[3],"tags":[],"class_list":["post-38612","post","type-post","status-publish","format-standard","has-post-thumbnail","hentry","category-manset"],"views":4,"_links":{"self":[{"href":"https:\/\/mersinkadingazetesi.com\/index.php?rest_route=\/wp\/v2\/posts\/38612"}],"collection":[{"href":"https:\/\/mersinkadingazetesi.com\/index.php?rest_route=\/wp\/v2\/posts"}],"about":[{"href":"https:\/\/mersinkadingazetesi.com\/index.php?rest_route=\/wp\/v2\/types\/post"}],"author":[{"embeddable":true,"href":"https:\/\/mersinkadingazetesi.com\/index.php?rest_route=\/wp\/v2\/users\/2"}],"replies":[{"embeddable":true,"href":"https:\/\/mersinkadingazetesi.com\/index.php?rest_route=%2Fwp%2Fv2%2Fcomments&post=38612"}],"version-history":[{"count":1,"href":"https:\/\/mersinkadingazetesi.com\/index.php?rest_route=\/wp\/v2\/posts\/38612\/revisions"}],"predecessor-version":[{"id":38614,"href":"https:\/\/mersinkadingazetesi.com\/index.php?rest_route=\/wp\/v2\/posts\/38612\/revisions\/38614"}],"wp:featuredmedia":[{"embeddable":true,"href":"https:\/\/mersinkadingazetesi.com\/index.php?rest_route=\/wp\/v2\/media\/38613"}],"wp:attachment":[{"href":"https:\/\/mersinkadingazetesi.com\/index.php?rest_route=%2Fwp%2Fv2%2Fmedia&parent=38612"}],"wp:term":[{"taxonomy":"category","embeddable":true,"href":"https:\/\/mersinkadingazetesi.com\/index.php?rest_route=%2Fwp%2Fv2%2Fcategories&post=38612"},{"taxonomy":"post_tag","embeddable":true,"href":"https:\/\/mersinkadingazetesi.com\/index.php?rest_route=%2Fwp%2Fv2%2Ftags&post=38612"}],"curies":[{"name":"wp","href":"https:\/\/api.w.org\/{rel}","templated":true}]}}