{"id":38616,"date":"2025-01-10T15:31:08","date_gmt":"2025-01-10T12:31:08","guid":{"rendered":"https:\/\/mersinkadingazetesi.com\/?p=38616"},"modified":"2025-01-10T15:31:08","modified_gmt":"2025-01-10T12:31:08","slug":"deva-partili-ekmen-10-ocak-gazeteciler-gununu-kutlayarak-tum-gazetecilere-tesekkur-ediyorum","status":"publish","type":"post","link":"https:\/\/mersinkadingazetesi.com\/?p=38616","title":{"rendered":"DEVA Partili Ekmen: 10 Ocak Gazeteciler G\u00fcn\u00fc\u2019n\u00fc kutlayarak; t\u00fcm gazetecilere te\u015fekk\u00fcr ediyorum\u00a0"},"content":{"rendered":"\n<figure class=\"wp-block-table\"><table class=\"has-fixed-layout\"><tbody><tr><td><strong>DEVA Partisi Genel Ba\u015fkan Yard\u0131mc\u0131s\u0131 ve Mersin Milletvekili Mehmet Emin Ekmen, 10 Ocak \u00c7al\u0131\u015fan Gazeteciler G\u00fcn\u00fc ile ilgili yay\u0131mlad\u0131\u011f\u0131 yaz\u0131l\u0131 a\u00e7\u0131klamada, \u00e7al\u0131\u015fan ve \u00e7al\u0131\u015fmayan t\u00fcm gazetecilerin g\u00fcn\u00fcn\u00fc kutlad\u0131.<\/strong><strong>Gazetecilerin zorlu \u015fartlar alt\u0131nda \u00e7al\u0131\u015ft\u0131\u011f\u0131n\u0131 ve ekonomik dar bo\u011fazla m\u00fccadele etti\u011fini vurgulayan Ekmen, bas\u0131n mensuplar\u0131n\u0131n ba\u011f\u0131ms\u0131z \u00e7al\u0131\u015fabilmesi i\u00e7in pek \u00e7ok alanda desteklenmesi gerekti\u011finin alt\u0131n\u0131 \u00e7izerek,<\/strong><strong>\u201c\u00dc<\/strong><strong>lkemizin her k\u00f6\u015fesinde kamuoyunu bilgilendirmek i\u00e7in fedak\u00e2rl\u0131k sergileyen gazetecilere g<\/strong><strong>\u00f6<\/strong><strong>sterdikleri&nbsp;<\/strong><strong>\u00f6<\/strong><strong>zveri i\u00e7in te\u015fekk\u00fcr ediyorum\u201d dedi.<\/strong>&nbsp;DEVA Partisi Genel Ba\u015fkan Yard\u0131mc\u0131s\u0131 ve Mersin Milletvekili Mehmet Emin Ekmen, 10 Ocak \u00c7al\u0131\u015fan Gazeteciler G\u00fcn\u00fc\u2019n\u00fc dolays\u0131yla yaz\u0131l\u0131 bir a\u00e7\u0131klama yay\u0131mlad\u0131. \u00c7al\u0131\u015fan ve \u00e7al\u0131\u015fmayan t\u00fcm gazetecilerin 10 Ocak \u00c7al\u0131\u015fan Gazeteciler G\u00fcn\u00fc\u2019n\u00fc kutlayan Ekmen, gazetecili\u011fin&nbsp;\u00f6nemine vurgu yaparak, medya \u00e7al\u0131\u015fanlar\u0131n\u0131n toplumdaki rol\u00fcn\u00fcn ve haber alma&nbsp;\u00f6zg\u00fcrl\u00fc\u011f\u00fcn\u00fcn b\u00fcy\u00fck bir&nbsp;\u00f6neme sahip oldu\u011funu belirtti.&nbsp;&nbsp;<strong>Gazetecilik desteklenmeli, m\u00fcnhas\u0131r gazetecilik meslek yasas\u0131 \u015fart!<\/strong>Gazetecilik mesle\u011finin kamuoyunu bilgilendirme misyonunu \u00fcstlendi\u011fine vurgu yapan Ekmen, gazetecilerin ba\u011f\u0131ms\u0131z \u00e7al\u0131\u015fabilmesi i\u00e7in pek \u00e7ok alanda desteklenmesi gerekti\u011finin alt\u0131n\u0131 \u00e7izerek,&nbsp;\u201cGazeteciler yaln\u0131zca haber aktaran ki\u015filer de\u011fil; ayn\u0131 zamanda toplumun en kritik meselelerine \u0131\u015f\u0131k tutan, tart\u0131\u015fmalara y\u00f6n veren ve kamuoyu olu\u015fturma g\u00f6revini \u00fcstlenen&nbsp;\u00f6nemli bireylerdir. Gazetecilik demokrasinin temel ta\u015flar\u0131ndan biridir. Bas\u0131n&nbsp;\u00f6zg\u00fcrl\u00fc\u011f\u00fc, demokratik bir toplumun en temel haklar\u0131ndand\u0131r. Gazetecilere yap\u0131lan her t\u00fcrl\u00fc bask\u0131, sadece onlar\u0131n de\u011fil t\u00fcm toplumun sesi \u00fczerinde bir susturma etkisi yarat\u0131r. Bu noktada, bas\u0131n \u00e7al\u0131\u015fanlar\u0131n\u0131n korunmas\u0131&nbsp;ve&nbsp;\u00f6zg\u00fcrce g\u00f6revlerini yerine getirebilmeleri i\u00e7in gerekli ad\u0131mlar at\u0131lmal\u0131d\u0131r. Bu anlamda&nbsp;\u00f6zel bir gazetecilik meslek kanunu bir\u00e7ok sorunun \u00e7\u00f6z\u00fcm\u00fcn\u00fc kolayla\u015ft\u0131rabilir.\u201d ifadesini kulland\u0131.&nbsp;&nbsp;<strong>Kamuoyunu bilgilendiren t\u00fcm gazetecilere te\u015fekk\u00fcr ediyorum&nbsp;<\/strong>Gazetecilerin zorlu \u015fartlar alt\u0131nda \u00e7al\u0131\u015ft\u0131\u011f\u0131n\u0131 ve ekonomik dar bo\u011fazla m\u00fccadele etti\u011fini vurgulayan Ekmen, gazetecilerin daha iyi \u00e7al\u0131\u015fma ko\u015fullar\u0131na sahip olmalar\u0131 ve mesleki e\u011fitim ve geli\u015fim f\u0131rsatlar\u0131n\u0131n art\u0131r\u0131lmas\u0131 gerekti\u011fine dikkati \u00e7ekti. Ekmen, \u015f\u00f6yle devam etti;&nbsp;\u201c\u00dclkemizin her k\u00f6\u015fesinde kamuoyu bilgilendirmek i\u00e7in fedak\u00e2rl\u0131k sergileyen gazetecilere ve g\u00f6sterdikleri&nbsp;\u00f6zveri i\u00e7in te\u015fekk\u00fcr ediyorum. Bug\u00fcnk\u00fc kutlama, sadece bir g\u00fcn de\u011fil, gazetecilerimizin her zaman yanlar\u0131nda oldu\u011fumuzu, onlar\u0131n emeklerini takdir etti\u011fimizi g\u00f6stermek i\u00e7in bir f\u0131rsatt\u0131r.\u201d&nbsp;<strong>DEVA Partisi olarak sans\u00fcre ve bask\u0131ya kar\u015f\u0131y\u0131z!<\/strong>DEVA Partisi olarak gazetecilerin ve bas\u0131n&nbsp;\u00f6zg\u00fcrl\u00fc\u011f\u00fcn\u00fcn demokratik toplumlar\u0131n vazge\u00e7ilmez unsuru olarak g\u00f6rd\u00fcklerini vurgulayan Ekmen,&nbsp;\u201cDEVA Partisi, gazetecilerin kar\u015f\u0131la\u015ft\u0131\u011f\u0131 zorluklara kar\u015f\u0131 durarak, her t\u00fcrl\u00fc&nbsp;sans\u00fcre ve bask\u0131ya kar\u015f\u0131 \u00e7\u0131kmakta, medyan\u0131n ba\u011f\u0131ms\u0131zl\u0131\u011f\u0131n\u0131 savunmay\u0131 taahh\u00fct etmektedir. Bas\u0131n \u00e7al\u0131\u015fanlar\u0131n\u0131n haklar\u0131n\u0131 korumak ve mesleklerini g\u00fcvenli bir ortamda icra edebilmeleri i\u00e7in gerekli ad\u0131mlar\u0131n at\u0131lmas\u0131n\u0131 destekliyoruz\u201d de\u011ferlendirmesinde bulundu.<\/td><\/tr><\/tbody><\/table><\/figure>\n","protected":false},"excerpt":{"rendered":"<p>DEVA Partisi Genel Ba\u015fkan Yard\u0131mc\u0131s\u0131 ve Mersin Milletvekili Mehmet Emin Ekmen, 10 Ocak \u00c7al\u0131\u015fan Gazeteciler G\u00fcn\u00fc ile ilgili yay\u0131mlad\u0131\u011f\u0131 yaz\u0131l\u0131 a\u00e7\u0131klamada, \u00e7al\u0131\u015fan ve \u00e7al\u0131\u015fmayan t\u00fcm gazetecilerin g\u00fcn\u00fcn\u00fc kutlad\u0131.Gazetecilerin zorlu \u015fartlar alt\u0131nda \u00e7al\u0131\u015ft\u0131\u011f\u0131n\u0131 ve ekonomik dar bo\u011fazla m\u00fccadele etti\u011fini vurgulayan Ekmen, bas\u0131n mensuplar\u0131n\u0131n ba\u011f\u0131ms\u0131z \u00e7al\u0131\u015fabilmesi i\u00e7in pek \u00e7ok alanda desteklenmesi gerekti\u011finin alt\u0131n\u0131 \u00e7izerek,\u201c\u00dclkemizin her k\u00f6\u015fesinde kamuoyunu [&hellip;]<\/p>\n","protected":false},"author":2,"featured_media":38529,"comment_status":"closed","ping_status":"closed","sticky":false,"template":"","format":"standard","meta":{"footnotes":""},"categories":[3],"tags":[],"class_list":["post-38616","post","type-post","status-publish","format-standard","has-post-thumbnail","hentry","category-manset"],"views":6,"_links":{"self":[{"href":"https:\/\/mersinkadingazetesi.com\/index.php?rest_route=\/wp\/v2\/posts\/38616"}],"collection":[{"href":"https:\/\/mersinkadingazetesi.com\/index.php?rest_route=\/wp\/v2\/posts"}],"about":[{"href":"https:\/\/mersinkadingazetesi.com\/index.php?rest_route=\/wp\/v2\/types\/post"}],"author":[{"embeddable":true,"href":"https:\/\/mersinkadingazetesi.com\/index.php?rest_route=\/wp\/v2\/users\/2"}],"replies":[{"embeddable":true,"href":"https:\/\/mersinkadingazetesi.com\/index.php?rest_route=%2Fwp%2Fv2%2Fcomments&post=38616"}],"version-history":[{"count":1,"href":"https:\/\/mersinkadingazetesi.com\/index.php?rest_route=\/wp\/v2\/posts\/38616\/revisions"}],"predecessor-version":[{"id":38617,"href":"https:\/\/mersinkadingazetesi.com\/index.php?rest_route=\/wp\/v2\/posts\/38616\/revisions\/38617"}],"wp:featuredmedia":[{"embeddable":true,"href":"https:\/\/mersinkadingazetesi.com\/index.php?rest_route=\/wp\/v2\/media\/38529"}],"wp:attachment":[{"href":"https:\/\/mersinkadingazetesi.com\/index.php?rest_route=%2Fwp%2Fv2%2Fmedia&parent=38616"}],"wp:term":[{"taxonomy":"category","embeddable":true,"href":"https:\/\/mersinkadingazetesi.com\/index.php?rest_route=%2Fwp%2Fv2%2Fcategories&post=38616"},{"taxonomy":"post_tag","embeddable":true,"href":"https:\/\/mersinkadingazetesi.com\/index.php?rest_route=%2Fwp%2Fv2%2Ftags&post=38616"}],"curies":[{"name":"wp","href":"https:\/\/api.w.org\/{rel}","templated":true}]}}