{"id":38618,"date":"2025-01-10T15:32:23","date_gmt":"2025-01-10T12:32:23","guid":{"rendered":"https:\/\/mersinkadingazetesi.com\/?p=38618"},"modified":"2025-01-10T15:32:24","modified_gmt":"2025-01-10T12:32:24","slug":"toroslar-belediye-baskani-yildiz-gazeteciler-yonetimleri-elestirebilmeli","status":"publish","type":"post","link":"https:\/\/mersinkadingazetesi.com\/?p=38618","title":{"rendered":"TOROSLAR BELED\u0130YE BA\u015eKANI YILDIZ: GAZETEC\u0130LER, Y\u00d6NET\u0130MLER\u0130 ELE\u015eT\u0130REB\u0130LMEL\u0130"},"content":{"rendered":"\n<p>Mersin Gazeteciler Cemiyeti&#8217;nin 10 Ocak \u00c7al\u0131\u015fan Gazeteciler G\u00fcn\u00fc dolay\u0131s\u0131yla d\u00fczenledi\u011fi t\u00f6rende konu\u015fan Toroslar Belediye Ba\u015fkan\u0131 Abdurrahman Y\u0131ld\u0131z, &#8220;Gazeteciler, kamuoyunu do\u011fru \u015fekilde bilgilendirirken, y\u00f6neticilere ele\u015ftirilerini dile getirebilmelidir.&nbsp; Gazetecilerin g\u00fcvenlik ve ya\u015fam kayg\u0131s\u0131yla kendilerine uygulad\u0131klar\u0131 sans\u00fcr, mesle\u011fin gelece\u011fini tehdit ediyor&#8221; dedi.<\/p>\n\n\n\n<p>Mersin Gazeteciler Cemiyeti, 10 Ocak \u00c7al\u0131\u015fan Gazeteciler G\u00fcn\u00fc dolay\u0131s\u0131yla Cumhuriyet Meydan\u0131&#8217;nda t\u00f6ren d\u00fczenledi. Sayg\u0131 duru\u015fu ve \u0130stiklal Mar\u015f\u0131&#8217;n\u0131n okunmas\u0131n\u0131n ard\u0131ndan Atat\u00fcrk An\u0131t\u0131&#8217;na \u00e7elenk sunuldu. T\u00f6rene Toroslar Belediye Ba\u015fkan\u0131 Abdurrahman Y\u0131ld\u0131z da kat\u0131ld\u0131.<\/p>\n\n\n\n<p>Ba\u015fkan Y\u0131ld\u0131z, t\u00f6rende yapt\u0131\u011f\u0131 konu\u015fmada gazetecilerin ya\u015fad\u0131\u011f\u0131 zorluklara dikkat \u00e7ekti ve yerel gazetecili\u011fin desteklenmesi gerekti\u011fini s\u00f6yledi. Y\u0131ld\u0131z, gazetecilik mesle\u011finin zor \u015fartlar alt\u0131nda icra edildi\u011fini belirterek, &#8220;Gazetecilerin sesini duyurabilmesi, halk\u0131n haber alma \u00f6zg\u00fcrl\u00fc\u011f\u00fc i\u00e7in son derece \u00f6nemli&#8221; dedi.<\/p>\n\n\n\n<p><strong>&#8220;GAZETEC\u0130LER\u0130N ELE\u015eT\u0130R\u0130LER\u0130 ENGELLENMEMEL\u0130&#8221;<\/strong><\/p>\n\n\n\n<p>Konu\u015fmas\u0131nda, gazetecilerin do\u011fruyu s\u00f6yleme hakk\u0131na sahip oldu\u011funu belirten Y\u0131ld\u0131z, &#8220;Gazeteciler, kamuoyunu do\u011fru \u015fekilde bilgilendirirken, y\u00f6neticilere ele\u015ftirilerini dile getirebilmelidir. Aksi takdirde, toplumda yanl\u0131\u015f bir alg\u0131 olu\u015fur&#8221; ifadelerini kulland\u0131.<\/p>\n\n\n\n<p>Ayr\u0131ca, gazetecilerin art\u0131k otosans\u00fcr uygulamaya ba\u015flad\u0131\u011f\u0131n\u0131 belirten Y\u0131ld\u0131z, &#8220;Gazetecilerin g\u00fcvenlik ve ya\u015fam kayg\u0131s\u0131yla kendilerine uygulad\u0131klar\u0131 sans\u00fcr, mesle\u011fin gelece\u011fini tehdit ediyor&#8221; \u015feklinde konu\u015ftu.<\/p>\n\n\n\n<p><strong>&#8220;BASIN, BELED\u0130YE VE KAMU KURUMLARININ DESTE\u011e\u0130N\u0130 ALMALI&#8221;<\/strong><\/p>\n\n\n\n<p>Gazetecilerin daha fazla desteklenmesi gerekti\u011fini vurgulayan Y\u0131ld\u0131z, &#8220;Yerel bas\u0131n\u0131n ayakta kalabilmesi i\u00e7in belediyeler ve kamu kurumlar\u0131 \u00f6ncelik vermeli&#8221; ifadelerini kulland\u0131.<\/p>\n\n\n\n<p>Siyasalla\u015fman\u0131n olumsuz etkilerine de\u011finen Y\u0131ld\u0131z, &#8220;Asl\u0131nda bu siyasalla\u015ft\u0131rmay\u0131 en \u00e7ok yapan siyaset\u00e7ilerin kendisi. Dolay\u0131s\u0131yla siyaset\u00e7ilerin, en amiyane tabirle, kendi ayaklar\u0131na s\u0131kt\u0131klar\u0131 bir s\u00fcre\u00e7 haline gelmeye ba\u015fl\u0131yor. \u00c7\u00fcnk\u00fc ger\u00e7ekten gazeteci \u00e7al\u0131\u015famazsa, gazeteci kendi fikrini a\u00e7\u0131k se\u00e7ik beyan edemezse, sonu\u00e7ta siz her yapt\u0131\u011f\u0131n\u0131z \u015feyin do\u011fru oldu\u011funu zannediyorsunuz. Asl\u0131nda bir yanl\u0131\u015flar denizinde y\u00fczerken, do\u011fru i\u015fler yapt\u0131\u011f\u0131n\u0131z\u0131 d\u00fc\u015f\u00fcnerek memleketi de \u015fimdiki ya\u015fad\u0131\u011f\u0131m\u0131z hale getiriyorsunuz. Dolay\u0131s\u0131yla en ba\u015fta kendim i\u00e7in s\u00f6yl\u00fcyorum: Se\u00e7ilmi\u015f herkes -ki bu Avrupa \u0130nsan Haklar\u0131 Mahkemesi&#8217;nin de karar\u0131d\u0131r, en sert ele\u015ftiriye a\u00e7\u0131k olmak zorundad\u0131r. Hakaret olmad\u0131\u011f\u0131 m\u00fcddet\u00e7e gazetecilerin yapmas\u0131 gereken temel i\u015f budur zaten. Gazeteci, kendi k\u00f6\u015fesinde yazarken, kendi haberini yaparken, bu memleketi idare eden insanlara ili\u015fkin &#8220;Bir \u015feyi yanl\u0131\u015f yap\u0131yorsunuz karde\u015fim, o istikametten de\u011fil, bu istikametten gitmeniz daha faydal\u0131d\u0131r&#8221; diyemeyecekse, hakikaten bu i\u015fi yapman\u0131n da art\u0131k bir anlam\u0131 kalm\u0131yor&#8221; \u015feklinde konu\u015ftu.<\/p>\n\n\n\n<p><strong>&#8220;GAZETEC\u0130LER\u0130N DESTEKLENMES\u0130 TASARRUF TEDB\u0130RLER\u0130 ADI ALTINDA ENGELLEN\u0130YOR&#8221;<\/strong><\/p>\n\n\n\n<p>Gazetecili\u011fin can \u00e7eki\u015fti\u011finin alt\u0131n\u0131n \u00e7izen Y\u0131ld\u0131z, belediyelerin de bas\u0131na maddi destek verilmesinin engellendi\u011fini s\u00f6yledi. Y\u0131ld\u0131z, s\u00f6zlerini \u015f\u00f6yle s\u00fcrd\u00fcrd\u00fc:<\/p>\n\n\n\n<p>&#8221;Buradaki dostlar\u0131m\u0131n hemen hemen tamam\u0131na yak\u0131n\u0131 \u015fahsen tan\u0131yorum. Ger\u00e7ekten \u00e7ok zor ko\u015fullarda meslek icra ediyorlar. Ama bunlar\u0131n desteklenmesi konusunda yine en ba\u015fta belediyeler olmak \u00fczere, kamu idarelerinin \u00f6ncelik vermesi gerekiyor. Ama o hale getirdiler ki \u00fclkeyi, mesela bir belediye ba\u015fkan\u0131n\u0131n g\u00fcnl\u00fck gazeteleri sat\u0131n almas\u0131 yasak. Bir tasarruf tedbiri genelgesi yay\u0131nlad\u0131lar. Tasarruf tedbirindeki en fazla tasarruf edilecek yer bas\u0131nla kurdu\u011fumuz ili\u015fki. Yahu zaten bir belediyenin ya da bir ba\u015fka kamu kurumunun bas\u0131nla kurdu\u011fu maddi ili\u015fki nedir ki o belediyenin ya da o kamu kurumunun toplam b\u00fct\u00e7esi i\u00e7erisinde? Ama en ba\u015fa onu yazm\u0131\u015flar. Demi\u015fler ki: &#8216;Gazete bile sat\u0131n alamazs\u0131n\u0131z.&#8217; Dolay\u0131s\u0131yla asl\u0131nda bu siyasalla\u015fma, benim bahsetti\u011fim siyasalla\u015fma o raddeye geldi ki bu mesle\u011fi ger\u00e7ekten objektif bir \u015fekilde yapman\u0131z, yani gazetecili\u011fi gazetecilik gibi yapmak isteyen dostlar\u0131m\u0131z\u0131n art\u0131k \u00fcm\u00fc\u011f\u00fcne \u00e7\u00f6kme safhas\u0131na geldi. Dolay\u0131s\u0131yla ben kendimden ba\u015flayarak b\u00fct\u00fcn belediye ba\u015fkanlar\u0131n\u0131, b\u00fct\u00fcn kamu idaresini defakto \u015feklinde -b\u00fct\u00fcn bu tedbirlere ra\u011fmen- ba\u015fta yerel bas\u0131n olmak \u00fczere bas\u0131n\u0131n ayakta kalmas\u0131 i\u00e7in \u00e7aba sarf etmeye, \u00f6ncelik vermeye ve ne yap\u0131labilecekse onlarla birlikte payla\u015farak, ger\u00e7ekten bu gazetecilik mesle\u011finin ya\u015fat\u0131lmas\u0131 laz\u0131m.&#8221;<\/p>\n\n\n\n<p><strong>&#8220;\u00c7ALI\u015eAN GAZETEC\u0130LER G\u00dcN\u00dc KUTLU OLSUN&#8221;<\/strong><\/p>\n\n\n\n<p>\u00dclkeyi y\u00f6neten insanlar ele\u015ftirilmedi\u011fi s\u00fcrece, bir gelecekten s\u00f6z etmenin m\u00fcmk\u00fcn olmad\u0131\u011f\u0131n\u0131 belirten Y\u0131ld\u0131z, &#8221;Siyasalla\u015fma ba\u015flad\u0131\u011f\u0131ndan beri bu \u00fclkenin ki\u015fi ba\u015f\u0131 milli geliri fiilen 20 bin dolarken 8 bin dolara d\u00fc\u015ft\u00fc. Birbirimizi ele\u015ftiremedi\u011fimiz m\u00fcddet\u00e7e, gazeteciler bu \u00fclkeyi, bu kenti, bu \u00fclkeyi y\u00f6neten insanlar\u0131 ele\u015ftiremedikleri m\u00fcddet\u00e7e bu a\u015fa\u011f\u0131ya do\u011fru d\u00fc\u015f\u00fc\u015f devam edecek. Dolay\u0131s\u0131yla gazetecilerin de \u00e7ok ciddi bu anlamda sorumluluklar\u0131 var. Ele\u015ftiri haklar\u0131n\u0131 kesinlikle kullanmal\u0131lar. Kendilerine otosans\u00fcr kesinlikle uygulamamal\u0131lar. Bu \u00fclkenin haber alma \u00f6zg\u00fcrl\u00fc\u011f\u00fcn\u00fcn, demokrasinin geli\u015fmesinin, \u00f6zg\u00fcrl\u00fcklerinin geli\u015fmesinin yeg\u00e2ne ko\u015fullar\u0131ndan bir tanesi, gazetecilik mesle\u011finin gazetecilik mesle\u011fi gibi yap\u0131lmas\u0131ndan ge\u00e7ti\u011fini d\u00fc\u015f\u00fcn\u00fcyorum. Bu \u00e7er\u00e7evede b\u00fct\u00fcn gazeteci dostlar\u0131m\u0131n 10 Ocak \u00c7al\u0131\u015fan Gazeteciler G\u00fcn\u00fc&#8217;n\u00fc kutluyorum&#8221; ifadelerini kulland\u0131.<\/p>\n","protected":false},"excerpt":{"rendered":"<p>Mersin Gazeteciler Cemiyeti&#8217;nin 10 Ocak \u00c7al\u0131\u015fan Gazeteciler G\u00fcn\u00fc dolay\u0131s\u0131yla d\u00fczenledi\u011fi t\u00f6rende konu\u015fan Toroslar Belediye Ba\u015fkan\u0131 Abdurrahman Y\u0131ld\u0131z, &#8220;Gazeteciler, kamuoyunu do\u011fru \u015fekilde bilgilendirirken, y\u00f6neticilere ele\u015ftirilerini dile getirebilmelidir.&nbsp; Gazetecilerin g\u00fcvenlik ve ya\u015fam kayg\u0131s\u0131yla kendilerine uygulad\u0131klar\u0131 sans\u00fcr, mesle\u011fin gelece\u011fini tehdit ediyor&#8221; dedi. Mersin Gazeteciler Cemiyeti, 10 Ocak \u00c7al\u0131\u015fan Gazeteciler G\u00fcn\u00fc dolay\u0131s\u0131yla Cumhuriyet Meydan\u0131&#8217;nda t\u00f6ren d\u00fczenledi. Sayg\u0131 duru\u015fu ve [&hellip;]<\/p>\n","protected":false},"author":2,"featured_media":38619,"comment_status":"closed","ping_status":"closed","sticky":false,"template":"","format":"standard","meta":{"footnotes":""},"categories":[3],"tags":[],"class_list":["post-38618","post","type-post","status-publish","format-standard","has-post-thumbnail","hentry","category-manset"],"views":6,"_links":{"self":[{"href":"https:\/\/mersinkadingazetesi.com\/index.php?rest_route=\/wp\/v2\/posts\/38618"}],"collection":[{"href":"https:\/\/mersinkadingazetesi.com\/index.php?rest_route=\/wp\/v2\/posts"}],"about":[{"href":"https:\/\/mersinkadingazetesi.com\/index.php?rest_route=\/wp\/v2\/types\/post"}],"author":[{"embeddable":true,"href":"https:\/\/mersinkadingazetesi.com\/index.php?rest_route=\/wp\/v2\/users\/2"}],"replies":[{"embeddable":true,"href":"https:\/\/mersinkadingazetesi.com\/index.php?rest_route=%2Fwp%2Fv2%2Fcomments&post=38618"}],"version-history":[{"count":1,"href":"https:\/\/mersinkadingazetesi.com\/index.php?rest_route=\/wp\/v2\/posts\/38618\/revisions"}],"predecessor-version":[{"id":38620,"href":"https:\/\/mersinkadingazetesi.com\/index.php?rest_route=\/wp\/v2\/posts\/38618\/revisions\/38620"}],"wp:featuredmedia":[{"embeddable":true,"href":"https:\/\/mersinkadingazetesi.com\/index.php?rest_route=\/wp\/v2\/media\/38619"}],"wp:attachment":[{"href":"https:\/\/mersinkadingazetesi.com\/index.php?rest_route=%2Fwp%2Fv2%2Fmedia&parent=38618"}],"wp:term":[{"taxonomy":"category","embeddable":true,"href":"https:\/\/mersinkadingazetesi.com\/index.php?rest_route=%2Fwp%2Fv2%2Fcategories&post=38618"},{"taxonomy":"post_tag","embeddable":true,"href":"https:\/\/mersinkadingazetesi.com\/index.php?rest_route=%2Fwp%2Fv2%2Ftags&post=38618"}],"curies":[{"name":"wp","href":"https:\/\/api.w.org\/{rel}","templated":true}]}}