{"id":38621,"date":"2025-01-10T15:37:41","date_gmt":"2025-01-10T12:37:41","guid":{"rendered":"https:\/\/mersinkadingazetesi.com\/?p=38621"},"modified":"2025-01-10T15:37:42","modified_gmt":"2025-01-10T12:37:42","slug":"basin-demokrasinin-vazgecilmez-unsurlarindan-biri","status":"publish","type":"post","link":"https:\/\/mersinkadingazetesi.com\/?p=38621","title":{"rendered":"\u2018Bas\u0131n demokrasinin vazge\u00e7ilmez unsurlar\u0131ndan biri\u2019"},"content":{"rendered":"\n<p>MES\u0130AD Y\u00f6netim Kurulu Ba\u015fkan\u0131 Adnan G\u00fcndo\u011fdu, 10 Ocak \u00c7al\u0131\u015fan Gazeteciler G\u00fcn\u00fc ile ilgili mesaj payla\u015ft\u0131.<\/p>\n\n\n\n<p>G\u00fcndo\u011fdu, \u201cDemokrasinin vazge\u00e7ilmez unsurlar\u0131ndan biri olan bas\u0131n, toplumun do\u011fru bilgiye ula\u015fmas\u0131n\u0131 sa\u011flayarak \u015feffafl\u0131k ve g\u00fcven ortam\u0131n\u0131 in\u015fa eder. B\u00fcy\u00fck bir \u00f6zveri ve fedak\u00e2rl\u0131kla g\u00f6rev yapan siz de\u011ferli gazeteciler, mesai kavram\u0131 g\u00f6zetmeden halk\u0131n sesi olmaya devam ediyorsunuz.Haberin pe\u015finde ko\u015farken g\u00f6sterdi\u011finiz emek ve toplumu ayd\u0131nlatma \u00e7aban\u0131z her t\u00fcrl\u00fc takdiri hak ediyor. \u00d6zellikle zorlu \u00e7al\u0131\u015fma ko\u015fullar\u0131nda bile halk\u0131n haber alma \u00f6zg\u00fcrl\u00fc\u011f\u00fcn\u00fc savunarak toplumsal bilincin y\u00fckselmesine katk\u0131 sa\u011fl\u0131yorsunuz. Bu anlaml\u0131 g\u00fcnde, tarafs\u0131z, \u00f6zg\u00fcr ve etik de\u011ferlerle mesle\u011fini icra eden t\u00fcm gazetecilere te\u015fekk\u00fcrlerimi sunuyor, \u00e7al\u0131\u015fma hayat\u0131n\u0131zda ba\u015far\u0131lar diliyorum. 10 Ocak \u00c7al\u0131\u015fan Gazeteciler G\u00fcn\u00fc\u2019n\u00fcz kutlu olsun!\u201d dedi. (Haber Merkezi)<\/p>\n","protected":false},"excerpt":{"rendered":"<p>MES\u0130AD Y\u00f6netim Kurulu Ba\u015fkan\u0131 Adnan G\u00fcndo\u011fdu, 10 Ocak \u00c7al\u0131\u015fan Gazeteciler G\u00fcn\u00fc ile ilgili mesaj payla\u015ft\u0131. G\u00fcndo\u011fdu, \u201cDemokrasinin vazge\u00e7ilmez unsurlar\u0131ndan biri olan bas\u0131n, toplumun do\u011fru bilgiye ula\u015fmas\u0131n\u0131 sa\u011flayarak \u015feffafl\u0131k ve g\u00fcven ortam\u0131n\u0131 in\u015fa eder. B\u00fcy\u00fck bir \u00f6zveri ve fedak\u00e2rl\u0131kla g\u00f6rev yapan siz de\u011ferli gazeteciler, mesai kavram\u0131 g\u00f6zetmeden halk\u0131n sesi olmaya devam ediyorsunuz.Haberin pe\u015finde ko\u015farken g\u00f6sterdi\u011finiz emek [&hellip;]<\/p>\n","protected":false},"author":2,"featured_media":38622,"comment_status":"closed","ping_status":"closed","sticky":false,"template":"","format":"standard","meta":{"footnotes":""},"categories":[3],"tags":[],"class_list":["post-38621","post","type-post","status-publish","format-standard","has-post-thumbnail","hentry","category-manset"],"views":4,"_links":{"self":[{"href":"https:\/\/mersinkadingazetesi.com\/index.php?rest_route=\/wp\/v2\/posts\/38621"}],"collection":[{"href":"https:\/\/mersinkadingazetesi.com\/index.php?rest_route=\/wp\/v2\/posts"}],"about":[{"href":"https:\/\/mersinkadingazetesi.com\/index.php?rest_route=\/wp\/v2\/types\/post"}],"author":[{"embeddable":true,"href":"https:\/\/mersinkadingazetesi.com\/index.php?rest_route=\/wp\/v2\/users\/2"}],"replies":[{"embeddable":true,"href":"https:\/\/mersinkadingazetesi.com\/index.php?rest_route=%2Fwp%2Fv2%2Fcomments&post=38621"}],"version-history":[{"count":1,"href":"https:\/\/mersinkadingazetesi.com\/index.php?rest_route=\/wp\/v2\/posts\/38621\/revisions"}],"predecessor-version":[{"id":38623,"href":"https:\/\/mersinkadingazetesi.com\/index.php?rest_route=\/wp\/v2\/posts\/38621\/revisions\/38623"}],"wp:featuredmedia":[{"embeddable":true,"href":"https:\/\/mersinkadingazetesi.com\/index.php?rest_route=\/wp\/v2\/media\/38622"}],"wp:attachment":[{"href":"https:\/\/mersinkadingazetesi.com\/index.php?rest_route=%2Fwp%2Fv2%2Fmedia&parent=38621"}],"wp:term":[{"taxonomy":"category","embeddable":true,"href":"https:\/\/mersinkadingazetesi.com\/index.php?rest_route=%2Fwp%2Fv2%2Fcategories&post=38621"},{"taxonomy":"post_tag","embeddable":true,"href":"https:\/\/mersinkadingazetesi.com\/index.php?rest_route=%2Fwp%2Fv2%2Ftags&post=38621"}],"curies":[{"name":"wp","href":"https:\/\/api.w.org\/{rel}","templated":true}]}}