{"id":38624,"date":"2025-01-12T10:51:11","date_gmt":"2025-01-12T07:51:11","guid":{"rendered":"https:\/\/mersinkadingazetesi.com\/?p=38624"},"modified":"2025-01-12T10:51:11","modified_gmt":"2025-01-12T07:51:11","slug":"mersin-buyuksehir-degisim-icin-birlikte-projesi-kapsaminda-cocuklarla-atolye-calismalari-gerceklestirdi","status":"publish","type":"post","link":"https:\/\/mersinkadingazetesi.com\/?p=38624","title":{"rendered":"MERS\u0130N B\u00dcY\u00dcK\u015eEH\u0130R, &#8216;DE\u011e\u0130\u015e\u0130M \u0130\u00c7\u0130N B\u0130RL\u0130KTE&#8217; PROJES\u0130 KAPSAMINDA \u00c7OCUKLARLA AT\u00d6LYE \u00c7ALI\u015eMALARI GER\u00c7EKLE\u015eT\u0130RD\u0130"},"content":{"rendered":"\n<p>Mersin B\u00fcy\u00fck\u015fehir Belediyesi, Anadolu K\u00fclt\u00fcr Sanat&#8217;\u0131n&nbsp;<strong>&#8216;De\u011fi\u015fim \u0130\u00e7in Birlikte&#8217;<\/strong>&nbsp;projesinin payda\u015f\u0131 olarak tar\u0131m alan\u0131ndaki ailelerin \u00e7ocuklar\u0131yla bir araya gelerek, sanatsal ve e\u011fitici at\u00f6lye \u00e7al\u0131\u015fmalar\u0131 d\u00fczenledi. Proje, t\u00fcm \u00e7ocuklar\u0131n nitelikli e\u011fitim hakk\u0131na sahip oldu\u011funa dikkat \u00e7ekmeyi hedefliyor.<\/p>\n\n\n\n<p>Mersin B\u00fcy\u00fck\u015fehir Belediyesi Sosyal Uyum Merkezi&#8217;nin deste\u011fiyle, G\u00fcnyurdu Mahallesi&#8217;nde ya\u015fayan \u00e7ocuklardan bir grup belirlendi. \u00c7ocuklarla yap\u0131lan at\u00f6lyelerde; yarat\u0131c\u0131 drama, masal yarat\u0131m\u0131 ve mini fig\u00fcrlerle sanatsal ifade \u00e7al\u0131\u015fmalar\u0131 ger\u00e7ekle\u015ftirildi. \u00c7ocuklar, e\u011fitim ve k\u00fclt\u00fcr hakk\u0131 gibi \u00f6nemli konular\u0131 g\u00fcndeme getirirken, sanat\u0131 bir ifade bi\u00e7imi olarak kulland\u0131.<\/p>\n\n\n\n<p>At\u00f6lye \u00e7al\u0131\u015fmas\u0131n\u0131n ilk g\u00fcn\u00fcnde G\u00fcnyurdu-Atgirmez mevkiinde bulunan Kad\u0131n ve \u00c7ocuk At\u00f6lyesi&#8217;nde \u00e7ocuklar kendi hikayelerini anlatarak, heykeller ve korkuluklar tasarlad\u0131. Bu etkinlikler; onlar\u0131n yarat\u0131c\u0131l\u0131klar\u0131n\u0131 ortaya koymalar\u0131na, ayn\u0131 zamanda toplumsal konular \u00fczerine d\u00fc\u015f\u00fcnmelerine olanak tan\u0131d\u0131. \u0130kinci g\u00fcn B\u00fcy\u00fck\u015fehir Belediyesi&#8217;nin Adnan Menderes Bulvar\u0131&#8217;nda yer alan Etkinlik ve Sanat Merkezi&#8217;ne getirilen \u00e7ocuklar, burada kendi tasarlad\u0131klar\u0131 korkuluk fig\u00fcrlerini yapt\u0131.<\/p>\n\n\n\n<p><strong>Yazg\u0131: &#8220;Hedefimiz; t\u00fcm \u00e7ocuklar\u0131n nitelikli e\u011fitime, k\u00fclt\u00fcrel ve sanatsal faaliyetlere eri\u015fimini<\/strong>&nbsp;<strong>sa\u011flamak&#8221;<\/strong><\/p>\n\n\n\n<p>Sosyal Hizmetler Dairesi&#8217;nde g\u00f6rev yapan Sosyal Hizmet Uzman\u0131 Yusuf Yazg\u0131; tar\u0131m alanlar\u0131nda ya\u015fayan \u00e7ocuklar\u0131n e\u011fitim hakk\u0131na odaklanmak ve fark\u0131ndal\u0131k yaratmak ad\u0131na, yerel y\u00f6netim, sivil toplum ve k\u00fclt\u00fcr sanat akt\u00f6rleri olarak bir arada olduklar\u0131n\u0131 ifade ederek,&nbsp;<strong>&#8220;Tarsus&#8217;un G\u00fcnyurdu Mahallesi&#8217;nde ya\u015fayan \u00e7ocuklar\u0131m\u0131z\u0131n g\u00fcndem etmek istedikleri konularda yarat\u0131c\u0131 drama, masal yarat\u0131m\u0131 ve mini fig\u00fcrlerle sanatsal ifade at\u00f6lyeleri ger\u00e7ekle\u015ftirdik. Projede hedefimiz; t\u00fcm \u00e7ocuklar\u0131n nitelikli e\u011fitime, k\u00fclt\u00fcrel ve sanatsal faaliyetlere eri\u015fimini sa\u011flamak&#8221;<\/strong>&nbsp;dedi.<\/p>\n\n\n\n<p><strong>Ay: &#8220;\u00c7ocuklarla aktiviteler yaparak, ya\u015fad\u0131klar\u0131 yerin rotalar\u0131n\u0131 \u00e7\u0131kard\u0131k&#8221;<\/strong><\/p>\n\n\n\n<p>K\u00fclt\u00fcrhane&#8217;de g\u00f6rev yapan Ciran Ay, proje kapsam\u0131nda her kurulu\u015fun kendince bir rol ald\u0131\u011f\u0131n\u0131 anlatarak,&nbsp;<strong>&#8220;B\u00fcy\u00fck\u015fehir Belediyesi G\u00f6\u00e7 Uyum Merkezi&#8217;ndeki arkada\u015flar bize yer se\u00e7iminde yard\u0131mc\u0131 oldu ve o \u00e7ocuklarla tan\u0131\u015ft\u0131k. Bir \u00e7\u0131kt\u0131 alabilmek i\u00e7in; t\u00fcm kurumlar olarak \u00e7ocuklarla aktiviteler yaparak, \u00e7ocuklar\u0131n ya\u015fad\u0131klar\u0131 yerin rotalar\u0131n\u0131 \u00e7\u0131kard\u0131k. Bu rotalar\u0131n \u00fcst\u00fcnde, onlar\u0131n kendi haklar\u0131na eri\u015fememeleri \u00fczerine simgesel bir \u015feyler b\u0131rakmay\u0131 d\u00fc\u015f\u00fcnd\u00fck. \u00c7ocuklar\u0131n k\u00f6y i\u00e7indeki rotas\u0131n\u0131 \u00e7izmeye \u00e7al\u0131\u015ft\u0131k&#8221;<\/strong>&nbsp;diye konu\u015ftu.&nbsp;<\/p>\n\n\n\n<p><strong>\u00c7ocuklar etkinlikten keyif ald\u0131lar<\/strong><\/p>\n\n\n\n<p>B\u00fcy\u00fck\u015fehir Belediyesi Kad\u0131n ve Aile Hizmetleri Dairesi Ba\u015fkanl\u0131\u011f\u0131&#8217;na ba\u011fl\u0131 G\u00fcnyurdu-Atgirmez mevkiinde bulunan Kad\u0131n ve \u00c7ocuk At\u00f6lyesi&#8217;nde program dahilinde d\u00fczenlenen at\u00f6lye \u00e7al\u0131\u015fmalar\u0131na kat\u0131lan Hasret A\u011f\u0131ra\u011fa\u00e7, baz\u0131 etkinlikleri ilk kez deneyimleme f\u0131rsat\u0131 yakalad\u0131\u011f\u0131n\u0131 belirterek,&nbsp;<strong>&#8220;Bizim i\u00e7in \u00e7ok b\u00fcy\u00fck bir an\u0131 oldu. \u00d6nceden hi\u00e7 heykel boyamad\u0131m, ama burada boyad\u0131m. Bir deneyimim oldu en az\u0131ndan. Gezmedi\u011fim, g\u00f6rmedi\u011fim yerleri g\u00f6rd\u00fcm. Bir\u00e7ok insanla tan\u0131\u015ft\u0131m ve bu durumdan \u00e7ok mutluyum&#8221;<\/strong>&nbsp;ifadelerine yer verdi.&nbsp;<\/p>\n\n\n\n<p>Ravza Kahveci ise, her \u00e7ocu\u011fun e\u011fitim almas\u0131 gerekti\u011finin alt\u0131n\u0131 \u00e7izerek,&nbsp;<strong>&#8220;At\u00f6lye&#8217;nin bize \u00e7ok katk\u0131lar\u0131 oldu. Burada vakit ge\u00e7irebiliyoruz, arkada\u015flar\u0131m\u0131zla birlikte etkinlikler yapabiliyoruz. Ben yaz\u0131n okula gitmedi\u011fim i\u00e7in \u00e7al\u0131\u015f\u0131yordum. Okul hayat\u0131 ger\u00e7ekten \u00e7ok \u00f6nemli&#8221;<\/strong>&nbsp;dedi.<\/p>\n\n\n\n<p>12 ya\u015f\u0131ndaki Umutcan Filiz etkinli\u011fin 2. g\u00fcn\u00fcnde de keyifli vakit ge\u00e7irdiklerini anlatarak,&nbsp;<strong>&#8220;Kukla boyad\u0131k. Oyun oynad\u0131k, sorular sordular. \u00c7ok g\u00fczeldi&#8221;<\/strong>&nbsp;diye konu\u015ftu.<\/p>\n","protected":false},"excerpt":{"rendered":"<p>Mersin B\u00fcy\u00fck\u015fehir Belediyesi, Anadolu K\u00fclt\u00fcr Sanat&#8217;\u0131n&nbsp;&#8216;De\u011fi\u015fim \u0130\u00e7in Birlikte&#8217;&nbsp;projesinin payda\u015f\u0131 olarak tar\u0131m alan\u0131ndaki ailelerin \u00e7ocuklar\u0131yla bir araya gelerek, sanatsal ve e\u011fitici at\u00f6lye \u00e7al\u0131\u015fmalar\u0131 d\u00fczenledi. Proje, t\u00fcm \u00e7ocuklar\u0131n nitelikli e\u011fitim hakk\u0131na sahip oldu\u011funa dikkat \u00e7ekmeyi hedefliyor. Mersin B\u00fcy\u00fck\u015fehir Belediyesi Sosyal Uyum Merkezi&#8217;nin deste\u011fiyle, G\u00fcnyurdu Mahallesi&#8217;nde ya\u015fayan \u00e7ocuklardan bir grup belirlendi. \u00c7ocuklarla yap\u0131lan at\u00f6lyelerde; yarat\u0131c\u0131 drama, masal yarat\u0131m\u0131 [&hellip;]<\/p>\n","protected":false},"author":2,"featured_media":38625,"comment_status":"closed","ping_status":"closed","sticky":false,"template":"","format":"standard","meta":{"footnotes":""},"categories":[3],"tags":[],"class_list":["post-38624","post","type-post","status-publish","format-standard","has-post-thumbnail","hentry","category-manset"],"views":6,"_links":{"self":[{"href":"https:\/\/mersinkadingazetesi.com\/index.php?rest_route=\/wp\/v2\/posts\/38624"}],"collection":[{"href":"https:\/\/mersinkadingazetesi.com\/index.php?rest_route=\/wp\/v2\/posts"}],"about":[{"href":"https:\/\/mersinkadingazetesi.com\/index.php?rest_route=\/wp\/v2\/types\/post"}],"author":[{"embeddable":true,"href":"https:\/\/mersinkadingazetesi.com\/index.php?rest_route=\/wp\/v2\/users\/2"}],"replies":[{"embeddable":true,"href":"https:\/\/mersinkadingazetesi.com\/index.php?rest_route=%2Fwp%2Fv2%2Fcomments&post=38624"}],"version-history":[{"count":1,"href":"https:\/\/mersinkadingazetesi.com\/index.php?rest_route=\/wp\/v2\/posts\/38624\/revisions"}],"predecessor-version":[{"id":38626,"href":"https:\/\/mersinkadingazetesi.com\/index.php?rest_route=\/wp\/v2\/posts\/38624\/revisions\/38626"}],"wp:featuredmedia":[{"embeddable":true,"href":"https:\/\/mersinkadingazetesi.com\/index.php?rest_route=\/wp\/v2\/media\/38625"}],"wp:attachment":[{"href":"https:\/\/mersinkadingazetesi.com\/index.php?rest_route=%2Fwp%2Fv2%2Fmedia&parent=38624"}],"wp:term":[{"taxonomy":"category","embeddable":true,"href":"https:\/\/mersinkadingazetesi.com\/index.php?rest_route=%2Fwp%2Fv2%2Fcategories&post=38624"},{"taxonomy":"post_tag","embeddable":true,"href":"https:\/\/mersinkadingazetesi.com\/index.php?rest_route=%2Fwp%2Fv2%2Ftags&post=38624"}],"curies":[{"name":"wp","href":"https:\/\/api.w.org\/{rel}","templated":true}]}}