{"id":38627,"date":"2025-01-12T10:55:46","date_gmt":"2025-01-12T07:55:46","guid":{"rendered":"https:\/\/mersinkadingazetesi.com\/?p=38627"},"modified":"2025-01-12T10:55:47","modified_gmt":"2025-01-12T07:55:47","slug":"baskan-yildiz-gazetecilik-demokrasinin-temel-tasidir","status":"publish","type":"post","link":"https:\/\/mersinkadingazetesi.com\/?p=38627","title":{"rendered":"BA\u015eKAN YILDIZ: &#8220;GAZETEC\u0130L\u0130K, DEMOKRAS\u0130N\u0130N TEMEL TA\u015eIDIR&#8221;"},"content":{"rendered":"\n<p>10 Ocak \u00c7al\u0131\u015fan Gazeteciler G\u00fcn\u00fc kapsam\u0131nda gazetecilerle bir araya gelen Toroslar Belediye Ba\u015fkan\u0131 Abdurrahman Y\u0131ld\u0131z, &#8220;Gazetecilik mesle\u011fi, demokrasinin i\u015fleyebilmesinin, \u00f6zg\u00fcrl\u00fcklerin ger\u00e7ek anlamda ya\u015fanabilmesinin temel ko\u015fullar\u0131ndan bir tanesidir. Yani bir \u00fclkede gazetecilik faaliyeti yap\u0131labiliyorsa ancak o \u00fclkede ger\u00e7ek demokrasi i\u015fler. Ger\u00e7ekten \u00f6zg\u00fcrl\u00fck alan\u0131 geni\u015fliyor olur&#8221; dedi.<\/p>\n\n\n\n<p>Toroslar Belediye Ba\u015fkan\u0131 Abdurrahman Y\u0131ld\u0131z, 10 Ocak \u00c7al\u0131\u015fan Gazeteciler G\u00fcn\u00fc dolay\u0131s\u0131yla Mersin&#8217;deki bas\u0131n \u00e7al\u0131\u015fanlar\u0131yla kahvalt\u0131 program\u0131nda bir araya geldi. Gazetecilerin yo\u011fun kat\u0131l\u0131m sa\u011flad\u0131\u011f\u0131 program, belediye faaliyetlerinin tan\u0131t\u0131ld\u0131\u011f\u0131 sinevizyon g\u00f6sterimiyle ba\u015flad\u0131. Ard\u0131ndan gazetecilerle sohbet eden Ba\u015fkan Y\u0131ld\u0131z, burada bir konu\u015fma yapt\u0131.<\/p>\n\n\n\n<p><strong>&#8220;GAZETEC\u0130L\u0130K SIKINTILI B\u0130R \u0130\u015e HAL\u0130NE GELD\u0130&#8221;<\/strong><\/p>\n\n\n\n<p>Gazetecili\u011fin demokrasinin i\u015flerli\u011fi ve \u00f6zg\u00fcrl\u00fcklerin korunmas\u0131nda kritik bir rol oynad\u0131\u011f\u0131n\u0131 ifade eden Y\u0131ld\u0131z, &#8220;Maalesef bizim \u00fclkemizde bu i\u015f art\u0131k o kadar kolay de\u011fil. T\u00fcrkiye&#8217;de gazetecilik yapmak herhalde Zonguldak Ere\u011fli&#8217;de madende \u00e7al\u0131\u015fmaktan daha tehlikeli hale geldi. Ger\u00e7ekten bir sabah kalkt\u0131\u011f\u0131n\u0131zda, ele\u015ftirdi\u011finiz bir yaz\u0131n\u0131zdan dolay\u0131 ba\u015f\u0131n\u0131za ne gelece\u011fini art\u0131k tahmin edemiyorsunuz. Dolay\u0131s\u0131yla T\u00fcrkiye&#8217;de gazetecilik yapmak art\u0131k \u00e7ok s\u0131k\u0131nt\u0131l\u0131 bir i\u015f haline gelmeye ba\u015flad\u0131&#8221; \u015feklinde konu\u015ftu.<\/p>\n\n\n\n<p><strong>&#8220;GAZETEC\u0130L\u0130KTE OTOSANS\u00dcR YAYGINLA\u015eIYOR&#8221;<\/strong><\/p>\n\n\n\n<p>T\u00fcrkiye&#8217;de gazetecilerin kar\u015f\u0131la\u015ft\u0131\u011f\u0131 zorluklara de\u011finen Y\u0131ld\u0131z, oto sans\u00fcr\u00fcn yayg\u0131nla\u015ft\u0131\u011f\u0131n\u0131 \u015fu s\u00f6zlerle dile getirdi:<\/p>\n\n\n\n<p>&#8220;Daha da tehlikelisi, gazeteci dostlar\u0131m\u0131z bile art\u0131k yava\u015f yava\u015f kendilerine sans\u00fcr uygulamaya ba\u015flad\u0131. \u00c7\u00fcnk\u00fc gazetecilik, T\u00fcrkiye&#8217;deki bir\u00e7ok kurumda oldu\u011fu gibi bas\u0131n kurumunda da gereksiz bir siyasalla\u015fma ya\u015f\u0131yor. \u015eunu demek istemiyorum: Gazetecilerin hi\u00e7bir siyasi g\u00f6r\u00fc\u015f\u00fc olmamal\u0131d\u0131r demiyorum. Ancak kurumsal anlamda, nas\u0131l ki adliye, sa\u011fl\u0131k, e\u011fitim ve devlet bankalar\u0131 siyasalla\u015ft\u0131ysa, bas\u0131n kurumu da son y\u0131llarda anlams\u0131z bir \u015fekilde kurumsal olarak siyasalla\u015fmaya ba\u015flad\u0131. Ve siyasalla\u015ft\u0131k\u00e7a da kendi i\u015flevini ve etkisini kaybetmeye ba\u015flad\u0131.&#8221;<\/p>\n\n\n\n<p><strong>&#8220;MEDYA, HALKIN SORUNLARINA DAHA FAZLA YER VERMEL\u0130&#8221;<\/strong><\/p>\n\n\n\n<p>Medya organlar\u0131n\u0131n \u00fclkenin ger\u00e7ek g\u00fcndeminden uzakla\u015ft\u0131\u011f\u0131n\u0131 belirten Ba\u015fkan Y\u0131ld\u0131z, halk\u0131n ekonomik ve sosyal sorunlar\u0131n\u0131n daha fazla g\u00fcndeme getirilmesi gerekti\u011fini vurgulad\u0131.<\/p>\n\n\n\n<p><strong>&#8220;S\u0130YAS\u0130LER ELE\u015eT\u0130R\u0130YE A\u00c7IK OLMALI&#8221;<\/strong><\/p>\n\n\n\n<p>Siyasilerin ele\u015ftirilere tahamm\u00fcl g\u00f6stermesi gerekti\u011finin alt\u0131n\u0131 \u00e7izen Y\u0131ld\u0131z,&nbsp; &#8220;Siyasilerin de tahamm\u00fcll\u00fc ve ele\u015ftirilmeyi \u00f6\u011frenmesi laz\u0131m. Ele\u015ftirilmeyen insan, en \u00e7ok yanl\u0131\u015f yapmaya aday ki\u015fidir. E\u011fer s\u00fcrekli birileri size &#8216;\u00e7ok g\u00fczel \u015fey yapt\u0131n&#8217; diyorsa, bu yanl\u0131\u015f yapma ihtimalimizi art\u0131r\u0131r. \u0130l\u00e7e y\u00f6netiminde bile b\u00f6yleyse, \u00fclke \u00e7ap\u0131nda daha da \u00f6nemlidir. Bazen bir noktadan sonra d\u00f6n\u00fcp kendinize diyorsunuz ki; &#8216;ben ne m\u00fckemmel bir adamm\u0131\u015f\u0131m! T\u00fcm yapt\u0131\u011f\u0131m i\u015fler ve s\u00f6zler \u00e7ok m\u00fckemmel. B\u00fct\u00fcn laflar\u0131m acayip kerametli!&#8217; Bunu bozacak olan gazetecilerdir. Siyasilerin buna tahamm\u00fcl etmesi gerekir. Avrupa \u0130nsan Haklar\u0131 Mahkemesi de diyor ki, &#8216;A\u011f\u0131r hakaret yoksa siyaset\u00e7iler en sert ele\u015ftirilere a\u00e7\u0131k olmal\u0131d\u0131r.&#8217; Madem aday oldun ve se\u00e7ildin, se\u00e7ildiysen ele\u015ftirilece\u011fini de bilmelisin&#8221; ifadelerini konu\u015ftu.<\/p>\n\n\n\n<p><strong>&#8220;10 OCAK \u00c7ALI\u015eAN GAZETEC\u0130LER G\u00dcN\u00dc KUTLU OLSUN&#8221;<\/strong><\/p>\n\n\n\n<p>Y\u0131ld\u0131z, &#8220;Program\u0131m\u0131za kat\u0131ld\u0131\u011f\u0131n\u0131z i\u00e7in onur duyduk. Bundan sonraki meslek ya\u015fam\u0131n\u0131z\u0131n daha \u00f6zg\u00fcr ve demokratik bir ortamda ge\u00e7mesini diliyorum. \u00c7al\u0131\u015fan Gazeteciler G\u00fcn\u00fc&#8217;n\u00fcz\u00fc tekrar kutluyorum&#8221; diyerek s\u00f6zlerine son verdi.<\/p>\n\n\n\n<p>\u00c7al\u0131\u015fan Gazeteciler G\u00fcn\u00fc an\u0131s\u0131na bu defa Ba\u015fkan Y\u0131ld\u0131z, eline foto\u011fraf makinesini alarak bas\u0131n mensuplar\u0131n\u0131n foto\u011fraf\u0131 i\u00e7in deklan\u015f\u00f6re bast\u0131.<\/p>\n","protected":false},"excerpt":{"rendered":"<p>10 Ocak \u00c7al\u0131\u015fan Gazeteciler G\u00fcn\u00fc kapsam\u0131nda gazetecilerle bir araya gelen Toroslar Belediye Ba\u015fkan\u0131 Abdurrahman Y\u0131ld\u0131z, &#8220;Gazetecilik mesle\u011fi, demokrasinin i\u015fleyebilmesinin, \u00f6zg\u00fcrl\u00fcklerin ger\u00e7ek anlamda ya\u015fanabilmesinin temel ko\u015fullar\u0131ndan bir tanesidir. Yani bir \u00fclkede gazetecilik faaliyeti yap\u0131labiliyorsa ancak o \u00fclkede ger\u00e7ek demokrasi i\u015fler. Ger\u00e7ekten \u00f6zg\u00fcrl\u00fck alan\u0131 geni\u015fliyor olur&#8221; dedi. Toroslar Belediye Ba\u015fkan\u0131 Abdurrahman Y\u0131ld\u0131z, 10 Ocak \u00c7al\u0131\u015fan Gazeteciler G\u00fcn\u00fc [&hellip;]<\/p>\n","protected":false},"author":2,"featured_media":38629,"comment_status":"closed","ping_status":"closed","sticky":false,"template":"","format":"standard","meta":{"footnotes":""},"categories":[34,3,5],"tags":[],"class_list":["post-38627","post","type-post","status-publish","format-standard","has-post-thumbnail","hentry","category-flas-haber","category-manset","category-mersin"],"views":5,"_links":{"self":[{"href":"https:\/\/mersinkadingazetesi.com\/index.php?rest_route=\/wp\/v2\/posts\/38627"}],"collection":[{"href":"https:\/\/mersinkadingazetesi.com\/index.php?rest_route=\/wp\/v2\/posts"}],"about":[{"href":"https:\/\/mersinkadingazetesi.com\/index.php?rest_route=\/wp\/v2\/types\/post"}],"author":[{"embeddable":true,"href":"https:\/\/mersinkadingazetesi.com\/index.php?rest_route=\/wp\/v2\/users\/2"}],"replies":[{"embeddable":true,"href":"https:\/\/mersinkadingazetesi.com\/index.php?rest_route=%2Fwp%2Fv2%2Fcomments&post=38627"}],"version-history":[{"count":1,"href":"https:\/\/mersinkadingazetesi.com\/index.php?rest_route=\/wp\/v2\/posts\/38627\/revisions"}],"predecessor-version":[{"id":38630,"href":"https:\/\/mersinkadingazetesi.com\/index.php?rest_route=\/wp\/v2\/posts\/38627\/revisions\/38630"}],"wp:featuredmedia":[{"embeddable":true,"href":"https:\/\/mersinkadingazetesi.com\/index.php?rest_route=\/wp\/v2\/media\/38629"}],"wp:attachment":[{"href":"https:\/\/mersinkadingazetesi.com\/index.php?rest_route=%2Fwp%2Fv2%2Fmedia&parent=38627"}],"wp:term":[{"taxonomy":"category","embeddable":true,"href":"https:\/\/mersinkadingazetesi.com\/index.php?rest_route=%2Fwp%2Fv2%2Fcategories&post=38627"},{"taxonomy":"post_tag","embeddable":true,"href":"https:\/\/mersinkadingazetesi.com\/index.php?rest_route=%2Fwp%2Fv2%2Ftags&post=38627"}],"curies":[{"name":"wp","href":"https:\/\/api.w.org\/{rel}","templated":true}]}}