{"id":38631,"date":"2025-01-12T10:58:51","date_gmt":"2025-01-12T07:58:51","guid":{"rendered":"https:\/\/mersinkadingazetesi.com\/?p=38631"},"modified":"2025-01-12T10:58:51","modified_gmt":"2025-01-12T07:58:51","slug":"deva-partili-ekmen-surecle-ilgili-tbmm-ne-zaman-bilgilendirilecek","status":"publish","type":"post","link":"https:\/\/mersinkadingazetesi.com\/?p=38631","title":{"rendered":"DEVA Partili Ekmen: S\u00fcre\u00e7le ilgili TBMM ne zaman bilgilendirilecek?\u00a0"},"content":{"rendered":"\n<figure class=\"wp-block-table\"><table class=\"has-fixed-layout\"><tbody><tr><td><strong>DEVA Partisi Genel Ba\u015fkan Yard\u0131mc\u0131s\u0131 Mehmet Emin Ekmen, MHP Genel Ba\u015fkan\u0131 Devlet Bah\u00e7eli\u2019nin ba\u015flatt\u0131\u011f\u0131 1 Ekim giri\u015fimi ve a\u00e7\u0131klamalar\u0131yla ilgili TBMM\u2019de konu\u015ftu. MHP lideri Bah\u00e7eli\u2019nin ba\u015flatt\u0131\u011f\u0131 s\u00fcrecin ba\u015far\u0131l\u0131 olmas\u0131 dile\u011fini payla\u015fan Ekmen, \u0130mral\u0131 heyetinin partilere bilgilendirme yapmas\u0131na ra\u011fmen, h\u00fck\u00fcmet yetkililerinin neden bilgilendirme yapmad\u0131\u011f\u0131na dikkati \u00e7ekerek, \u201c\u00dc\u00e7 ayl\u0131k bir zaman ge\u00e7ti, bu s\u00fcre\u00e7 i\u00e7erisinde T\u00fcrkiye B\u00fcy\u00fck Millet Meclisi\u2019nin, siyasi partilerin, \u00fcyelerinin a\u00e7\u0131k veya kapal\u0131 bir oturumla bilgilendirilmesi gerekmez miydi?\u201d diye sordu.&nbsp;<\/strong>&nbsp;DEVA Partisi Genel Ba\u015fkan Yard\u0131mc\u0131s\u0131 ve Mersin Milletvekili Mehmet Emin Ekmen, MHP Genel Ba\u015fkan\u0131 Devlet Bah\u00e7eli\u2019nin son d\u00f6nemdeki a\u00e7\u0131klamalar\u0131yla ilgili T\u00fcrkiye B\u00fcy\u00fck Millet Meclisi (TBMM) Genel Kurulu\u2019nda konu\u015ftu.&nbsp;&nbsp;<strong>S\u0130LAHSIZLANDIRMA G\u0130R\u0130\u015e\u0130M\u0130 EN AZ 12 KERE DENENM\u0130\u015e<\/strong>T\u00fcrkiye kamuoyunun ve medyas\u0131n\u0131n son \u00fc\u00e7 ayd\u0131r MHP Genel Ba\u015fkan\u0131 Devlet Bah\u00e7eli\u2019nin a\u00e7\u0131klamalar\u0131n\u0131 konu\u015ftu\u011funu s\u00f6yleyen Ekmen, DEM Parti ve MHP\u2019li yetkililerin ekranlarda konu\u015fmad\u0131\u011f\u0131n\u0131 ve yorumcular\u0131n varsay\u0131mlar \u00fczerinden de\u011ferlendirmelerde bulundu\u011funu ifade etti. MHP lideri Bah\u00e7eli\u2019nin ba\u015flatt\u0131\u011f\u0131 s\u00fcrecin temkinlik bir iyimserlikle olumlu kar\u015f\u0131land\u0131\u011f\u0131n\u0131 dile getiren Ekmen, \u201cSay\u0131n Bah\u00e7eli&#8217;nin 1 Ekim\u2019de tokala\u015fmayla ba\u015flatt\u0131\u011f\u0131 s\u00fcrecin do\u011furaca\u011f\u0131 sonu\u00e7lara dair bir umut, bir inan\u00e7la bu giri\u015fimin desteklenmesi gerekti\u011fine inananlardan\u0131m. Say\u0131n Bah\u00e7eli&#8217;nin buradan yapt\u0131\u011f\u0131 \u00e7a\u011fr\u0131 ne d\u00fcnya siyasi sahnesinde ne de T\u00fcrk devletinin tarihinde ilk defa yap\u0131lan bir i\u015f de\u011fil. Gerek a\u00e7\u0131k kaynaklar gerek devlet kaynaklar\u0131 ilki 1993&#8217;te \u00d6zal&#8217;la ba\u015flayan, Erbakan&#8217;\u0131n, Demirel&#8217;in, \u00c7evik Bir&#8217;in, Hasan Atilla U\u011fur&#8217;un, AK Parti d\u00f6neminde 2004&#8217;te, 2009&#8217;da, 2011&#8217;de, 2013&#8217;te bu \u015fekilde g\u00f6r\u00fc\u015fmeler yoluyla bir silahs\u0131zland\u0131rma \u00e7abas\u0131n\u0131 bize hat\u0131rlat\u0131yor. Keza Avrupa\u2019da \u0130rlanda ve \u0130spanya, Afrika\u2019da G\u00fcney Afrika, Amerika k\u0131tas\u0131nda Kolombiya, Uzak Asya\u2019da Filipinler ve A\u00e7e deneyimleri buna \u00f6rnek olabilir. \u015e\u00fcphesiz bu ve benzeri giri\u015fimlerin de kendine mahsus da olsa bir kimli\u011finin, bir g\u00f6r\u00fcn\u00fcm\u00fcn\u00fcn ve bir tarz\u0131n\u0131n olu\u015fmas\u0131 gerekiyor. Aradan ge\u00e7en \u00fc\u00e7 ay b\u00f6yle bir tarz ve bir kimlik olu\u015fumu a\u00e7\u0131s\u0131ndan yeterli bir s\u00fcreydi, buna ra\u011fmen s\u00fcrecin metodolojisinin dahi hen\u00fcz \u015fekillenmedi\u011fini d\u00fc\u015f\u00fcn\u00fcyorum. \u201d ifadelerini kulland\u0131.&nbsp;<strong>TBMM B\u0130LG\u0130LEND\u0130R\u0130LMEL\u0130&nbsp;<\/strong>MHP Genel Ba\u015fkan\u0131 Bah\u00e7eli\u2019nin her f\u0131rsatta \u00e7\u00f6z\u00fcm olarak TBMM\u2019yi i\u015faret etti\u011fini hat\u0131rlatan Ekmen, \u201c\u00dc\u00e7 ayl\u0131k bir zaman ge\u00e7ti, bu s\u00fcre\u00e7 i\u00e7erisinde T\u00fcrkiye B\u00fcy\u00fck Millet Meclisi\u2019nin a\u00e7\u0131k veya kapal\u0131 bir oturumla bilgilendirilmesi gerekmez miydi?\u201d diye sordu.&nbsp;&nbsp;<strong>EKMEN BAH\u00c7EL\u0130\u2019N\u0130N A\u00c7IKLAMALARINI HATIRLATTI: DEMOKRAT\u0130K ADIMLAR ATILMALI<\/strong>Ekmen, Bah\u00e7eli&#8217;nin konu\u015fmalar\u0131nda birtak\u0131m izlere rastland\u0131\u011f\u0131n\u0131 dile getirerek, \u015f\u00f6yle devam etti; \u201c\u00d6rne\u011fin bir konu\u015fmada ter\u00f6r\u00fc yaratan ortam\u0131n iyile\u015ftirilmesi amac\u0131yla demokratik ad\u0131mlar\u0131 atmaktan imtina edilmemesi gerekti\u011fi belirtiliyor. Keza \u2018Diyarbak\u0131r Annelerinin sessiz \u00e7\u0131\u011fl\u0131\u011f\u0131 duyulmal\u0131, evlatlar\u0131yla bulu\u015fmalar\u0131 sa\u011flanmal\u0131.\u2019 c\u00fcmlesi var. \u015e\u00fcphesiz b\u00f6yle bir yasal d\u00fczenlemeye ihtiya\u00e7 duyuldu\u011funda Diyarbak\u0131r Anneleri ile Bar\u0131\u015f Annelerini ay\u0131rt edecek bir kodifikasyon y\u00f6ntemi de yoktur. Dolay\u0131s\u0131yla, zaman\u0131 ve yeri geldi\u011finde T\u00fcrkiye B\u00fcy\u00fck Millet Meclisi zemininde konu\u015fulacakt\u0131r, tart\u0131\u015f\u0131lacakt\u0131r.\u201dADIMLAR NE ZAMAN ATILACAK?T\u00fcrkiye B\u00fcy\u00fck Millet Meclisi\u2019nin s\u00f6z konusu s\u00fcrecin ne zaman par\u00e7as\u0131 olaca\u011f\u0131n\u0131 soran Ekmen, \u201cSay\u0131n Bah\u00e7eli&#8217;nin 22 Ekim ve 5 Kas\u0131m konu\u015fmakar\u0131nda \u00f6zenle ve dikkatle sarf etti\u011fi demokratikle\u015fme ad\u0131mlar\u0131 ne zaman at\u0131lmaya ba\u015flanacak? Hangi yasal teklifler ne zaman gelecek? E\u011fer biz bunlar\u0131 \u0130mral\u0131&#8217;dan gelecek bir davete ve bu daveti de \u00f6rg\u00fct\u00fcn icabetine ba\u011fl\u0131yor isek bir kez daha bir yanl\u0131\u015f\u0131n i\u00e7indeyiz demektir. \u0130mral\u0131&#8217;n\u0131n daveti ne olursa olsun ve \u0130mral\u0131&#8217;n\u0131n davetine kendi \u00f6rg\u00fct\u00fcn\u00fcn icabeti ne seviyede kal\u0131rsa kals\u0131n biz T\u00fcrkiye Cumhuriyeti vatanda\u015flar\u0131 i\u00e7in Say\u0131n Bah\u00e7eli&#8217;nin dikkatle \u00e7izdi\u011fi ve kodlad\u0131\u011f\u0131 kendi ad\u0131mlar\u0131m\u0131z\u0131 atmam\u0131z gerekmez mi?\u201d diye sordu.&nbsp;<strong>&nbsp;<\/strong><strong>\u0130\u015e\u0130N \u0130\u00c7\u0130NDEN SIYRILMA HESABI MI YAPILIYOR?<\/strong>Ekmen, s\u00fcrecin \u0130mral\u0131 heyeti \u00fczerinden y\u00fcr\u00fctmesiyle ilgili ele\u015ftirilerde bulunarak, h\u00fck\u00fcmet yetkililerin s\u00f6z konusu s\u00fcre\u00e7le ilgili kamuoyuna, partilere ve meclise neden bilgi vermedi\u011fini sorarak, \u201c\u0130mral\u0131 heyeti b\u00f6yle bir bilgilendirme yap\u0131yor ise Cumhur \u0130ttifak\u0131 ad\u0131na, devletimiz ad\u0131na, T\u00fcrkiye B\u00fcy\u00fck Millet Meclisi ad\u0131na geli\u015fmeleri di\u011fer zaviyeden takip eden ya da y\u00f6neten arkada\u015flar\u0131n da bir \u015fekilde bizi bilgilendirmesi gerekmez mi? Bu s\u00fcre\u00e7 \u0130mral\u0131 heyetinin tek ba\u015f\u0131na \u00fcretti\u011fi bir inisiyatif midir? \u2018Buradan iyi bir \u015fey \u00e7\u0131kacaksa topa gireriz, s\u00fcrece m\u00fcdahil oluruz, &#8216;Biz yapt\u0131k.&#8217; deriz, bunun siyasi nemas\u0131n\u0131 al\u0131r\u0131z ama olur ya, i\u015fler sarpa sararsa, Bah\u00e7eli bir \u015fey demi\u015fti, biz de bir imk\u00e2n verdik ama bu olmad\u0131\u2019 deyip i\u015fin i\u00e7inden s\u0131yr\u0131lman\u0131n hesab\u0131 m\u0131 yap\u0131l\u0131yor acaba? Say\u0131n Erdo\u011fan&#8217;\u0131n ge\u00e7mi\u015fte defalarca kez ifade etti\u011fi gibi g\u00f6vdesini bu s\u00fcrecin alt\u0131na koyarak ba\u015far\u0131l\u0131 olmas\u0131 i\u00e7in bir niyet i\u00e7erisinde oldu\u011fu hissini se\u00e7mene ne zaman ge\u00e7irecek Say\u0131n Cumhurba\u015fkan\u0131? \u00c7\u00fcnk\u00fc s\u00fcre\u00e7le ilgili bakt\u0131\u011f\u0131m\u0131z zaman, evet, s\u00fcreci reddeden bir yerde durmuyor ama ba\u015fka konularda ya da ge\u00e7mi\u015fteki benzer s\u00fcre\u00e7lerde s\u00fcreci sahiplenme tonunun \u00e7ok uza\u011f\u0131nda bir yerde durdu\u011funu g\u00f6r\u00fcyoruz\u201d ifadelerini kulland\u0131.&nbsp;&nbsp;<strong>VATANDA\u015eIN AKLINDA SORU \u0130\u015eARETLER\u0130 OLU\u015eUYOR!<\/strong>Meclis\u2019in s\u00fcre\u00e7 konusunda mutlaka bilgilendirilmesi gerekti\u011fini ifade eden Ekmen, \u015funlar\u0131 kaydetti; \u201cDevletler bu y\u00f6ntemleri denerler, biz burada bir me\u015fruiyet sorunu g\u00f6rm\u00fcyoruz. T\u00fcrkiye Cumhuriyeti devleti de defalarca denemi\u015ftir, bir kez daha dener. Ba\u015far\u0131l\u0131 olmalar\u0131n\u0131 can\u0131 g\u00f6n\u00fclden diliyoruz ve bunu hepimizin ba\u015far\u0131s\u0131 olarak kabul ediyoruz, tarihe ge\u00e7ecek bir vaka olarak kabul ediyoruz. &nbsp;Ancak bu ikircikli tutum, bu s\u00f6ylemdeki farkl\u0131la\u015fma, bu s\u00fcrecin bir dahli ve par\u00e7as\u0131 olma noktas\u0131ndaki mesafeli tutum hakl\u0131 olarak sokakta vatanda\u015fta \u2018acaba Anayasa de\u011fi\u015fikli\u011fi ve bir dahaki se\u00e7ime y\u00f6nelik bir ara\u00e7sal yakla\u015f\u0131mla m\u0131 meseleye bak\u0131l\u0131yor ? yoksa ger\u00e7ekten bu tarih\u00ee s\u00fcrecin ba\u015far\u0131ya ula\u015f\u0131lmas\u0131 i\u00e7in herkes elinden geleni yap\u0131yor mu?\u2019 diye soru i\u015faretleri do\u011furuyor. Bu vesileyle iktidara T\u00fcrkiye B\u00fcy\u00fck Meclisinin, Genel Kurul\u2019un, siyasi partiler\u2019in ne zaman bilgilendirilece\u011fini ve Say\u0131n Bah\u00e7eli&#8217;nin \u00e7er\u00e7evesini \u00e7izdi\u011fi hususlar\u0131n Meclis g\u00fcndemine ne zaman sunulaca\u011f\u0131n\u0131 sormak isterim.\u201d<\/td><\/tr><\/tbody><\/table><\/figure>\n","protected":false},"excerpt":{"rendered":"<p>DEVA Partisi Genel Ba\u015fkan Yard\u0131mc\u0131s\u0131 Mehmet Emin Ekmen, MHP Genel Ba\u015fkan\u0131 Devlet Bah\u00e7eli\u2019nin ba\u015flatt\u0131\u011f\u0131 1 Ekim giri\u015fimi ve a\u00e7\u0131klamalar\u0131yla ilgili TBMM\u2019de konu\u015ftu. MHP lideri Bah\u00e7eli\u2019nin ba\u015flatt\u0131\u011f\u0131 s\u00fcrecin ba\u015far\u0131l\u0131 olmas\u0131 dile\u011fini payla\u015fan Ekmen, \u0130mral\u0131 heyetinin partilere bilgilendirme yapmas\u0131na ra\u011fmen, h\u00fck\u00fcmet yetkililerinin neden bilgilendirme yapmad\u0131\u011f\u0131na dikkati \u00e7ekerek, \u201c\u00dc\u00e7 ayl\u0131k bir zaman ge\u00e7ti, bu s\u00fcre\u00e7 i\u00e7erisinde T\u00fcrkiye B\u00fcy\u00fck [&hellip;]<\/p>\n","protected":false},"author":2,"featured_media":38529,"comment_status":"closed","ping_status":"closed","sticky":false,"template":"","format":"standard","meta":{"footnotes":""},"categories":[3,5],"tags":[],"class_list":["post-38631","post","type-post","status-publish","format-standard","has-post-thumbnail","hentry","category-manset","category-mersin"],"views":6,"_links":{"self":[{"href":"https:\/\/mersinkadingazetesi.com\/index.php?rest_route=\/wp\/v2\/posts\/38631"}],"collection":[{"href":"https:\/\/mersinkadingazetesi.com\/index.php?rest_route=\/wp\/v2\/posts"}],"about":[{"href":"https:\/\/mersinkadingazetesi.com\/index.php?rest_route=\/wp\/v2\/types\/post"}],"author":[{"embeddable":true,"href":"https:\/\/mersinkadingazetesi.com\/index.php?rest_route=\/wp\/v2\/users\/2"}],"replies":[{"embeddable":true,"href":"https:\/\/mersinkadingazetesi.com\/index.php?rest_route=%2Fwp%2Fv2%2Fcomments&post=38631"}],"version-history":[{"count":1,"href":"https:\/\/mersinkadingazetesi.com\/index.php?rest_route=\/wp\/v2\/posts\/38631\/revisions"}],"predecessor-version":[{"id":38632,"href":"https:\/\/mersinkadingazetesi.com\/index.php?rest_route=\/wp\/v2\/posts\/38631\/revisions\/38632"}],"wp:featuredmedia":[{"embeddable":true,"href":"https:\/\/mersinkadingazetesi.com\/index.php?rest_route=\/wp\/v2\/media\/38529"}],"wp:attachment":[{"href":"https:\/\/mersinkadingazetesi.com\/index.php?rest_route=%2Fwp%2Fv2%2Fmedia&parent=38631"}],"wp:term":[{"taxonomy":"category","embeddable":true,"href":"https:\/\/mersinkadingazetesi.com\/index.php?rest_route=%2Fwp%2Fv2%2Fcategories&post=38631"},{"taxonomy":"post_tag","embeddable":true,"href":"https:\/\/mersinkadingazetesi.com\/index.php?rest_route=%2Fwp%2Fv2%2Ftags&post=38631"}],"curies":[{"name":"wp","href":"https:\/\/api.w.org\/{rel}","templated":true}]}}