{"id":38633,"date":"2025-01-12T11:00:01","date_gmt":"2025-01-12T08:00:01","guid":{"rendered":"https:\/\/mersinkadingazetesi.com\/?p=38633"},"modified":"2025-01-12T11:00:02","modified_gmt":"2025-01-12T08:00:02","slug":"ozel-gereksinimli-bireyler-uygulama-evi-ile-ozbakim-becerilerini-gelistiriyor","status":"publish","type":"post","link":"https:\/\/mersinkadingazetesi.com\/?p=38633","title":{"rendered":"\u00d6ZEL GEREKS\u0130N\u0130ML\u0130 B\u0130REYLER, UYGULAMA EV\u0130 \u0130LE \u00d6ZBAKIM BECER\u0130LER\u0130N\u0130 GEL\u0130\u015eT\u0130R\u0130YOR"},"content":{"rendered":"\n<p>\u00d6zel gereksinimli bireylerin toplumla etkile\u015fimini ve b\u00fct\u00fcnle\u015fmesini sa\u011flamakla beraber, yetkinliklerini geli\u015ftirmek amac\u0131yla Sa\u011fl\u0131k \u0130\u015fleri Dairesi Ba\u015fkanl\u0131\u011f\u0131&#8217;na ba\u011fl\u0131 Engelsiz Ya\u015fam Merkezi&#8217;nde geni\u015f kapsaml\u0131 bir hizmet sunan Mersin B\u00fcy\u00fck\u015fehir Belediyesi, bir ilki daha ger\u00e7ekle\u015ftirdi. Mola Evi, Fitness Salonu ve i\u00e7erisinde yer alan at\u00f6lyeler ile \u00f6zel gereksinimli bireylerin g\u00fcnl\u00fck ya\u015fam becerilerine katk\u0131 sa\u011flama amac\u0131yla e\u011fitimlerin verildi\u011fi merkezde son olarak&nbsp;<strong>&#8216;Uygulama Evi&#8217;<\/strong>&nbsp;faaliyete ge\u00e7irildi.<\/p>\n\n\n\n<p>Mola Evi&#8217;nden faydalanan ve 6 ya\u015f\u0131n \u00fczerindeki \u00f6zel gereksinimli bireylerin faydaland\u0131\u011f\u0131 Uygulama Evi&#8217;nde oturma odas\u0131, yatak odas\u0131, mutfak, tuvalet ve banyodan olu\u015fan tipik bir ev ortam\u0131na uygun \u015fekilde \u00f6\u011frencilere e\u011fitimler veriliyor. \u00d6zel gereksinimli bireyler bu uygulama alanlar\u0131nda yatak toplama, sofra kurma, kahvalt\u0131 ve yemek haz\u0131rlayabilme, ev ve ki\u015fisel temizlik gibi ger\u00e7ek ya\u015fam becerileri kazan\u0131yor.<\/p>\n\n\n\n<p>Her \u00f6\u011frencinin kendi geli\u015fiminin dikkate al\u0131nd\u0131\u011f\u0131, g\u00fcvenli ve kontroll\u00fc bir ortamda alan\u0131nda uzman \u00f6\u011fretmenler e\u015fli\u011finde verilen e\u011fitimler sayesinde, \u00f6zel gereksinimli bireylerin ya\u015fam kalitesinin artmas\u0131 ve sorumluluk bilincinin geli\u015fmesi hedefleniyor. Ayn\u0131 zamanda \u00f6zel gereksinimli bireylerin toplumla daha uyumlu hale gelmesinin ama\u00e7land\u0131\u011f\u0131 Uygulama Evi&#8217;nde, \u00f6\u011frencilerin \u00f6zg\u00fcven kazanmas\u0131 ve ba\u011f\u0131ms\u0131z bireyler haline gelmesi sa\u011flan\u0131yor.&nbsp;&nbsp;<\/p>\n\n\n\n<p><strong>Sa\u00e7\u0131kara: &#8220;Uygulama Evi ile \u00f6zel gereksinimli bireylere, g\u00fcnl\u00fck hayat becerileri kazand\u0131r\u0131yoruz&#8221;<\/strong><\/p>\n\n\n\n<p>\u00d6zel E\u011fitim \u00d6\u011fretmeni K\u00fcbra Mine Sa\u00e7\u0131kara; B\u00fcy\u00fck\u015fehir Belediyesi&#8217;nin, Sa\u011fl\u0131k \u0130\u015fleri Dairesi Ba\u015fkanl\u0131\u011f\u0131 b\u00fcnyesinde hayata ge\u00e7irmi\u015f oldu\u011fu Uygulama Evi ile \u00f6zel gereksinimli bireylerin g\u00fcnl\u00fck hayat becerilerini tek ve ba\u011f\u0131ms\u0131z bir \u015fekilde yapmaya ba\u015flayana kadar, tipik bir ev format\u0131na uygun \u015fekilde \u00f6\u011frencilere e\u011fitim verdiklerini kaydetti. E\u011fitimler hakk\u0131nda bilgi veren Sa\u00e7\u0131kara, g\u00fcnl\u00fck ya\u015fam becerileri kapsam\u0131nda \u00f6\u011frencilere el-y\u00fcz y\u0131kama, yatak toplama, kahvalt\u0131 haz\u0131rlama gibi temel \u00f6z bak\u0131m becerilerinin kazand\u0131r\u0131lmas\u0131 ile ilgili \u00e7al\u0131\u015fmalar yapt\u0131klar\u0131n\u0131 dile getirerek,&nbsp;<strong>&#8220;Bu sayede ki\u015finin kendisine olan \u00f6zg\u00fcveni art\u0131yor. G\u00fcnl\u00fck ya\u015famda kendisinin yapt\u0131\u011f\u0131 bir kahve bile O&#8217;nun \u00f6zg\u00fcvenini art\u0131rd\u0131\u011f\u0131 i\u00e7in, bu dolayl\u0131 olarak sosyal hayat\u0131na da aile hayat\u0131na da yans\u0131yor. Burada bizler b\u00fct\u00fcnc\u00fcl bir \u015fekilde, g\u00fcnl\u00fck hayatta yap\u0131lmas\u0131 gereken her \u015feyi \u00f6zel gereksinimli bireylere \u00f6\u011fretiyoruz. Mola Evi&#8217;ne gelen her \u00f6zel gereksinimli bireyi, Uygulama Evi&#8217;nden de faydaland\u0131r\u0131yoruz&#8221;<\/strong>&nbsp;dedi.<\/p>\n\n\n\n<p>Asgari d\u00fczeyde \u00f6z bak\u0131m becerilerini kazanan her bir bireyin Uygulama Evi&#8217;nden faydalanabilece\u011fini s\u00f6zlerine ekleyen Sa\u00e7\u0131kara,&nbsp;<strong>&#8220;Biz bu becerileri daha fazla geli\u015ftirmeye odaklan\u0131yoruz. 6 ya\u015f\u0131ndan b\u00fcy\u00fck \u00f6zel gereksinimli her bireye, burada \u00fccretsiz bir \u015fekilde hizmet veriyoruz. Mersin B\u00fcy\u00fck\u015fehir Belediyesi olarak \u00f6zel gereksinimli bireylerin ve ailelerinin ya\u015fad\u0131\u011f\u0131 s\u0131k\u0131nt\u0131lara \u00e7\u00f6z\u00fcm \u00fcreterek, onlara destek olmak i\u00e7in elimizden geleni yap\u0131yor ve bu \u00e7\u00f6z\u00fcmlerin kal\u0131c\u0131 olmas\u0131n\u0131 sa\u011fl\u0131yoruz&#8221;<\/strong>&nbsp;ifadelerini kulland\u0131.<\/p>\n\n\n\n<p><strong>Anne Bing\u00f6l: &#8220;K\u0131z\u0131m\u0131n, e\u011fitimlerden sonra kendine olan \u00f6zg\u00fcveni artt\u0131&#8221;<\/strong><\/p>\n\n\n\n<p>Engelsiz Ya\u015fam Merkezi&#8217;nden faydalanan \u00f6zel gereksinimli bireylerden Nazl\u0131 Bing\u00f6l&#8217;\u00fcn annesi Nuran Bing\u00f6l, k\u0131z\u0131ndaki de\u011fi\u015fimlerden bahsederek;&nbsp;<strong>&#8220;Buradan \u00e7ok memnunuz ve e\u011fitimler \u00e7ok g\u00fczel gidiyor. Nazl\u0131 daha \u00f6nce \u00f6zel e\u011fitim ald\u0131\u011f\u0131nda \u00e7ok fazla i\u00e7ine kapan\u0131kt\u0131 ve ortamlara girmek istemiyordu. Buradaki e\u011fitimlerden sonra Nazl\u0131&#8217;n\u0131n ileti\u015fim kurma iste\u011fi artt\u0131. Buradaki akranlar\u0131n\u0131, \u00f6\u011fretmenlerini \u00e7ok seviyor ve geli\u015ftik\u00e7e geli\u015fiyor. Eve gelen misafirlerle sohbet edip, \u015fakala\u015fmaya, kendini ifade etmeye ve sosyalle\u015fmeye ba\u015flad\u0131&#8221;&nbsp;<\/strong>dedi.<\/p>\n\n\n\n<p>K\u0131z\u0131ndaki de\u011fi\u015fimi bir \u00f6rnekle anlatan anne Bing\u00f6l,&nbsp;<strong>&#8220;Hastaneye gitti\u011fim bir g\u00fcn Nazl\u0131, burada \u00f6\u011frendi\u011fi e\u011fitimle evde ben yokken evi temizledi. Kendine g\u00fcvenmesi ve yapabilmesi \u00e7ok ho\u015f bir \u015fey. Bu kurumlar\u0131n olmas\u0131 muhte\u015fem ve \u00f6\u011fretmenlerimiz \u00e7ocuklar\u0131m\u0131za \u015fefkatle yakla\u015f\u0131yorlar. Biz anneler bir s\u00fcre sonra yorulabiliyoruz ve yard\u0131m bekliyoruz. Buradaki \u00f6\u011fretmenlerimiz ise \u00e7ok fazla sevecen. \u00c7ocuklar\u0131m\u0131z mutlu olunca, bizler daha \u00e7ok mutlu oluyoruz&#8221;<\/strong>&nbsp;diye konu\u015ftu.<\/p>\n\n\n\n<p>23 ya\u015f\u0131ndaki Nazl\u0131 Bing\u00f6l ise Engelsiz Ya\u015fam Merkezi&#8217;ni \u00e7ok sevdi\u011fini s\u00f6yleyerek,&nbsp;<strong>&#8220;Arkada\u015flar\u0131m\u0131 seviyorum. Buraya geldi\u011fimde kahve yapt\u0131m, yatak toplad\u0131m. Art\u0131k evde de kahve yap\u0131yorum, elbise seriyorum ve anneme yard\u0131m ediyorum. \u00d6\u011fretmenimi de seviyorum&#8221;&nbsp;<\/strong>dedi.<\/p>\n","protected":false},"excerpt":{"rendered":"<p>\u00d6zel gereksinimli bireylerin toplumla etkile\u015fimini ve b\u00fct\u00fcnle\u015fmesini sa\u011flamakla beraber, yetkinliklerini geli\u015ftirmek amac\u0131yla Sa\u011fl\u0131k \u0130\u015fleri Dairesi Ba\u015fkanl\u0131\u011f\u0131&#8217;na ba\u011fl\u0131 Engelsiz Ya\u015fam Merkezi&#8217;nde geni\u015f kapsaml\u0131 bir hizmet sunan Mersin B\u00fcy\u00fck\u015fehir Belediyesi, bir ilki daha ger\u00e7ekle\u015ftirdi. Mola Evi, Fitness Salonu ve i\u00e7erisinde yer alan at\u00f6lyeler ile \u00f6zel gereksinimli bireylerin g\u00fcnl\u00fck ya\u015fam becerilerine katk\u0131 sa\u011flama amac\u0131yla e\u011fitimlerin verildi\u011fi merkezde son [&hellip;]<\/p>\n","protected":false},"author":2,"featured_media":38634,"comment_status":"closed","ping_status":"closed","sticky":false,"template":"","format":"standard","meta":{"footnotes":""},"categories":[3],"tags":[],"class_list":["post-38633","post","type-post","status-publish","format-standard","has-post-thumbnail","hentry","category-manset"],"views":4,"_links":{"self":[{"href":"https:\/\/mersinkadingazetesi.com\/index.php?rest_route=\/wp\/v2\/posts\/38633"}],"collection":[{"href":"https:\/\/mersinkadingazetesi.com\/index.php?rest_route=\/wp\/v2\/posts"}],"about":[{"href":"https:\/\/mersinkadingazetesi.com\/index.php?rest_route=\/wp\/v2\/types\/post"}],"author":[{"embeddable":true,"href":"https:\/\/mersinkadingazetesi.com\/index.php?rest_route=\/wp\/v2\/users\/2"}],"replies":[{"embeddable":true,"href":"https:\/\/mersinkadingazetesi.com\/index.php?rest_route=%2Fwp%2Fv2%2Fcomments&post=38633"}],"version-history":[{"count":1,"href":"https:\/\/mersinkadingazetesi.com\/index.php?rest_route=\/wp\/v2\/posts\/38633\/revisions"}],"predecessor-version":[{"id":38635,"href":"https:\/\/mersinkadingazetesi.com\/index.php?rest_route=\/wp\/v2\/posts\/38633\/revisions\/38635"}],"wp:featuredmedia":[{"embeddable":true,"href":"https:\/\/mersinkadingazetesi.com\/index.php?rest_route=\/wp\/v2\/media\/38634"}],"wp:attachment":[{"href":"https:\/\/mersinkadingazetesi.com\/index.php?rest_route=%2Fwp%2Fv2%2Fmedia&parent=38633"}],"wp:term":[{"taxonomy":"category","embeddable":true,"href":"https:\/\/mersinkadingazetesi.com\/index.php?rest_route=%2Fwp%2Fv2%2Fcategories&post=38633"},{"taxonomy":"post_tag","embeddable":true,"href":"https:\/\/mersinkadingazetesi.com\/index.php?rest_route=%2Fwp%2Fv2%2Ftags&post=38633"}],"curies":[{"name":"wp","href":"https:\/\/api.w.org\/{rel}","templated":true}]}}