{"id":38643,"date":"2025-01-13T10:26:00","date_gmt":"2025-01-13T07:26:00","guid":{"rendered":"https:\/\/mersinkadingazetesi.com\/?p=38643"},"modified":"2025-01-13T10:26:01","modified_gmt":"2025-01-13T07:26:01","slug":"7den-77ye-her-yastan-mersinli-muzigin-ritmiyle-dans-edip-gunesi-selamladi","status":"publish","type":"post","link":"https:\/\/mersinkadingazetesi.com\/?p=38643","title":{"rendered":"7&#8217;DEN 77&#8217;YE HER YA\u015eTAN MERS\u0130NL\u0130, M\u00dcZ\u0130\u011e\u0130N R\u0130TM\u0130YLE DANS ED\u0130P, G\u00dcNE\u015e\u0130 SELAMLADI"},"content":{"rendered":"\n<p>D\u00fcnyadaki geli\u015fmeleri yak\u0131ndan takip eden Mersin B\u00fcy\u00fck\u015fehir Belediyesi; i\u015ftiraklerinden biri olan Denizk\u0131z\u0131 Turizm A.\u015e. b\u00fcnyesinde yurtd\u0131\u015f\u0131nda ba\u015flayan ve dalga dalga di\u011fer \u00fclke ve \u015fehirlere yay\u0131lan son d\u00f6nemin sevilen trendlerinden &#8216;Sabah Kahvesi Partisi&#8217; etkinli\u011fi d\u00fczenledi. &#8216;DJ e\u015fli\u011finde g\u00fcn\u00fcn enerjisini yakala&#8217; slogan\u0131yla sabah\u0131n erken saatlerinde ger\u00e7ekle\u015ftirilen etkinlik, kahve tutkunlar\u0131n\u0131 bir araya getirdi.<\/p>\n\n\n\n<p>Panay\u0131r Kafe&#8217;de d\u00fczenlenen; \u00f6zellikle gen\u00e7lerin, ailelerin ve arkada\u015f gruplar\u0131n\u0131n ra\u011fbet g\u00f6sterdi\u011fi etkinlik, ortam\u0131n ahengi ve enerjisiyle herkesin i\u00e7ini \u0131s\u0131tt\u0131. Birbirinden lezzetli kahve \u00e7e\u015fitleri ve yiyecekler e\u015fli\u011finde ne\u015feli sohbet edip ho\u015f\u00e7a vakit ge\u00e7iren vatanda\u015flar, denize kar\u015f\u0131 g\u00fczel Mersin havas\u0131n\u0131n tad\u0131n\u0131 \u00e7\u0131kard\u0131. Keyifli bir Pazar sabah\u0131nda 7&#8217;den 77&#8217;ye Mersinlileri bir araya getiren etkinlikte, m\u00fczi\u011fin ritmiyle dans eden vatanda\u015flar, g\u00fcne\u015fi selamlayarak g\u00fcne pozitif bir ba\u015flang\u0131\u00e7 yapt\u0131. Hareketsiz kalmak yerine zinde ve sa\u011fl\u0131kl\u0131 ya\u015fam\u0131n desteklendi\u011fi etkinlikte enerji depolayan vatanda\u015flar, haftan\u0131n yorgunlu\u011funu \u00fczerinden atarken, e\u011flenceli anlar ya\u015fad\u0131.<\/p>\n\n\n\n<p>Y\u0131ld\u0131z: &#8220;Denizk\u0131z\u0131 A.\u015e. b\u00fcnyesinde ilkleri ger\u00e7ekle\u015ftirmeye devam ediyoruz&#8221;<\/p>\n\n\n\n<p>Mersin B\u00fcy\u00fck\u015fehir Belediyesi Denizk\u0131z\u0131 Turizm A.\u015e. Genel M\u00fcd\u00fcr\u00fc Bu\u011fra Y\u0131ld\u0131z; her zaman oldu\u011fu gibi Denizk\u0131z\u0131 A.\u015e. b\u00fcnyesinde ilkleri ger\u00e7ekle\u015ftirmeye devam ettiklerini kaydederek, &#8220;D\u00fcnyada \u00f6zellikle son d\u00f6nemde trend haline gelen &#8216;Sabah Kahvesi&#8217; etkinli\u011fini B\u00fcy\u00fck\u015fehir&#8217;in kafelerinde de uygulamaya ba\u015flad\u0131k. \u0130lkini Panay\u0131r Kafe&#8217;mizde d\u00fczenledi\u011fimiz etkinli\u011fimizi bundan sonra da devam ettirmeyi d\u00fc\u015f\u00fcn\u00fcyoruz. Vatanda\u015flar\u0131m\u0131z\u0131, g\u00fcne enerjik ba\u015flamalar\u0131 i\u00e7in kafelerimize bekliyoruz&#8221; ifadelerine yer verdi.<\/p>\n\n\n\n<p>\u00dcnel: &#8220;Mersin; Ba\u015fkan Vahap Se\u00e7er ile birlikte spor kenti haline geldi&#8221;<\/p>\n\n\n\n<p>Mersin Running Kul\u00fcb\u00fc Ba\u015fkan\u0131 Funda \u00dcnel; Mersin&#8217;in Ba\u015fkan Vahap Se\u00e7er&#8217;den sonra bir spor \u015fehri haline geldi\u011fini belirterek &#8220;\u015eimdilerde kahve ve DJ e\u015fli\u011finde e\u011flenme ak\u0131m\u0131 var. Spor k\u0131yafetlerimizle ko\u015ftuk, geldik ve \u00e7ok e\u011flendik. Ba\u015fkan\u0131m\u0131z Vahap Se\u00e7er&#8217;e can\u0131g\u00f6n\u00fclden te\u015fekk\u00fcr ediyorum. Ba\u015fkan\u0131m\u0131z bize bir s\u00fcr\u00fc \u00f6zg\u00fcrl\u00fck alan\u0131 tan\u0131yor. \u0130yi ki var&#8221; diye konu\u015ftu.<\/p>\n\n\n\n<p>Mersinliler, m\u00fczi\u011fin ritmiyle dans edip bol bol enerji depolad\u0131<\/p>\n\n\n\n<p>\u0130\u00e7erik \u00fcreticisi olan \u00fcniversite \u00f6\u011frencisi Kemal G\u00f6khan D\u00f6lek, etkinli\u011fi duyunca ka\u00e7\u0131rmadan geldi\u011fini s\u00f6yleyerek, &#8220;B\u00fcy\u00fck\u015fehir, b\u00fct\u00fcn g\u00fcndemleri takip ediyor ve gayet keyifli organizasyonlar d\u00fczenliyor. Biz gen\u00e7lere de b\u00f6yle g\u00fczel sosyalle\u015fme imkan\u0131 sunuyor. B\u00f6yle bir ortama ihtiyac\u0131m\u0131z varm\u0131\u015f&#8221; dedi.<\/p>\n\n\n\n<p>Ailesiyle birlikte etkinli\u011fe kat\u0131lan Cansu Y\u0131ld\u0131zo\u011flu ise etkinlikte harika zaman ge\u00e7irdiklerinden s\u00f6z ederek, &#8220;\u00c7ocuklarla gelebilece\u011fimiz s\u0131cac\u0131k bir program oldu. Ba\u015fkan\u0131m\u0131z sayesinde sahil kesiminde herkesin gidebilece\u011fi ve herkesin yararlanabilece\u011fi \u00e7ok g\u00fczel \u015feyler var&#8221; diyerek memnuniyetini dile getirdi.<\/p>\n\n\n\n<p>Etkinli\u011fi sosyal medyadan g\u00f6ren Halise \u00d6zyamano\u011flu da &#8220;B\u00fcy\u00fck\u015fehir&#8217;in b\u00fct\u00fcn faaliyetlerinden haberdar oluyorum. Ben s\u0131k s\u0131k Kad\u0131n ve Aile Hizmetleri Dairesi Ba\u015fkanl\u0131\u011f\u0131&#8217;n\u0131n d\u00fczenledi\u011fi toplant\u0131lara kat\u0131l\u0131yorum. \u00d6zellikle daire ba\u015fkanl\u0131klar\u0131nda etkin ve yetkin ki\u015filerin olmas\u0131 bizi \u00e7ok mutlu ediyor. Ba\u015fkan\u0131m\u0131z\u0131n d\u00fczenledi\u011fi etkinliklerden \u00e7ok memnunum. Her kesime hitap eden hizmetleri var&#8221; ifadelerini kulland\u0131.<\/p>\n\n\n\n<p>Mersin&#8217;in, Ba\u015fkan Vahap Se\u00e7er&#8217;in y\u00f6netiminde olduk\u00e7a g\u00fczel bir kent haline geldi\u011fini s\u00f6yleyen Beyhan Co\u015fkun Bilgi\u00e7 &#8220;Bu etkinlikleri kim planl\u0131yorsa \u00e7ok iyi i\u015fler yap\u0131yor. Bu y\u00f6netimde Mersin&#8217;de ya\u015famak \u00e7ok g\u00fczel ve \u00e7ok memnunum&#8221; dedi.<\/p>\n\n\n\n<p>Etkinli\u011fe ailesiyle birlikte gelen \u00e7ocuklardan \u00c7\u0131nar Yazmac\u0131 ise &#8220;G\u00fczel ve e\u011flenceli zaman ge\u00e7irdim. Sucuk ekmek yedim. Hi\u00e7 pi\u015fman olmad\u0131m ve g\u00fczel bir sabah oldu. Ba\u015fkan\u0131m\u0131z Vahap Se\u00e7er&#8217;i \u00e7ok seviyorum&#8221; diye konu\u015ftu.<\/p>\n","protected":false},"excerpt":{"rendered":"<p>D\u00fcnyadaki geli\u015fmeleri yak\u0131ndan takip eden Mersin B\u00fcy\u00fck\u015fehir Belediyesi; i\u015ftiraklerinden biri olan Denizk\u0131z\u0131 Turizm A.\u015e. b\u00fcnyesinde yurtd\u0131\u015f\u0131nda ba\u015flayan ve dalga dalga di\u011fer \u00fclke ve \u015fehirlere yay\u0131lan son d\u00f6nemin sevilen trendlerinden &#8216;Sabah Kahvesi Partisi&#8217; etkinli\u011fi d\u00fczenledi. &#8216;DJ e\u015fli\u011finde g\u00fcn\u00fcn enerjisini yakala&#8217; slogan\u0131yla sabah\u0131n erken saatlerinde ger\u00e7ekle\u015ftirilen etkinlik, kahve tutkunlar\u0131n\u0131 bir araya getirdi. Panay\u0131r Kafe&#8217;de d\u00fczenlenen; \u00f6zellikle gen\u00e7lerin, [&hellip;]<\/p>\n","protected":false},"author":2,"featured_media":38644,"comment_status":"closed","ping_status":"closed","sticky":false,"template":"","format":"standard","meta":{"footnotes":""},"categories":[3],"tags":[],"class_list":["post-38643","post","type-post","status-publish","format-standard","has-post-thumbnail","hentry","category-manset"],"views":4,"_links":{"self":[{"href":"https:\/\/mersinkadingazetesi.com\/index.php?rest_route=\/wp\/v2\/posts\/38643"}],"collection":[{"href":"https:\/\/mersinkadingazetesi.com\/index.php?rest_route=\/wp\/v2\/posts"}],"about":[{"href":"https:\/\/mersinkadingazetesi.com\/index.php?rest_route=\/wp\/v2\/types\/post"}],"author":[{"embeddable":true,"href":"https:\/\/mersinkadingazetesi.com\/index.php?rest_route=\/wp\/v2\/users\/2"}],"replies":[{"embeddable":true,"href":"https:\/\/mersinkadingazetesi.com\/index.php?rest_route=%2Fwp%2Fv2%2Fcomments&post=38643"}],"version-history":[{"count":1,"href":"https:\/\/mersinkadingazetesi.com\/index.php?rest_route=\/wp\/v2\/posts\/38643\/revisions"}],"predecessor-version":[{"id":38645,"href":"https:\/\/mersinkadingazetesi.com\/index.php?rest_route=\/wp\/v2\/posts\/38643\/revisions\/38645"}],"wp:featuredmedia":[{"embeddable":true,"href":"https:\/\/mersinkadingazetesi.com\/index.php?rest_route=\/wp\/v2\/media\/38644"}],"wp:attachment":[{"href":"https:\/\/mersinkadingazetesi.com\/index.php?rest_route=%2Fwp%2Fv2%2Fmedia&parent=38643"}],"wp:term":[{"taxonomy":"category","embeddable":true,"href":"https:\/\/mersinkadingazetesi.com\/index.php?rest_route=%2Fwp%2Fv2%2Fcategories&post=38643"},{"taxonomy":"post_tag","embeddable":true,"href":"https:\/\/mersinkadingazetesi.com\/index.php?rest_route=%2Fwp%2Fv2%2Ftags&post=38643"}],"curies":[{"name":"wp","href":"https:\/\/api.w.org\/{rel}","templated":true}]}}