{"id":38649,"date":"2025-01-13T10:30:17","date_gmt":"2025-01-13T07:30:17","guid":{"rendered":"https:\/\/mersinkadingazetesi.com\/?p=38649"},"modified":"2025-01-13T10:30:17","modified_gmt":"2025-01-13T07:30:17","slug":"anamur-karalarbahsis-mezarligina-800-fidan-dikildi","status":"publish","type":"post","link":"https:\/\/mersinkadingazetesi.com\/?p=38649","title":{"rendered":"Anamur Karalarbah\u015fi\u015f Mezarl\u0131\u011f\u0131na 800 Fidan Dikildi"},"content":{"rendered":"\n<h3 class=\"wp-block-heading\">Anamur Orman \u0130\u015fletme M\u00fcd\u00fcrl\u00fc\u011f\u00fc&#8217;ne ba\u011fl\u0131 G\u00f6kcesu \u015eefli\u011fi, Karalarbah\u015fi\u015f Mahallesi Mezarl\u0131\u011f\u0131&#8217;nda a\u011fa\u00e7land\u0131rma \u00e7al\u0131\u015fmas\u0131 ger\u00e7ekle\u015ftirdi. \u0130\u015fletme M\u00fcd\u00fcr\u00fcm\u00fcz ve personeli taraf\u0131ndan y\u00fcr\u00fct\u00fclen \u00e7al\u0131\u015fmalarda, mezarl\u0131k i\u00e7erisindeki servis yollar\u0131, \u00e7evresi ve namazgah etraf\u0131na mezarl\u0131k servisi, mavi servi ve ke\u00e7iboynuzu fidanlar\u0131 dikildi. Toplamda 800 fidan\u0131n toprakla bulu\u015ftu\u011fu etkinlik, b\u00f6lgeye do\u011fal g\u00fczellik katmay\u0131 ama\u00e7lad\u0131.<\/h3>\n\n\n\n<h3 class=\"wp-block-heading\">Dikim s\u0131ras\u0131nda, ihtiya\u00e7 fazlas\u0131 fidanlar mezarl\u0131kta mahalle muhtar\u0131na teslim edilerek, b\u00f6lgedeki ye\u015fil alanlar\u0131n art\u0131r\u0131lmas\u0131na katk\u0131 sa\u011fland\u0131. Bu \u00e7al\u0131\u015fma, \u00e7evreye duyarl\u0131 bir yakla\u015f\u0131m sergileyerek, gelece\u011fe daha ye\u015fil bir miras b\u0131rakmay\u0131 hedefliyor.<\/h3>\n","protected":false},"excerpt":{"rendered":"<p>Anamur Orman \u0130\u015fletme M\u00fcd\u00fcrl\u00fc\u011f\u00fc&#8217;ne ba\u011fl\u0131 G\u00f6kcesu \u015eefli\u011fi, Karalarbah\u015fi\u015f Mahallesi Mezarl\u0131\u011f\u0131&#8217;nda a\u011fa\u00e7land\u0131rma \u00e7al\u0131\u015fmas\u0131 ger\u00e7ekle\u015ftirdi. \u0130\u015fletme M\u00fcd\u00fcr\u00fcm\u00fcz ve personeli taraf\u0131ndan y\u00fcr\u00fct\u00fclen \u00e7al\u0131\u015fmalarda, mezarl\u0131k i\u00e7erisindeki servis yollar\u0131, \u00e7evresi ve namazgah etraf\u0131na mezarl\u0131k servisi, mavi servi ve ke\u00e7iboynuzu fidanlar\u0131 dikildi. Toplamda 800 fidan\u0131n toprakla bulu\u015ftu\u011fu etkinlik, b\u00f6lgeye do\u011fal g\u00fczellik katmay\u0131 ama\u00e7lad\u0131. Dikim s\u0131ras\u0131nda, ihtiya\u00e7 fazlas\u0131 fidanlar mezarl\u0131kta mahalle muhtar\u0131na [&hellip;]<\/p>\n","protected":false},"author":2,"featured_media":38650,"comment_status":"closed","ping_status":"closed","sticky":false,"template":"","format":"standard","meta":{"footnotes":""},"categories":[3],"tags":[],"class_list":["post-38649","post","type-post","status-publish","format-standard","has-post-thumbnail","hentry","category-manset"],"views":3,"_links":{"self":[{"href":"https:\/\/mersinkadingazetesi.com\/index.php?rest_route=\/wp\/v2\/posts\/38649"}],"collection":[{"href":"https:\/\/mersinkadingazetesi.com\/index.php?rest_route=\/wp\/v2\/posts"}],"about":[{"href":"https:\/\/mersinkadingazetesi.com\/index.php?rest_route=\/wp\/v2\/types\/post"}],"author":[{"embeddable":true,"href":"https:\/\/mersinkadingazetesi.com\/index.php?rest_route=\/wp\/v2\/users\/2"}],"replies":[{"embeddable":true,"href":"https:\/\/mersinkadingazetesi.com\/index.php?rest_route=%2Fwp%2Fv2%2Fcomments&post=38649"}],"version-history":[{"count":1,"href":"https:\/\/mersinkadingazetesi.com\/index.php?rest_route=\/wp\/v2\/posts\/38649\/revisions"}],"predecessor-version":[{"id":38651,"href":"https:\/\/mersinkadingazetesi.com\/index.php?rest_route=\/wp\/v2\/posts\/38649\/revisions\/38651"}],"wp:featuredmedia":[{"embeddable":true,"href":"https:\/\/mersinkadingazetesi.com\/index.php?rest_route=\/wp\/v2\/media\/38650"}],"wp:attachment":[{"href":"https:\/\/mersinkadingazetesi.com\/index.php?rest_route=%2Fwp%2Fv2%2Fmedia&parent=38649"}],"wp:term":[{"taxonomy":"category","embeddable":true,"href":"https:\/\/mersinkadingazetesi.com\/index.php?rest_route=%2Fwp%2Fv2%2Fcategories&post=38649"},{"taxonomy":"post_tag","embeddable":true,"href":"https:\/\/mersinkadingazetesi.com\/index.php?rest_route=%2Fwp%2Fv2%2Ftags&post=38649"}],"curies":[{"name":"wp","href":"https:\/\/api.w.org\/{rel}","templated":true}]}}