{"id":38661,"date":"2025-01-13T11:18:50","date_gmt":"2025-01-13T08:18:50","guid":{"rendered":"https:\/\/mersinkadingazetesi.com\/?p=38661"},"modified":"2025-01-13T11:18:51","modified_gmt":"2025-01-13T08:18:51","slug":"gezairinin-yeni-kara-terminali-dias-port-mersinde-acildi","status":"publish","type":"post","link":"https:\/\/mersinkadingazetesi.com\/?p=38661","title":{"rendered":"Gezairi\u2019nin yeni kara terminali Dias Port Mersin\u2019de a\u00e7\u0131ld\u0131"},"content":{"rendered":"\n<p>Gezairi Transport\u2019un Mersin\u2019de yakla\u015f\u0131k 2,5 milyon dolar maliyetle kurdu\u011fu 41 d\u00f6n\u00fcml\u00fck yeni kara terminali Dias Port a\u00e7\u0131ld\u0131. Firma yetkilileri, G\u00fcrcistan\u2019da da benzer bir yat\u0131r\u0131ma imza atacaklar\u0131n\u0131 duyurdu.<br>&nbsp;<br>\/\/\/\/\/\/\/\/\/\/\/<br>&nbsp;<br>Mersin Toroslar\u2019daki Dias Port\u2019un a\u00e7\u0131l\u0131\u015f kurdelesini GezairiT\u00fcrkiye Holding Genel M\u00fcd\u00fcr\u00fc Adem G\u00fcler, Gezairi D\u00fcnya Grup CEO\u2019su Jawad Bawarshi ve Kahramanl\u0131 Lojistik Y\u00f6netim Kurulu Ba\u015fkan\u0131 Ali Kahramanl\u0131 kesti. GezairiT\u00fcrkiye Holding Genel M\u00fcd\u00fcr\u00fc Adem G\u00fcler, \u201cGemi acenteli\u011fi ve proje ta\u015f\u0131mac\u0131l\u0131\u011f\u0131 ba\u015fta olmak \u00fczere, sekt\u00f6r\u00fcn t\u00fcm faaliyet alanlar\u0131nda \u00e7\u00f6z\u00fcm ortakl\u0131\u011f\u0131 sunuyoruz. Parsiyel ta\u015f\u0131mac\u0131l\u0131kta T\u00fcrkiye\u2019nin ilk 5 markas\u0131 aras\u0131nda yer al\u0131yoruz. Birle\u015fmi\u015f Milletler ile birlikte depoculuk, antrepoculuk ve i\u015f da\u011f\u0131t\u0131m konusunda uzmanla\u015ft\u0131k. Bug\u00fcn lojisti\u011fin bir dal\u0131 olan kara terminali s\u00fcrecini ba\u015flat\u0131yoruz. \u0130lk yat\u0131r\u0131m tutar\u0131 5 milyon TL ama b\u00fct\u00fcnsel olarak y\u0131ll\u0131k 2 milyon 400 bin dolar seviyesine \u00e7\u0131kaca\u011f\u0131z. Toplam 41 d\u00f6n\u00fcml\u00fck arazimizde 6 bin 500 metrekare kapal\u0131 alan bulunuyor. Bunun 5 bin 500 metrekaresi kuru, bin metrekaresi ise so\u011fuk depolama imk\u00e2n\u0131sa\u011flayacak. So\u011fuk hava deposunun 2 bin palet kapasitesi var. Di\u011fer k\u0131s\u0131mlarda da 220 adet so\u011fuk hava konteyneri istifleyece\u011fimiz alan bulunuyor. 5 bin TEU\u2019luk konteyner depolama kapasitesine sahip alan\u0131n 3 bin 500 TEU\u2019lukb\u00f6l\u00fcm\u00fcn\u00fc kullanaca\u011f\u0131z. Kalan kapasitemizle \u00fclkemize transit gelen kargo ve otomobillere hizmet vermeyi planl\u0131yoruz. 5 bin 500 metrekarede de konvansiyonel y\u00fck elle\u00e7leyece\u011fiz. Uzman kadrolar\u0131m\u0131z ve nitelikli altyap\u0131m\u0131zla lojistik sekt\u00f6r\u00fcne yeni bir soluk getirece\u011fiz. Ara\u00e7 parkurumuzda 2 konteyner ta\u015f\u0131y\u0131c\u0131, \u00e7e\u015fitli tonajlarda 11 forklift, 12 konvey\u00f6r, 7 elektrikli transpalet ve tesiste kullan\u0131lacak 5 konteyner dorseli \u00e7ekibulunuyor. Bu yeni i\u015f alan\u0131nda 23 ki\u015fi istihdam ettik\u201d dedi.<br>&nbsp;<br>Tiflif\u2019te de yeni yat\u0131r\u0131m yapacak<\/p>\n\n\n\n<p>Gezairi D\u00fcnya Grup CEO\u2019su Jawad Bawarshi ise b\u00f6lgedeki transit ge\u00e7i\u015flerin bir\u00e7o\u011funun G\u00fcrcistan\u2019a kayd\u0131\u011f\u0131na i\u015faret ederek \u201cBu \u00fclkede yeni bir ofis a\u00e7t\u0131k. Devam eden d\u00f6nemde ba\u015fkent Tiflis\u2019te Mersin\u2019dekine benzer bir yat\u0131r\u0131m planl\u0131yoruz. Hali haz\u0131rda T\u00fcrkiye\u2019den \u00e7\u0131k\u0131\u015f yapan konteynerleri denizyoluyla \u00f6nce Poti Liman\u0131\u2019na, ard\u0131ndan demiryoluyla T\u00fcrki Cumhuriyetler\u2019e ula\u015ft\u0131r\u0131yoruz. Tiflis\u2019teki lojistik \u00fcss\u00fcn\u00fc en iyi \u015fekilde kullanmak istiyor, burada hayata ge\u00e7irece\u011fimiz dry port yat\u0131r\u0131m\u0131 T\u00fcrki Cumhuriyetlere ula\u015f\u0131m s\u00fcrecini h\u0131zland\u0131raca\u011f\u0131z. Ayn\u0131 zamanda s\u0131k\u0131\u015fan Sarp S\u0131n\u0131r Kap\u0131s\u0131\u2019n\u0131 rahatlatarak \u00fclkemizdeki sekt\u00f6rel geli\u015fime katk\u0131 sunacak \u00e7al\u0131\u015fmalar yapaca\u011f\u0131z\u201d diye konu\u015ftu.<\/p>\n","protected":false},"excerpt":{"rendered":"<p>Gezairi Transport\u2019un Mersin\u2019de yakla\u015f\u0131k 2,5 milyon dolar maliyetle kurdu\u011fu 41 d\u00f6n\u00fcml\u00fck yeni kara terminali Dias Port a\u00e7\u0131ld\u0131. Firma yetkilileri, G\u00fcrcistan\u2019da da benzer bir yat\u0131r\u0131ma imza atacaklar\u0131n\u0131 duyurdu.&nbsp;\/\/\/\/\/\/\/\/\/\/\/&nbsp;Mersin Toroslar\u2019daki Dias Port\u2019un a\u00e7\u0131l\u0131\u015f kurdelesini GezairiT\u00fcrkiye Holding Genel M\u00fcd\u00fcr\u00fc Adem G\u00fcler, Gezairi D\u00fcnya Grup CEO\u2019su Jawad Bawarshi ve Kahramanl\u0131 Lojistik Y\u00f6netim Kurulu Ba\u015fkan\u0131 Ali Kahramanl\u0131 kesti. GezairiT\u00fcrkiye Holding [&hellip;]<\/p>\n","protected":false},"author":2,"featured_media":38662,"comment_status":"closed","ping_status":"closed","sticky":false,"template":"","format":"standard","meta":{"footnotes":""},"categories":[8,3],"tags":[],"class_list":["post-38661","post","type-post","status-publish","format-standard","has-post-thumbnail","hentry","category-ekonomi","category-manset"],"views":6,"_links":{"self":[{"href":"https:\/\/mersinkadingazetesi.com\/index.php?rest_route=\/wp\/v2\/posts\/38661"}],"collection":[{"href":"https:\/\/mersinkadingazetesi.com\/index.php?rest_route=\/wp\/v2\/posts"}],"about":[{"href":"https:\/\/mersinkadingazetesi.com\/index.php?rest_route=\/wp\/v2\/types\/post"}],"author":[{"embeddable":true,"href":"https:\/\/mersinkadingazetesi.com\/index.php?rest_route=\/wp\/v2\/users\/2"}],"replies":[{"embeddable":true,"href":"https:\/\/mersinkadingazetesi.com\/index.php?rest_route=%2Fwp%2Fv2%2Fcomments&post=38661"}],"version-history":[{"count":1,"href":"https:\/\/mersinkadingazetesi.com\/index.php?rest_route=\/wp\/v2\/posts\/38661\/revisions"}],"predecessor-version":[{"id":38663,"href":"https:\/\/mersinkadingazetesi.com\/index.php?rest_route=\/wp\/v2\/posts\/38661\/revisions\/38663"}],"wp:featuredmedia":[{"embeddable":true,"href":"https:\/\/mersinkadingazetesi.com\/index.php?rest_route=\/wp\/v2\/media\/38662"}],"wp:attachment":[{"href":"https:\/\/mersinkadingazetesi.com\/index.php?rest_route=%2Fwp%2Fv2%2Fmedia&parent=38661"}],"wp:term":[{"taxonomy":"category","embeddable":true,"href":"https:\/\/mersinkadingazetesi.com\/index.php?rest_route=%2Fwp%2Fv2%2Fcategories&post=38661"},{"taxonomy":"post_tag","embeddable":true,"href":"https:\/\/mersinkadingazetesi.com\/index.php?rest_route=%2Fwp%2Fv2%2Ftags&post=38661"}],"curies":[{"name":"wp","href":"https:\/\/api.w.org\/{rel}","templated":true}]}}