{"id":38670,"date":"2025-01-13T13:02:43","date_gmt":"2025-01-13T10:02:43","guid":{"rendered":"https:\/\/mersinkadingazetesi.com\/?p=38670"},"modified":"2025-01-13T13:02:44","modified_gmt":"2025-01-13T10:02:44","slug":"braila-belediye-baskani-viorel-marian-dragomir-erdemli-ruya-gibi","status":"publish","type":"post","link":"https:\/\/mersinkadingazetesi.com\/?p=38670","title":{"rendered":"Braila Belediye Ba\u015fkan\u0131 Viorel Marian Dragomir &#8220;Erdemli R\u00fcya Gibi&#8221;"},"content":{"rendered":"\n<p>Erdemli Belediyesi, Mersin \u00dcniversitesi, Romanya&#8217;n\u0131n Braila Belediyesi ve Galati \u00dcniversitesi taraf\u0131ndan y\u00fcr\u00fct\u00fclmekte olan &#8220;T\u00fcrkiye ile Avrupa Birli\u011fi Aras\u0131nda \u015eehir E\u015fle\u015ftirme Program\u0131 II Ye\u015fil Gelecek \u0130\u00e7in E\u015fle\u015ftirme Projesi&#8221; kapsam\u0131nda Braila Belediye Ba\u015fkan\u0131 Viorel Marian Dragomir ve heyeti Erdemli&#8217;ye geldi. Erdemli&#8217;deki tar\u0131m alanlar\u0131n\u0131 gezen Braila Belediye Ba\u015fkan\u0131 Viorel Marian Dragomir, &#8220;Erdemli r\u00fcya gibi&#8221; dedi.<\/p>\n\n\n\n<p>Ziyaretin ilk g\u00fcn\u00fcnde Romanya heyeti Erdemli Belediyesi makam\u0131n\u0131 ziyaret etti. Yap\u0131lan toplant\u0131da, T\u00fcrkiye ve Romanya aras\u0131ndaki ili\u015fkilerin g\u00fc\u00e7lendirilmesi, s\u00fcrd\u00fcr\u00fclebilir tar\u0131m ve \u00e7evre koruma alan\u0131nda y\u00fcr\u00fct\u00fclen projelerin \u00f6nemi \u00fczerinde duruldu. Erdemli Belediyesi ve Mersin \u00dcniversitesi&#8217;nin AB projelerindeki aktif rol\u00fc, iki \u00fclke aras\u0131ndaki i\u015f birli\u011fine sa\u011flad\u0131\u011f\u0131 katk\u0131larla \u00f6ne \u00e7\u0131kar\u0131ld\u0131.<\/p>\n\n\n\n<p>Erdemli Belediye Ba\u015fkan\u0131 Mustafa Kara, Mersin \u00dcniversitesi Rekt\u00f6r\u00fc Prof. Dr. Erol Ya\u015far ve \u00f6\u011fretim \u00fcyeleri, Braila Belediye Ba\u015fkan\u0131 Viorel Marian Dragomir ve heyet ile &#8216;S\u00fcrd\u00fcr\u00fclebilir Tar\u0131m ve \u0130klim De\u011fi\u015fikli\u011finin Azalt\u0131lmas\u0131 Konusunda Ortakl\u0131k Protokol\u00fc&#8217; imzaland\u0131. Karde\u015f \u015fehir olma noktas\u0131nda s\u00f6zl\u00fc olarak taraflar anla\u015ft\u0131.<\/p>\n\n\n\n<p>Ziyaretin ikinci g\u00fcn\u00fcnde, Erdemli Belediye Ba\u015fkan Yard\u0131mc\u0131s\u0131 Hasan Gubaro\u011flu ve AR-GE M\u00fcd\u00fcrl\u00fc\u011f\u00fc Romanya heyeti i\u00e7in k\u00fclt\u00fcr gezisi d\u00fczenledi, Erdemli&#8217;ye \u00f6zg\u00fc k\u00fclt\u00fcrel ve tarihi yerler tan\u0131t\u0131ld\u0131, tar\u0131msal \u00fcr\u00fcnler ve faaliyetler hakk\u0131nda bilgi al\u0131\u015fveri\u015finde bulunuldu. Ziyaretin son g\u00fcn\u00fcnde ise Romanya heyetine Erdemli&#8217;ye \u00f6zg\u00fc y\u00f6resel lezzetler ve oyunlar tan\u0131t\u0131ld\u0131. \u0130ki \u00fclkenin kayna\u015ft\u0131\u011f\u0131 keyifli anlar ya\u015fand\u0131.<\/p>\n\n\n\n<p>Erdemli Belediye Ba\u015fkan\u0131 Mustafa Kara, &#8220;Erdemlimiz g\u00fczelliklerle dolu. Tar\u0131mda bir\u00e7ok \u00fcr\u00fcn yeti\u015ftiriyoruz. \u0130lk kez limon bah\u00e7esine girdiklerini, dal\u0131ndan limon kesti\u011fini ifade etti. Birlikte yapaca\u011f\u0131m\u0131z projeler artarak devam edecek. Tar\u0131m alan\u0131nda bizim onlardan \u00f6\u011freneceklerimiz, onlar\u0131nda bizden \u00f6\u011frenecekleri var. Onlarda kiraz ve tah\u0131l \u00fcr\u00fcnleri var, bizde de egzotik meyveler var. Ejder meyvesi, mango, avakado gibi \u00fcr\u00fcnlerimiz ilgilerini \u00e7ekti. Tar\u0131mda birbirimizden \u00f6\u011frenece\u011fimiz \u00e7ok \u015feyler var. Ba\u015fkan Kara, misafir heyetin ilk kez muz seras\u0131 g\u00f6rd\u00fc\u011f\u00fcn\u00fc, limon bah\u00e7esinde hasada kat\u0131ld\u0131\u011f\u0131n\u0131, egzotik meyveleri inceledi\u011fini de kaydetti.<\/p>\n\n\n\n<p>Braila Belediye Ba\u015fkan\u0131 Viorel Marian Dragomir, &#8220;Biz Romanya&#8217;da meyve olarak elma, armut, kay\u0131s\u0131, kiraz yeti\u015fiyor. Size geldi\u011fimiz zaman hi\u00e7 hayat\u0131mda bu kadar \u00e7ok limonu bir arada g\u00f6rmedim. Buras\u0131 r\u00fcya gibi. Muz seralar\u0131n\u0131, ejder meyvesi ve avokadolardan etkilendim. Bunlar bizim i\u00e7in egzotik meyveler. Bu \u00e7al\u0131\u015fmalar\u0131 beraber ileriye g\u00f6t\u00fcrmemiz laz\u0131m. Bizim \u00fclkemizde yap\u0131lamasa dahi bu teknolojiyi \u00f6\u011frenmek istiyoruz. Bizdeki teknolojiyi de size sunarak \u00e7ok \u015feyler \u00f6\u011frenebiliriz. Her \u015fey i\u00e7in \u00e7ok te\u015fekk\u00fcr ediyorum&#8221; dedi.<\/p>\n\n\n\n<p>Yap\u0131lan ziyaret, T\u00fcrkiye ile Romanya aras\u0131ndaki ba\u011flar\u0131n daha da g\u00fc\u00e7lenmesi ve ortak projelerin ba\u015far\u0131yla s\u00fcrd\u00fcr\u00fclmesi ad\u0131na \u00f6nemli bir ad\u0131m olarak de\u011ferlendirildi.<\/p>\n","protected":false},"excerpt":{"rendered":"<p>Erdemli Belediyesi, Mersin \u00dcniversitesi, Romanya&#8217;n\u0131n Braila Belediyesi ve Galati \u00dcniversitesi taraf\u0131ndan y\u00fcr\u00fct\u00fclmekte olan &#8220;T\u00fcrkiye ile Avrupa Birli\u011fi Aras\u0131nda \u015eehir E\u015fle\u015ftirme Program\u0131 II Ye\u015fil Gelecek \u0130\u00e7in E\u015fle\u015ftirme Projesi&#8221; kapsam\u0131nda Braila Belediye Ba\u015fkan\u0131 Viorel Marian Dragomir ve heyeti Erdemli&#8217;ye geldi. Erdemli&#8217;deki tar\u0131m alanlar\u0131n\u0131 gezen Braila Belediye Ba\u015fkan\u0131 Viorel Marian Dragomir, &#8220;Erdemli r\u00fcya gibi&#8221; dedi. Ziyaretin ilk g\u00fcn\u00fcnde [&hellip;]<\/p>\n","protected":false},"author":2,"featured_media":38671,"comment_status":"closed","ping_status":"closed","sticky":false,"template":"","format":"standard","meta":{"footnotes":""},"categories":[3],"tags":[],"class_list":["post-38670","post","type-post","status-publish","format-standard","has-post-thumbnail","hentry","category-manset"],"views":4,"_links":{"self":[{"href":"https:\/\/mersinkadingazetesi.com\/index.php?rest_route=\/wp\/v2\/posts\/38670"}],"collection":[{"href":"https:\/\/mersinkadingazetesi.com\/index.php?rest_route=\/wp\/v2\/posts"}],"about":[{"href":"https:\/\/mersinkadingazetesi.com\/index.php?rest_route=\/wp\/v2\/types\/post"}],"author":[{"embeddable":true,"href":"https:\/\/mersinkadingazetesi.com\/index.php?rest_route=\/wp\/v2\/users\/2"}],"replies":[{"embeddable":true,"href":"https:\/\/mersinkadingazetesi.com\/index.php?rest_route=%2Fwp%2Fv2%2Fcomments&post=38670"}],"version-history":[{"count":1,"href":"https:\/\/mersinkadingazetesi.com\/index.php?rest_route=\/wp\/v2\/posts\/38670\/revisions"}],"predecessor-version":[{"id":38672,"href":"https:\/\/mersinkadingazetesi.com\/index.php?rest_route=\/wp\/v2\/posts\/38670\/revisions\/38672"}],"wp:featuredmedia":[{"embeddable":true,"href":"https:\/\/mersinkadingazetesi.com\/index.php?rest_route=\/wp\/v2\/media\/38671"}],"wp:attachment":[{"href":"https:\/\/mersinkadingazetesi.com\/index.php?rest_route=%2Fwp%2Fv2%2Fmedia&parent=38670"}],"wp:term":[{"taxonomy":"category","embeddable":true,"href":"https:\/\/mersinkadingazetesi.com\/index.php?rest_route=%2Fwp%2Fv2%2Fcategories&post=38670"},{"taxonomy":"post_tag","embeddable":true,"href":"https:\/\/mersinkadingazetesi.com\/index.php?rest_route=%2Fwp%2Fv2%2Ftags&post=38670"}],"curies":[{"name":"wp","href":"https:\/\/api.w.org\/{rel}","templated":true}]}}