{"id":38677,"date":"2025-01-14T10:47:20","date_gmt":"2025-01-14T07:47:20","guid":{"rendered":"https:\/\/mersinkadingazetesi.com\/?p=38677"},"modified":"2025-01-14T10:47:20","modified_gmt":"2025-01-14T07:47:20","slug":"millet-iradesine-saygisizlik-olacak-bir-kararin-alinmasi-hic-kimsenin-hayrina-olmaz","status":"publish","type":"post","link":"https:\/\/mersinkadingazetesi.com\/?p=38677","title":{"rendered":"&#8220;M\u0130LLET \u0130RADES\u0130NE SAYGISIZLIK OLACAK B\u0130R KARARIN ALINMASI H\u0130\u00c7 K\u0130MSEN\u0130N HAYRINA OLMAZ&#8221;"},"content":{"rendered":"\n<p>Mersin B\u00fcy\u00fck\u015fehir Belediye Meclisi&#8217;nin 2025 Y\u0131l\u0131 Ocak Ay\u0131 Ola\u011fan Toplant\u0131s\u0131&#8217;n\u0131n 1. Birle\u015fimi, Mersin B\u00fcy\u00fck\u015fehir Belediye Ba\u015fkan\u0131 Vahap Se\u00e7er ba\u015fkanl\u0131\u011f\u0131nda ger\u00e7ekle\u015ftirildi. Kongre ve Sergi Saray\u0131 \u00c7ok Ama\u00e7l\u0131 Salon&#8217;da ger\u00e7ekle\u015ftirilen Meclis Toplant\u0131s\u0131&#8217;nda Komisyonlara Havale Edilen 33, Birimlerden Gelen 46 ve G\u00fcndem D\u0131\u015f\u0131 2 madde olmak \u00fczere toplam 81 madde g\u00f6r\u00fc\u015f\u00fcld\u00fc.<\/p>\n\n\n\n<p><strong>Ba\u015fkan Se\u00e7er: &#8220;Bizim b\u00fct\u00fcn benli\u011fimiz Mersin&#8217;e hizmetle dolu&#8221;<\/strong><\/p>\n\n\n\n<p>Ocak Ay\u0131 Ola\u011fan Toplant\u0131s\u0131 1. Birle\u015fimi&#8217;nin, 2025 y\u0131l\u0131n\u0131n ilk Meclis toplant\u0131s\u0131 oldu\u011funu belirten Se\u00e7er, Akdeniz Belediyesi&#8217;ne kayy\u0131m atand\u0131\u011f\u0131, Be\u015fikta\u015f Belediye Ba\u015fkan\u0131 R\u0131za Akpolat&#8217;\u0131n g\u00f6zalt\u0131na al\u0131nd\u0131\u011f\u0131 bir g\u00fcn oldu\u011funu belirterek,&nbsp;<strong>&#8220;Meclis arzu etmedi\u011fimiz geli\u015fmelerin oldu\u011fu bir d\u00f6neme denk geldi. Meclis \u00e7al\u0131\u015fmalar\u0131m\u0131z\u0131n ba\u015fta Mersinimize, \u00fclkemize, vatanda\u015flar\u0131m\u0131za hay\u0131rl\u0131 olmas\u0131n\u0131 diliyorum. Hepinize inan\u0131yorum ve g\u00fcveniyorum ki Mersin&#8217;in yarar\u0131na olan b\u00fct\u00fcn konularda burada \u00e7ok de\u011ferli fikirler, katk\u0131lar alaca\u011f\u0131z ve ortak kararlar \u00e7\u0131kartaca\u011f\u0131z. Bizim b\u00fct\u00fcn benli\u011fimiz Mersin&#8217;e hizmetle dolu, akl\u0131m\u0131zda ba\u015fka bir \u015fey yok. T\u00fcm amac\u0131m\u0131z; nas\u0131l hizmet yapabiliriz, imk\u00e2nlar\u0131m\u0131z\u0131 en verimli nas\u0131l kuvvetli ve iyi kullanabiliriz, daha \u00e7ok nas\u0131l ve ne kadar hizmet yapabiliriz. Meclis&#8217;in de deste\u011fi bizim i\u00e7in her \u015feyden \u00f6nemlidir. Yeni d\u00f6nemimizin hay\u0131rl\u0131 ve u\u011furlu olmas\u0131n\u0131 diliyorum&#8221;<\/strong>&nbsp;diye konu\u015ftu.<\/p>\n\n\n\n<p><strong>&nbsp;&#8220;9. kayy\u0131m olay\u0131yla kar\u015f\u0131 kar\u015f\u0131ya kald\u0131k&#8221;<\/strong><\/p>\n\n\n\n<p>Akdeniz Belediyesi&#8217;ne kayy\u0131m atanmas\u0131 ve Akdeniz Belediyesi E\u015f Ba\u015fkanlar\u0131 Ho\u015fyar Sar\u0131y\u0131ld\u0131z ve Nuriye Arslan ile Meclis \u00fcyelerinin tutuklanmas\u0131 hakk\u0131nda a\u00e7\u0131klama yapan Ba\u015fkan Se\u00e7er,&nbsp;<strong>&#8220;Bizim ilk defa ba\u015f\u0131m\u0131za gelen bir hadise de\u011fil. 9. kayy\u0131m olay\u0131yla kar\u015f\u0131 kar\u015f\u0131ya kald\u0131k. 1 Ekim&#8217;den sonra T\u00fcrkiye farkl\u0131 bir atmosfere do\u011fru gitmeye ba\u015flad\u0131. Biz de bundan umutland\u0131k. Bu s\u00fcrecin ad\u0131n\u0131 da hen\u00fcz koyamad\u0131lar. Neticede bu \u00fclkede huzurlu bir ortamda ya\u015famak istiyorsak, \u00fclkemizin enerjisinin, milletimizin moral ve motivasyonun bozulmamas\u0131n\u0131 istiyorsak, sorunlar\u0131n bir an \u00f6nce bitmesini istiyorduk. Verdi\u011fimiz deme\u00e7lerde de konunun siyaset \u00fcst\u00fc d\u00fc\u015f\u00fcn\u00fclmesi ama siyaset kurumu taraf\u0131ndan \u00e7\u00f6z\u00fclmesi gerekti\u011fini s\u00f6yl\u00fcyorduk<\/strong>&#8221; dedi.<\/p>\n\n\n\n<p><strong>&#8220;Demokrasilerde millet iradesi kutsald\u0131r&#8221;<\/strong><\/p>\n\n\n\n<p>MHP Genel Ba\u015fkan\u0131 Devlet Bah\u00e7eli&#8217;nin a\u00e7\u0131klamas\u0131n\u0131n ard\u0131ndan g\u00f6r\u00fc\u015fmelerin ve ziyaretlerin ba\u015flad\u0131\u011f\u0131n\u0131 s\u00f6zlerine ekleyen Ba\u015fkan Se\u00e7er,&nbsp;<strong>&#8220;Bar\u0131\u015f m\u0131; evet, karde\u015flik mi; evet, ter\u00f6rs\u00fcz bir T\u00fcrkiye mi; evet. Hi\u00e7birimiz buna hay\u0131r demeyiz ama bir taraftan da demokrasilerde millet iradesi kutsald\u0131r&#8221;<\/strong>&nbsp;diye konu\u015ftu.<\/p>\n\n\n\n<p><strong>&#8220;Millet iradesine sayg\u0131s\u0131zl\u0131k olacak bir karar\u0131n al\u0131nmas\u0131 hi\u00e7 kimsenin hayr\u0131na olmaz&#8221;<\/strong><\/p>\n\n\n\n<p>Hukuk kavram\u0131n\u0131n olmad\u0131\u011f\u0131 bir \u00fclkede hi\u00e7bir \u015feyden s\u00f6z edilemeyece\u011fini ifade eden Se\u00e7er,&nbsp;<strong>&#8220;E\u011fer milletin iradesine mahkemeler kanal\u0131yla m\u00fcdahale ediliyorsa ve buna g\u00f6lge getirecek bir durum varsa; bizim hukuk devleti ve demokrasi anlay\u0131\u015f\u0131m\u0131z\u0131 tahrip edecek, millet iradesine sayg\u0131s\u0131zl\u0131k olacak bir karar\u0131n al\u0131nmas\u0131 hi\u00e7 kimsenin hayr\u0131na olmaz. Bir taraftan b\u00f6yle bir s\u00fcre\u00e7 y\u00f6netilirken bir taraftan da bu uygulamalar oluyor&#8221;&nbsp;<\/strong>ifadelerine yer verdi.<\/p>\n\n\n\n<p><strong>&#8220;\u00dclkemde bar\u0131\u015f ve karde\u015flik olsun istiyorum&#8221;<\/strong><\/p>\n\n\n\n<p>Se\u00e7er, Mersin&#8217;in; b\u00fct\u00fcn bu konu\u015fulan konular\u0131n kalbinin att\u0131\u011f\u0131 bir \u015fehir oldu\u011funu da vurgulayarak,&nbsp;<strong>&#8220;Mersin bizler i\u00e7in \u00f6nemli ama T\u00fcrkiye i\u00e7in de \u00e7ok \u00f6nemli. Bu kentte ya\u015fayan resmi ve gayri resmi 2.7 milyon insan\u0131n selameti kentin y\u00fczde 60 oyuyla se\u00e7ilen belediye ba\u015fkan\u0131ndan da sorulur. Onun da sorumlulu\u011fu vard\u0131r ve bu konuda hassasiyet i\u00e7erisinde olmas\u0131 laz\u0131m. Benim hassasiyetim burada ya\u015fayan hem\u015fehrilerim, kentimin huzuru, birli\u011fi ve beraberli\u011fi i\u00e7indir. 6 y\u0131ld\u0131r y\u00f6netimdeyiz. Kentimizin huzuruna, birli\u011fine, beraberli\u011fine bir zarar ziyan gelmesin istiyoruz&#8221;<\/strong>&nbsp;diye belirtti. S\u00fcrecin ba\u015far\u0131yla tamamlanmas\u0131n\u0131 arzu etti\u011fini ifade eden Se\u00e7er, T\u00fcrkiye&#8217;de bar\u0131\u015f ve karde\u015flik istediklerinin vurgusunu yapt\u0131.<\/p>\n\n\n\n<p><strong>&#8220;Bu operasyonlar\u0131n siyasi bir m\u00fclahaza ile yap\u0131lmad\u0131\u011f\u0131na inanmak istiyorum&#8221;<\/strong><\/p>\n\n\n\n<p>Akdeniz Belediyesi&#8217;ne kayy\u0131m atanmas\u0131yla ilgili de\u011ferlendirmeler yapan Ba\u015fkan Se\u00e7er, CHP&#8217;li Be\u015fikta\u015f Belediye Ba\u015fkan\u0131 R\u0131za Akpolat&#8217;\u0131n da g\u00f6zalt\u0131na al\u0131nmas\u0131na ili\u015fkin konu\u015ftu. Hukuki s\u00fcrecin devam etti\u011fini kaydeden Se\u00e7er,&nbsp;<strong>&#8220;T\u00fcrkiye&#8217;deki yarg\u0131n\u0131n siyasalla\u015fmad\u0131\u011f\u0131na ve bu operasyonlar\u0131n siyasi bir m\u00fclahaza ile yap\u0131lmad\u0131\u011f\u0131na inanmak istiyorum. Tabi ki s\u00fcreci takip ediyoruz ama \u015funu da belirtmek isterim ki; bizler belediye ba\u015fkanlar\u0131 olarak su\u00e7 i\u015fleme \u00f6zg\u00fcrl\u00fc\u011f\u00fcne asla sahip de\u011filiz, her \u015feyi yasalara uygun yapaca\u011f\u0131z. Ancak iktidar g\u00fcc\u00fcyle de bizim ba\u015far\u0131l\u0131 \u00e7al\u0131\u015fmalar\u0131m\u0131z\u0131 y\u0131pratacak; bizi halk kar\u015f\u0131s\u0131nda itibars\u0131zla\u015ft\u0131racak bir anlay\u0131\u015fla bu operasyonlar yap\u0131lmak isteniyorsa; ki bu konuda da a\u00e7\u0131k\u00e7as\u0131 kuvvetli \u015f\u00fcphelerim var; bu, iktidara da yarar getirmez&#8221;<\/strong>&nbsp;dedi.<\/p>\n\n\n\n<p>Yap\u0131lan bu operasyonlar\u0131n kar\u015f\u0131s\u0131nda vatanda\u015flar\u0131n her \u015feyi bildi\u011fini ve fark\u0131nda oldu\u011funu da s\u00f6zlerine ekleyen Se\u00e7er,&nbsp;<strong>&#8220;Daha 1 y\u0131l\u0131n\u0131 doldurmad\u0131, bir \u00f6nceki d\u00f6nemde yap\u0131lan bu tip siyasi operasyonlar\u0131n kar\u015f\u0131l\u0131\u011f\u0131nda halk, kime nas\u0131l destek olaca\u011f\u0131n\u0131 gayet iyi bildi. Bunun en iyi \u00f6rneklerinden birini de milletimiz Mersin&#8217;de verdi. Onun i\u00e7in milletime g\u00fcveniyorum, inan\u0131yorum ve hukuk d\u0131\u015f\u0131 davran\u0131\u015flar\u0131n hangi iktidar olursa olsun y\u00f6nettikleri \u00fclkeye ve topluma bir yarar getirmeyece\u011finin de bir kez daha alt\u0131n\u0131 \u00e7izmek istiyorum. Bunu ger\u00e7ekten vicdan\u0131m da kabul etmiyor, akl\u0131m da alm\u0131yor. Bir taraftan bir \u015fey yapmaya \u00e7al\u0131\u015f\u0131rken di\u011fer taraftan bu bozma giri\u015fimleri hangi akl\u0131n \u00fcr\u00fcn\u00fcd\u00fcr? A\u00e7\u0131k\u00e7as\u0131 onu da bilmiyorum&#8221;<\/strong>&nbsp;s\u00f6zlerine yer verdi.<\/p>\n\n\n\n<p><strong>Se\u00e7er, B\u00fcy\u00fck\u015fehir&#8217;in ge\u00e7ti\u011fimiz hafta a\u00e7\u0131l\u0131\u015f\u0131n\u0131 yapt\u0131\u011f\u0131 6 tesise de\u011findi<\/strong><\/p>\n\n\n\n<p>B\u00fcy\u00fck\u015fehir Belediyesi&#8217;nin ge\u00e7ti\u011fimiz hafta a\u00e7\u0131l\u0131\u015f\u0131n\u0131 yapt\u0131\u011f\u0131 6 \u00f6nemli tesisi hat\u0131rlatan Se\u00e7er, bunlardan bir tanesinin&nbsp;<strong>&#8216;Toroslar Kurdali Sosyal Ya\u015fam ve \u00c7ocuk Geli\u015fim Merkezi&#8217;<\/strong>&nbsp;oldu\u011funu dile getirdi. Se\u00e7er, i\u00e7erisinde 80 kapasiteli \u00e7ocuk geli\u015fim merkezi, taziye evi, spor salonu ve LGS&#8217;ye haz\u0131rlanan \u00f6\u011frencilerin faydalanabilece\u011fi kurs merkezi oldu\u011funu aktard\u0131. A\u00e7\u0131l\u0131\u015f\u0131 yap\u0131lan bir di\u011fer tesisin yine Toroslar&#8217;a kazand\u0131r\u0131lan&nbsp;<strong>&#8216;Toroslar Spor Park ve \u00c7ocuk Geli\u015fim Merkezi&#8217;<\/strong>&nbsp;oldu\u011funu s\u00f6yleyen Se\u00e7er, tesiste 120 \u00e7ocuk kapasiteli \u00e7ocuk geli\u015fim merkezi, \u00e7ocuklar\u0131n oyun oynayabilece\u011fi Survivor parkuru, y\u00fczme havuzu ve a\u00e7\u0131k spor alanlar\u0131 bulundu\u011funu ifade etti.<\/p>\n\n\n\n<p><strong>&#8216;Tarsus Aratos Matematik Evi&#8217;<\/strong>nin; matematik m\u00fczesi, deneysel d\u00fczenekler, sinema odas\u0131, k\u00fct\u00fcphane ve matematik at\u00f6lyesinden olu\u015fan \u00e7ok g\u00fczel bir konsept oldu\u011funu belirten Se\u00e7er, Mersin merkez ve di\u011fer il\u00e7elere de Matematik Evleri&#8217;ni a\u00e7maya devam edeceklerini kaydetti. G\u00f6reve geldiklerinde B\u00fcy\u00fck\u015fehir&#8217;in yaln\u0131zca 1 adet Okuma Salonu&#8217;na sahip oldu\u011funu hat\u0131rlatan Se\u00e7er, e\u011fitime verdikleri \u00f6nemle bu say\u0131y\u0131 12&#8217;ye \u00e7\u0131kartt\u0131klar\u0131n\u0131 belirtti. A\u00e7\u0131l\u0131\u015f\u0131 yap\u0131lan yerler aras\u0131nda &#8216;<strong>G\u00fcvenevler&#8217;&nbsp;<\/strong>ve<strong>&nbsp;&#8216;\u00c7iftlikk\u00f6y Nept\u00fcn \u0130pek Y\u0131lmaz Okuma Salonu&#8217;<\/strong>&nbsp;oldu\u011funu da s\u00f6zlerine ekleyen Se\u00e7er, okuma salonlar\u0131n\u0131 kent genelinde yayg\u0131nla\u015ft\u0131rmak istediklerine vurgu yapt\u0131.<\/p>\n\n\n\n<p><strong>Se\u00e7er, sahile yapmak istedikleri Okuma Salonu&#8217;na ili\u015fkin tahsis sorununa de\u011findi<\/strong><\/p>\n\n\n\n<p>Se\u00e7er, Mersin \u0130dmanyurdu Meydan\u0131 ile Hilton aras\u0131na yapmay\u0131 planlad\u0131klar\u0131 Okuma Salonu i\u00e7in \u00c7evre, \u015eehircilik ve \u0130klim De\u011fi\u015fikli\u011fi Bakanl\u0131\u011f\u0131 ile 3 y\u0131ld\u0131r ya\u015fad\u0131klar\u0131 tahsis sorununa da de\u011finerek,&nbsp;<strong>&#8220;Asl\u0131nda yasa a\u00e7\u0131k, oras\u0131 bizim m\u00fclk\u00fcm\u00fcz. Yasada;&nbsp;<em>&#8216;Belediye dolgu alanlar\u0131 b\u00fcy\u00fck\u015fehirlerde belediyeye devrediliyor&#8217;<\/em>&nbsp;diyor. Tahsisini de \u00c7evre, \u015eehircilik ve \u0130klim De\u011fi\u015fikli\u011fi Bakanl\u0131\u011f\u0131 benden \u00f6nceki d\u00f6nemlerden belediye ile bir alacak verecekten dolay\u0131 vermiyor&#8221;&nbsp;<\/strong>dedi. Kar\u015f\u0131l\u0131kl\u0131 oturup anla\u015fma ile \u00e7\u00f6zme gayretlerinin netice vermedi\u011finden da s\u00f6z eden Se\u00e7er,&nbsp;<strong>&#8220;Bunu 2025 program\u0131na ald\u0131k. Ne yap\u0131p ne edip oran\u0131n temelini ataca\u011f\u0131z. \u015eimdi Say\u0131\u015ftay&#8217;dan bir g\u00f6r\u00fc\u015f bekliyoruz. Say\u0131\u015ftay Denet\u00e7isi bize;&nbsp;<em>&#8216;Hi\u00e7bir sorun te\u015fkil etmiyor. O m\u00fclk sizin, verilmemi\u015f olabilir, ba\u015flay\u0131p yapabilirsiniz&#8217;<\/em>&nbsp;dedi. \u0130leride bir sorun olmas\u0131n diye yaz\u0131l\u0131 bir g\u00f6r\u00fc\u015f alma pe\u015findeyiz. Oraya da bir Okuma Salonu yapaca\u011f\u0131z&#8221;&nbsp;<\/strong>diye konu\u015ftu.<\/p>\n\n\n\n<p><strong>&#8220;Bu \u00fclkede demokrasi ve huzur istiyorsak \u00e7ocuklar\u0131m\u0131z\u0131 e\u011fitmek zorunday\u0131z&#8221;<\/strong><\/p>\n\n\n\n<p>A\u00e7\u0131l\u0131\u015f\u0131n\u0131 ger\u00e7ekle\u015ftirdikleri bir di\u011fer tesis olan &#8216;<strong>Mezitli \u00c7ocuk Kamp\u00fcs\u00fc&#8217;<\/strong>&nbsp;hakk\u0131nda da bilgi veren Se\u00e7er, tesisin 7-14 ya\u015f grubu \u00e7ocuklara y\u00f6nelik oldu\u011funu kaydetti. Se\u00e7er, tesiste yer alan \u00e7ocuk geli\u015fim merkezi, tiyatro ve g\u00f6steri salonu, \u00e7ocuk k\u00fct\u00fcphanesi, a\u00e7\u0131k \u00e7ocuk oyun alanlar\u0131 ve Survivor parkuru ile \u00e7ocuklar\u0131n e\u011flenerek \u00f6\u011freneceklerinden bahsederek,&nbsp;<strong>&#8220;Gen\u00e7lerimize ve \u00e7ocuklar\u0131m\u0131za y\u00f6nelik bu tip hizmetlerimiz durmadan devam edecek. Onlar bizim gelece\u011fimizin g\u00fcvencesi. Bu \u00fclkede demokrasi, huzur, d\u00fcnya devletleri ile rekabet, \u00e7a\u011fda\u015f bir ya\u015fam, refah ve zenginlik istiyorsak \u00e7ocuklar\u0131m\u0131z\u0131 e\u011fitmek zorunday\u0131z. Hep bunun bilincindeyiz. Bizim de belediyeler olarak g\u00f6revimiz onlara elimizden gelen deste\u011fi yapmak ve bunu da yapmaya devam edece\u011fiz. Bu a\u00e7t\u0131\u011f\u0131m\u0131z tesislerle beraber Okuma Salonu say\u0131m\u0131z 12&#8217;ye, \u00c7ocuk Geli\u015fim Merkezi say\u0131m\u0131z 10&#8217;a y\u00fckseldi. \u015eu anda da 1 Silifke&#8217;de, 1 de Tarsus&#8217;ta olmak \u00fczere 2 \u00e7ocuk geli\u015fim merkezi in\u015faat\u0131m\u0131z devam ediyor. E\u011fitim ve \u00d6\u011fretimi Destekleme Kurs Merkezi say\u0131m\u0131z da 32&#8217;ye y\u00fckseldi ve LGS ve YKS \u00f6\u011frenci say\u0131m\u0131z da 9 bine \u00e7\u0131kt\u0131&#8221;&nbsp;<\/strong>diye belirtti.<\/p>\n\n\n\n<p>Meclis toplant\u0131s\u0131nda gizli oylama usul\u00fc ile ger\u00e7ekle\u015ftirilen se\u00e7imde Cem Barut, M\u00fcm\u00fcn \u00c7oban ile Sibel Tama\u00e7 61, \u0130lhan \u00c7okg\u00fcn 32 ve Muhammet Emin Tun\u00e7az da 27 oy ile Denetim Komisyonu&#8217;na \u00fcye olarak se\u00e7ildiler.<\/p>\n\n\n\n<p>Meclis toplant\u0131s\u0131, maddelerin oylanmas\u0131n\u0131n ard\u0131ndan sona erdi.<\/p>\n","protected":false},"excerpt":{"rendered":"<p>Mersin B\u00fcy\u00fck\u015fehir Belediye Meclisi&#8217;nin 2025 Y\u0131l\u0131 Ocak Ay\u0131 Ola\u011fan Toplant\u0131s\u0131&#8217;n\u0131n 1. Birle\u015fimi, Mersin B\u00fcy\u00fck\u015fehir Belediye Ba\u015fkan\u0131 Vahap Se\u00e7er ba\u015fkanl\u0131\u011f\u0131nda ger\u00e7ekle\u015ftirildi. Kongre ve Sergi Saray\u0131 \u00c7ok Ama\u00e7l\u0131 Salon&#8217;da ger\u00e7ekle\u015ftirilen Meclis Toplant\u0131s\u0131&#8217;nda Komisyonlara Havale Edilen 33, Birimlerden Gelen 46 ve G\u00fcndem D\u0131\u015f\u0131 2 madde olmak \u00fczere toplam 81 madde g\u00f6r\u00fc\u015f\u00fcld\u00fc. Ba\u015fkan Se\u00e7er: &#8220;Bizim b\u00fct\u00fcn benli\u011fimiz Mersin&#8217;e hizmetle [&hellip;]<\/p>\n","protected":false},"author":2,"featured_media":38678,"comment_status":"closed","ping_status":"closed","sticky":false,"template":"","format":"standard","meta":{"footnotes":""},"categories":[34,2,3],"tags":[],"class_list":["post-38677","post","type-post","status-publish","format-standard","has-post-thumbnail","hentry","category-flas-haber","category-gundem","category-manset"],"views":9,"_links":{"self":[{"href":"https:\/\/mersinkadingazetesi.com\/index.php?rest_route=\/wp\/v2\/posts\/38677"}],"collection":[{"href":"https:\/\/mersinkadingazetesi.com\/index.php?rest_route=\/wp\/v2\/posts"}],"about":[{"href":"https:\/\/mersinkadingazetesi.com\/index.php?rest_route=\/wp\/v2\/types\/post"}],"author":[{"embeddable":true,"href":"https:\/\/mersinkadingazetesi.com\/index.php?rest_route=\/wp\/v2\/users\/2"}],"replies":[{"embeddable":true,"href":"https:\/\/mersinkadingazetesi.com\/index.php?rest_route=%2Fwp%2Fv2%2Fcomments&post=38677"}],"version-history":[{"count":1,"href":"https:\/\/mersinkadingazetesi.com\/index.php?rest_route=\/wp\/v2\/posts\/38677\/revisions"}],"predecessor-version":[{"id":38679,"href":"https:\/\/mersinkadingazetesi.com\/index.php?rest_route=\/wp\/v2\/posts\/38677\/revisions\/38679"}],"wp:featuredmedia":[{"embeddable":true,"href":"https:\/\/mersinkadingazetesi.com\/index.php?rest_route=\/wp\/v2\/media\/38678"}],"wp:attachment":[{"href":"https:\/\/mersinkadingazetesi.com\/index.php?rest_route=%2Fwp%2Fv2%2Fmedia&parent=38677"}],"wp:term":[{"taxonomy":"category","embeddable":true,"href":"https:\/\/mersinkadingazetesi.com\/index.php?rest_route=%2Fwp%2Fv2%2Fcategories&post=38677"},{"taxonomy":"post_tag","embeddable":true,"href":"https:\/\/mersinkadingazetesi.com\/index.php?rest_route=%2Fwp%2Fv2%2Ftags&post=38677"}],"curies":[{"name":"wp","href":"https:\/\/api.w.org\/{rel}","templated":true}]}}