{"id":38683,"date":"2025-01-14T10:59:03","date_gmt":"2025-01-14T07:59:03","guid":{"rendered":"https:\/\/mersinkadingazetesi.com\/?p=38683"},"modified":"2025-01-14T10:59:03","modified_gmt":"2025-01-14T07:59:03","slug":"mesyad-kurulusunun-30-yilini-kutladi","status":"publish","type":"post","link":"https:\/\/mersinkadingazetesi.com\/?p=38683","title":{"rendered":"ME\u015eYAD KURULU\u015eUNUN 30. YILINI KUTLADI"},"content":{"rendered":"\n<p>Mersin \u015eairler ve Yazarlar Derne\u011fi Kurulu\u015funun 30. Y\u0131l\u0131n\u0131 \u00fcyeleri ve misafirlerinin de kat\u0131l\u0131m\u0131yla yap\u0131lan bir etkinlikle kutlad\u0131.<\/p>\n\n\n\n<p>K\u0131sa ad\u0131 ME\u015eYAD olan dernek bundan tam otuz y\u0131l \u00f6nce kurularak g\u00fcn\u00fcm\u00fcze kadar Mersin Edebiyat ve k\u00fclt\u00fcr d\u00fcnyas\u0131nda faaliyetlerini s\u00fcrd\u00fcrd\u00fc. 2025 y\u0131l\u0131 itibari ile 30. Y\u0131l\u0131na eri\u015fmenin mutlulu\u011funu ya\u015fad\u0131.<\/p>\n\n\n\n<p>Ta\u015f\u0131nm\u0131\u015f oldu\u011fu yeni binas\u0131nda Mersin\u2019in edebiyat ve k\u00fclt\u00fcr \u00e7evresinden \u00e7ok say\u0131da yazar, \u015fair ve sanat\u00e7\u0131lar\u0131n kat\u0131ld\u0131\u011f\u0131 yeni binan\u0131n a\u00e7\u0131l\u0131\u015f\u0131 ve 30 y\u0131l kutlamas\u0131 Dernek Y\u00f6netim Kurulu \u00dcyesi Nurhan Ata\u00e7\u2019\u0131n sunumu ile ba\u015flad\u0131.&nbsp; \u015eehitler ve edebiyete intikal etmi\u015f t\u00fcm yazar ve \u015fairler ile Atat\u00fcrk\u2019\u00fcn manevi huzurunda yap\u0131lan sayg\u0131 duru\u015fu ve \u0130stikl\u00e2l Mar\u015f\u0131n\u0131n okunmas\u0131 ile ba\u015flayan t\u00f6ren, ME\u015eYAD Ba\u015fkan\u0131 Mustafa Do\u011fan\u2019\u0131n a\u00e7\u0131l\u0131\u015f konu\u015fmas\u0131 ile devam etti.<\/p>\n\n\n\n<p>Dernek Ba\u015fkan\u0131 Mustafa&nbsp;Do\u011fan&nbsp;yapt\u0131\u011f\u0131 konu\u015fmada: \u201c9 y\u0131ldan bu yana dernek ba\u015fkanl\u0131\u011f\u0131 g\u00f6revini s\u00fcrd\u00fcrd\u00fc\u011f\u00fcn\u00fc, 30 y\u0131la eri\u015fmenin hakl\u0131 gururu i\u00e7inde oldu\u011funu ve kendisi ile beraber 9 y\u0131ldan beri ba\u015fkan yard\u0131mc\u0131l\u0131\u011f\u0131 devam eden \u00c7\u0131nar Ar\u0131kan ve y\u00f6netim kurulunun bir\u00e7ok k\u00fclt\u00fcrel ve edebi \u00e7al\u0131\u015fmalara imza att\u0131\u011f\u0131n\u0131, 30. Y\u0131l etkinli\u011fi ve yeni dernek binas\u0131n\u0131n a\u00e7\u0131l\u0131\u015f\u0131na te\u015friflerinden dolay\u0131 herkese te\u015fekk\u00fcrlerini sundu\u011funu\u201d ifade etti.<\/p>\n\n\n\n<p>Do\u011fan: \u201cBu g\u00fcn\u00fc bizimle payla\u015fan t\u00fcm \u00fcyelerimize, siz de\u011ferli misafirlerimize sevgi, sayg\u0131lar\u0131m\u0131z\u0131 sunuyoruz. ME\u015eYAD bundan sonra\u2019da Mersin Edebiyat ve k\u00fclt\u00fcr d\u00fcnyas\u0131nda yerini daha da sa\u011flamla\u015ft\u0131racakt\u0131r.\u201ddedi.<\/p>\n\n\n\n<p>Ba\u015fkan&nbsp;Do\u011fan: \u201cHer seferinde burada yapt\u0131\u011f\u0131m\u0131z t\u00f6renlerde s\u00fcreyi uzun tutuyorduk, bug\u00fcn Biraz daha k\u0131sa tutaca\u011f\u0131z. Az \u015fiir, ancak anlaml\u0131 etkinlikler ile 30. Y\u0131l\u0131m\u0131z\u0131 kutlayaca\u011f\u0131z\u201d diyerek s\u00f6zlerini tamamlarken eme\u011fi ge\u00e7en t\u00fcm eski ba\u015fkanlara, y\u00f6netim kurulunda bu g\u00fcne kadar g\u00f6rev alm\u0131\u015f t\u00fcm \u00fcyelere ve bu anlaml\u0131 g\u00fcn\u00fc \u015fereflendiren t\u00fcm misafirlere te\u015fekk\u00fcrlerini bildirdi.<\/p>\n\n\n\n<p>Mersin \u015eairler ve Yazarlar Derne\u011finin uzun s\u00fcre ba\u015fkanl\u0131\u011f\u0131n\u0131 yapan ve Maki Dergisine emek veren Yazar\/\u015eair Abidin G\u00fcneyli\u2019nin kutlama mesaj\u0131nda da: \u201cME\u015eYAD\u2019\u0131n 30. Y\u0131l\u0131n\u0131 kutlad\u0131\u011f\u0131n\u0131, \u00f6nemli ba\u015far\u0131lara imza atan Dernek Ba\u015fkan\u0131 Mustafa&nbsp;Do\u011fan&nbsp;ve Y\u00f6netim Kuruluna te\u015fekk\u00fcr etti\u011fini belirterek, ME\u015eYAD\u2019\u0131n nice 30 y\u0131llara ula\u015fmas\u0131n\u0131 arzu etti\u011fini, t\u00f6rene kat\u0131lanlara te\u015fekk\u00fcr\u00fcn\u00fc iletti\u011fi\u201d belirtildi.<\/p>\n\n\n\n<p>Derne\u011fin \u0130lk kurucular\u0131ndan olan Edebiyat \u00d6\u011fretmeni\/\u015eair Nafiz Nay\u0131r\u2019a s\u00f6z verildi\u011finde: \u201cBug\u00fcne eri\u015fmenin kolay olmad\u0131\u011f\u0131n\u0131, Mersin tarihinde ME\u015eYAD\u2019\u0131n mutlaka k\u00fclt\u00fcrel ve edebi \u00e7al\u0131\u015fmalar\u0131 ile ve 24.y\u0131l\u0131na eri\u015fen MAK\u0130 dergisinin alt\u0131n harflerle yer alaca\u011f\u0131n\u0131, bu derginin hem ME\u015eYAD\u2019\u0131n hem de b\u00f6lgemizdeki \u015fair ve yazarlar ile T\u00fcrkiye genelinde yazar ve \u015fairlerin dili oldu\u011funu ve edebiyat d\u00fcnyas\u0131nda hakl\u0131 bir yerinin oldu\u011funu belirterek, kat\u0131l\u0131mc\u0131lara ve y\u00f6neticilere te\u015fekk\u00fcrlerini\u201d iletti.<\/p>\n\n\n\n<p>Derne\u011fin ilk kurucular\u0131ndan ve dernek ba\u015fkan yard\u0131mc\u0131lar\u0131ndan Prof. \u015e\u00fckr\u00fcye Turan\u2019\u0131n g\u00f6ndermi\u015f oldu\u011fu mesaj\u0131 Nuran Ata\u00e7 seslendirdi.<\/p>\n\n\n\n<p>\u015e\u00fckr\u00fcye Turan mesaj\u0131nda \u00f6zetle: \u201c30 y\u0131l \u00f6nce derne\u011fi nas\u0131l kurduklar\u0131n\u0131, Yo\u011furt pazar\u0131 civar\u0131nda Silifke Caddesinde bir binada faaliyet g\u00f6sterdiklerini, Mersin \u015eair ve Yazarlar\u0131n\u0131 8-10 ki\u015fi iken b\u00fcnyelerinde toplad\u0131klar\u0131n\u0131 ve belirli bir s\u00fcre sonra da teklif edilen isimler aras\u0131ndan MAK\u0130 K\u00fclt\u00fcr Edebiyat ve Sanat Dergisini \u00e7\u0131karmaya ba\u015flad\u0131klar\u0131n\u0131 \u00f6zetledi. 30. Y\u0131la eri\u015fen ME\u015eYAD\u2019a emek verenleri kutlad\u0131\u011f\u0131n\u0131, binan\u0131n a\u00e7\u0131l\u0131\u015f\u0131n\u0131 ve kat\u0131lanlara te\u015fekk\u00fcrlerini belirterek, dernek y\u00f6netimini kutlad\u0131.\u201d<\/p>\n\n\n\n<p>Mesaj\u0131n okunmas\u0131ndan sonra Yeni\u015fehir Belediyesi Kent Konseyi Ritim Korosu sahne ald\u0131. Ritim korosu darbuka ve deflerinin e\u015fli\u011finde t\u00f6rene kat\u0131lanlara unutulmaz anlar ya\u015fatt\u0131. dinleyenlerin koroca seslendirilen eserlere e\u015flik etti\u011fi g\u00f6r\u00fcld\u00fc. Koro b\u00fcy\u00fck alk\u0131\u015f ald\u0131.<\/p>\n\n\n\n<p>Daha sonra Dernek Ba\u015fkan Yard\u0131mc\u0131s\u0131 Yazar \u00c7\u0131nar Ar\u0131kan ve E\u015fi \u015eair Fatma&nbsp;Ar\u0131kan&nbsp;taraf\u0131ndan seslendirilen Bizim Herif-Bizim Han\u0131m adl\u0131 14 k\u0131tadan olu\u015fan bir at\u0131\u015fma &nbsp;seslendirildi. At\u0131\u015fma boyunca keyifli anlar ya\u015fayan kat\u0131l\u0131mc\u0131lar, At\u0131\u015fma \u00f6rne\u011finde birbirine s\u00fcrekli \u00e7at\u0131p, ta\u015f vuran Ar\u0131kan \u00e7ifti finalini tatl\u0131ya ba\u011flayarak birbirine sar\u0131lm\u0131\u015f \u015fekilde sonland\u0131r\u0131nca alk\u0131\u015flarla takdirlerini belirttiler .<\/p>\n\n\n\n<p>Daha \u00f6nce dernek ba\u015fkanl\u0131\u011f\u0131n\u0131 yapan ve Didim \u0130l\u00e7esine yerle\u015fen Deniz S\u00fcheyla Erg\u00fcler\u2019in g\u00f6ndermi\u015f oldu\u011fu mesaj\u0131 da Y\u00f6netim Kurulu \u00fcyesi Yazar Hanife Mert taraf\u0131ndan seslendirildi.<\/p>\n\n\n\n<p>Erg\u00fcler&nbsp;mesaj\u0131nda \u00f6zetle: \u201cBundan 11 y\u0131l \u00f6nce kapanma noktas\u0131na gelen ME\u015eYAD\u2019\u0131n b\u00fcy\u00fck fedakarl\u0131kla kapanmas\u0131n\u0131 \u00f6nleyerek yazar ve \u015fairleri dernek \u00e7at\u0131s\u0131 alt\u0131nda birle\u015ftirdi\u011fini ve derne\u011fin yay\u0131n organ\u0131 MAK\u0130 dergisini \u00e7\u0131karmay\u0131 s\u00fcrd\u00fcrd\u00fcklerini, 9 y\u0131ldan bu yana geli\u015ftirerek b\u00fcy\u00fcten ve derne\u011fi bu g\u00fcn \u00e7ok g\u00fczel bir mekanda a\u00e7\u0131l\u0131\u015f yaparak 30. Y\u0131la eri\u015ftiren ve etkin faaliyetlerini devam ettiren Ba\u015fkan Mustafa Do\u011fan ve Y\u00f6netim Kurulu \u00fcyelerini kutlad\u0131\u011f\u0131n\u0131, dernekteki arkada\u015flar\u0131n \u00f6zlemini \u00e7ekti\u011fini, kat\u0131lanlara te\u015fekk\u00fcr etti\u011fini\u201d belirtti.<\/p>\n\n\n\n<p>Seslendirmeci ve ME\u015eYAD \u00fcyesi olan \u00d6\u011fretmen Sait Mercan b\u00f6lgemizin \u015fairi olan \u00dcmit Ya\u015far O\u011fuzcan\u2019\u0131n \u201cAyten\u201d \u015fiirini seslendirerek dinleyenleri muhte\u015fem sesi ile mest etti.<\/p>\n\n\n\n<p>Daha sonra Dernek Y\u00f6netim Kurulu \u00fcyesi M\u00fczik \u00d6\u011fretmeni Yazar\/\u015eair Olgu Ta\u015fk\u0131n \u00c7ankaya gitar\u0131 ile \u015fark\u0131lar seslendirdi. B\u00fct\u00fcn salonun zevkle dinledi\u011fi ve kat\u0131ld\u0131\u011f\u0131 \u015fark\u0131lar keyifli anlar ya\u015fatt\u0131. \u00c7ankaya\u2019ya kendi okullar\u0131ndan bir ritim sazc\u0131 \u00f6\u011fretmenimiz de e\u015flik etti.<\/p>\n\n\n\n<p>&nbsp;&nbsp;&nbsp;&nbsp;&nbsp;&nbsp;&nbsp;&nbsp;&nbsp;&nbsp;&nbsp; Mersin \u015eairler Yazarlar Derne\u011findeki 30. y\u0131l kutlama t\u00f6reni ve yeni binan\u0131n a\u00e7\u0131l\u0131\u015f t\u00f6reni ikramlar\u0131n yap\u0131lmas\u0131, toplu foto\u011fraf \u00e7ektirilmesi ve sohbetlerle sona erdi.<\/p>\n","protected":false},"excerpt":{"rendered":"<p>Mersin \u015eairler ve Yazarlar Derne\u011fi Kurulu\u015funun 30. Y\u0131l\u0131n\u0131 \u00fcyeleri ve misafirlerinin de kat\u0131l\u0131m\u0131yla yap\u0131lan bir etkinlikle kutlad\u0131. K\u0131sa ad\u0131 ME\u015eYAD olan dernek bundan tam otuz y\u0131l \u00f6nce kurularak g\u00fcn\u00fcm\u00fcze kadar Mersin Edebiyat ve k\u00fclt\u00fcr d\u00fcnyas\u0131nda faaliyetlerini s\u00fcrd\u00fcrd\u00fc. 2025 y\u0131l\u0131 itibari ile 30. Y\u0131l\u0131na eri\u015fmenin mutlulu\u011funu ya\u015fad\u0131. Ta\u015f\u0131nm\u0131\u015f oldu\u011fu yeni binas\u0131nda Mersin\u2019in edebiyat ve k\u00fclt\u00fcr \u00e7evresinden [&hellip;]<\/p>\n","protected":false},"author":2,"featured_media":38684,"comment_status":"closed","ping_status":"closed","sticky":false,"template":"","format":"standard","meta":{"footnotes":""},"categories":[3],"tags":[],"class_list":["post-38683","post","type-post","status-publish","format-standard","has-post-thumbnail","hentry","category-manset"],"views":17,"_links":{"self":[{"href":"https:\/\/mersinkadingazetesi.com\/index.php?rest_route=\/wp\/v2\/posts\/38683"}],"collection":[{"href":"https:\/\/mersinkadingazetesi.com\/index.php?rest_route=\/wp\/v2\/posts"}],"about":[{"href":"https:\/\/mersinkadingazetesi.com\/index.php?rest_route=\/wp\/v2\/types\/post"}],"author":[{"embeddable":true,"href":"https:\/\/mersinkadingazetesi.com\/index.php?rest_route=\/wp\/v2\/users\/2"}],"replies":[{"embeddable":true,"href":"https:\/\/mersinkadingazetesi.com\/index.php?rest_route=%2Fwp%2Fv2%2Fcomments&post=38683"}],"version-history":[{"count":1,"href":"https:\/\/mersinkadingazetesi.com\/index.php?rest_route=\/wp\/v2\/posts\/38683\/revisions"}],"predecessor-version":[{"id":38685,"href":"https:\/\/mersinkadingazetesi.com\/index.php?rest_route=\/wp\/v2\/posts\/38683\/revisions\/38685"}],"wp:featuredmedia":[{"embeddable":true,"href":"https:\/\/mersinkadingazetesi.com\/index.php?rest_route=\/wp\/v2\/media\/38684"}],"wp:attachment":[{"href":"https:\/\/mersinkadingazetesi.com\/index.php?rest_route=%2Fwp%2Fv2%2Fmedia&parent=38683"}],"wp:term":[{"taxonomy":"category","embeddable":true,"href":"https:\/\/mersinkadingazetesi.com\/index.php?rest_route=%2Fwp%2Fv2%2Fcategories&post=38683"},{"taxonomy":"post_tag","embeddable":true,"href":"https:\/\/mersinkadingazetesi.com\/index.php?rest_route=%2Fwp%2Fv2%2Ftags&post=38683"}],"curies":[{"name":"wp","href":"https:\/\/api.w.org\/{rel}","templated":true}]}}