{"id":38692,"date":"2025-01-14T16:02:01","date_gmt":"2025-01-14T13:02:01","guid":{"rendered":"https:\/\/mersinkadingazetesi.com\/?p=38692"},"modified":"2025-01-14T16:02:01","modified_gmt":"2025-01-14T13:02:01","slug":"deva-partili-ekmen-erdogan-israile-kurban-olurum-diyen-ibrahim-tatlisesle-sahneye-nasil-sahneye-cikti","status":"publish","type":"post","link":"https:\/\/mersinkadingazetesi.com\/?p=38692","title":{"rendered":"DEVA Partili Ekmen: Erdo\u011fan, \u2018\u0130srail\u2019e kurban olurum\u2018 diyen \u0130brahim Tatl\u0131ses\u2019le sahneye nas\u0131l sahneye \u00e7\u0131kt\u0131?\u00a0"},"content":{"rendered":"\n<figure class=\"wp-block-table\"><table class=\"has-fixed-layout\"><tbody><tr><td><strong>DEVA Partisi Genel Ba\u015fkan Yard\u0131mc\u0131s\u0131 Mehmet Emin Ekmen, Cumhurba\u015fkan\u0131 Erdo\u011fan\u2019\u0131n&nbsp;<\/strong><strong>\u201c<\/strong><strong>Ben&nbsp;<\/strong><strong>\u0130srail<\/strong><strong>\u2019<\/strong><strong>e kurban olurum\u201d diyen \u015fark\u0131c\u0131 \u0130brahim Tatl\u0131ses ile sahneye \u00e7\u0131kmas\u0131n\u0131 ele\u015ftirdi. Cumhurba\u015fkan\u0131 Erdo\u011fan\u2019\u0131n sahneyi payla\u015ft\u0131\u011f\u0131 ve ayn\u0131 kareye girdi\u011fi ki\u015filer konusunda \u00e7ok hassas oldu\u011funa dikkat \u00e7eken Ekmen,&nbsp;<\/strong><strong>\u201c<\/strong><strong>Ben \u0130srail&#8217;e kurban olay\u0131m diyen bir zat\u0131n y\u00fcz binin \u00fczerinde&nbsp;<\/strong><strong>\u00f6<\/strong><strong>l\u00fcmle i\u00e7imizin da\u011fland\u0131\u011f\u0131 bir d<\/strong><strong>\u00f6<\/strong><strong>nemde Say\u0131n Cumhurba\u015fkan\u0131 ile ayn\u0131 sahneyi payla\u015f<\/strong><strong>mas<\/strong><strong>\u0131na nas\u0131l izin verilmi\u015ftir? Bu izah\u0131 olmayan bir durumdur!\u201d diyerek tepki g<\/strong><strong>\u00f6<\/strong><strong>sterdi.&nbsp;<\/strong><strong>&nbsp;<\/strong>DEVA Partisi Genel Ba\u015fkan Yard\u0131mc\u0131s\u0131 ve Mersin Milletvekili Mehmet Emin Ekmen, Habert\u00fcrk ekranlar\u0131nda Gazeteci Faruk Aksoy\u2019un sundu\u011fu&nbsp;\u201cNedir, Ne De\u011fildir\u201d program\u0131nda g\u00fcndemin&nbsp;\u00f6ne \u00e7\u0131kan ba\u015fl\u0131klar\u0131n\u0131 de\u011ferlendirdi.&nbsp;&nbsp;<strong>\u0130brahim Tatl\u0131ses, \u0130sraillere \u2018Ben size kurban olurum\u2019 demi\u015fti!<\/strong>\u015eark\u0131c\u0131 \u0130brahim Tatl\u0131ses\u2019in AK Parti\u2019nin \u015eanl\u0131urfa Kongresi\u2019nde Cumhurba\u015fkan\u0131 Erdo\u011fan\u2019a&nbsp;\u201cTekrar aday olacak m\u0131s\u0131n\u201d \u00e7\u0131k\u0131\u015f\u0131n\u0131 de\u011ferlendiren Ekmen, Cumhurba\u015fkan\u0131 Erdo\u011fan\u2019\u0131n sahneyi payla\u015ft\u0131\u011f\u0131 ve ayn\u0131 kareye girdi\u011fi ki\u015filer konusunda \u00e7ok hassas oldu\u011funa vurgu yaparak,&nbsp;\u201cBa\u015fka parti ve siyaset\u00e7iler hakk\u0131nda b\u00f6yle ele\u015ftiriler s\u0131kl\u0131kla yap\u0131l\u0131r. En son bir\u00e7ok siyaset\u00e7i ve gazeteci Turhan Sel\u00e7uk m\u00fczesinin a\u00e7\u0131l\u0131\u015f\u0131 nedeniyle Turhan Sel\u00e7uk&#8217;un baz\u0131 karikat\u00fcrlerini hat\u0131rlatarak, Say\u0131n Ekrem \u0130mamo\u011flu&#8217;nu ele\u015ftirdiler. Oysa biz Say\u0131n Tatl\u0131ses&#8217;in bu soyk\u0131r\u0131m giri\u015fiminden hemen&nbsp;\u00f6nce Tel Aviv&#8217;de b\u00fcy\u00fck bir konser verdi\u011fini ve o konserde kendisine tezah\u00fcrat yapan \u0130sraillilere&nbsp;\u2018ben size kurban olay\u0131m, ben&nbsp;\u0130srail&#8217;e kurban olay\u0131m\u2019&nbsp;diye hitap etti\u011fini g\u00f6r\u00fcyoruz. Bu video ortal\u0131kta duruyor\u201d ifadelerini kullan\u0131yor.&nbsp;<strong>Erdo\u011fan, \u2018\u0130srail\u2019e kurban olurum\u2018 diyenle nas\u0131l ayn\u0131 sahneye \u00e7\u0131kt\u0131?&nbsp;<\/strong>Cumhurba\u015fkan\u0131 Erdo\u011fan\u2019\u0131n \u201c\u0130srail\u2019e kurban olurum\u201d diyen biriyle sahneyi payla\u015ft\u0131\u011f\u0131n\u0131 vurgulayan Ekmen,&nbsp;\u201cBen \u0130srail&#8217;e kurban olay\u0131m diyen bir zat\u0131n y\u00fcz binin \u00fczerinde&nbsp;\u00f6l\u00fcmle i\u00e7imizin da\u011fland\u0131\u011f\u0131 bir d\u00f6nemde Say\u0131n Cumhurba\u015fkan\u0131 ile ayn\u0131 sahneyi payla\u015fmas\u0131na nas\u0131l izin verilmi\u015ftir? Say\u0131n Cumhurba\u015fkan\u0131 e\u011fer bu konuda bilgi sahibi de\u011filse; bundan kim sorumludur? Kendisi bundan bilgi sahibi ise bu durumda bunu nas\u0131l izah edece\u011fiz? Do\u011frusu duygusal olarak da izah\u0131 olmayan bir durum!\u201d diyerek tepki g\u00f6sterdi.<\/td><\/tr><\/tbody><\/table><\/figure>\n","protected":false},"excerpt":{"rendered":"<p>DEVA Partisi Genel Ba\u015fkan Yard\u0131mc\u0131s\u0131 Mehmet Emin Ekmen, Cumhurba\u015fkan\u0131 Erdo\u011fan\u2019\u0131n&nbsp;\u201cBen&nbsp;\u0130srail\u2019e kurban olurum\u201d diyen \u015fark\u0131c\u0131 \u0130brahim Tatl\u0131ses ile sahneye \u00e7\u0131kmas\u0131n\u0131 ele\u015ftirdi. Cumhurba\u015fkan\u0131 Erdo\u011fan\u2019\u0131n sahneyi payla\u015ft\u0131\u011f\u0131 ve ayn\u0131 kareye girdi\u011fi ki\u015filer konusunda \u00e7ok hassas oldu\u011funa dikkat \u00e7eken Ekmen,&nbsp;\u201cBen \u0130srail&#8217;e kurban olay\u0131m diyen bir zat\u0131n y\u00fcz binin \u00fczerinde&nbsp;\u00f6l\u00fcmle i\u00e7imizin da\u011fland\u0131\u011f\u0131 bir d\u00f6nemde Say\u0131n Cumhurba\u015fkan\u0131 ile ayn\u0131 sahneyi payla\u015fmas\u0131na [&hellip;]<\/p>\n","protected":false},"author":2,"featured_media":38529,"comment_status":"closed","ping_status":"closed","sticky":false,"template":"","format":"standard","meta":{"footnotes":""},"categories":[3],"tags":[],"class_list":["post-38692","post","type-post","status-publish","format-standard","has-post-thumbnail","hentry","category-manset"],"views":4,"_links":{"self":[{"href":"https:\/\/mersinkadingazetesi.com\/index.php?rest_route=\/wp\/v2\/posts\/38692"}],"collection":[{"href":"https:\/\/mersinkadingazetesi.com\/index.php?rest_route=\/wp\/v2\/posts"}],"about":[{"href":"https:\/\/mersinkadingazetesi.com\/index.php?rest_route=\/wp\/v2\/types\/post"}],"author":[{"embeddable":true,"href":"https:\/\/mersinkadingazetesi.com\/index.php?rest_route=\/wp\/v2\/users\/2"}],"replies":[{"embeddable":true,"href":"https:\/\/mersinkadingazetesi.com\/index.php?rest_route=%2Fwp%2Fv2%2Fcomments&post=38692"}],"version-history":[{"count":1,"href":"https:\/\/mersinkadingazetesi.com\/index.php?rest_route=\/wp\/v2\/posts\/38692\/revisions"}],"predecessor-version":[{"id":38693,"href":"https:\/\/mersinkadingazetesi.com\/index.php?rest_route=\/wp\/v2\/posts\/38692\/revisions\/38693"}],"wp:featuredmedia":[{"embeddable":true,"href":"https:\/\/mersinkadingazetesi.com\/index.php?rest_route=\/wp\/v2\/media\/38529"}],"wp:attachment":[{"href":"https:\/\/mersinkadingazetesi.com\/index.php?rest_route=%2Fwp%2Fv2%2Fmedia&parent=38692"}],"wp:term":[{"taxonomy":"category","embeddable":true,"href":"https:\/\/mersinkadingazetesi.com\/index.php?rest_route=%2Fwp%2Fv2%2Fcategories&post=38692"},{"taxonomy":"post_tag","embeddable":true,"href":"https:\/\/mersinkadingazetesi.com\/index.php?rest_route=%2Fwp%2Fv2%2Ftags&post=38692"}],"curies":[{"name":"wp","href":"https:\/\/api.w.org\/{rel}","templated":true}]}}