{"id":38697,"date":"2025-01-15T11:03:49","date_gmt":"2025-01-15T08:03:49","guid":{"rendered":"https:\/\/mersinkadingazetesi.com\/?p=38697"},"modified":"2025-01-15T11:03:50","modified_gmt":"2025-01-15T08:03:50","slug":"tarsus-belediyesinden-esnafa-destek-ruhsatlar-teslim-edildi","status":"publish","type":"post","link":"https:\/\/mersinkadingazetesi.com\/?p=38697","title":{"rendered":"TARSUS BELED\u0130YES\u0130\u2019NDEN ESNAFA DESTEK: RUHSATLAR TESL\u0130M ED\u0130LD\u0130"},"content":{"rendered":"\n<p>Tarsus Belediyesi, yeni y\u0131l\u0131n ilk g\u00fcnlerinde faaliyetlerine ba\u015flayan i\u015fletmelere ruhsatlar\u0131n\u0131 teslim ederek esnafa deste\u011fini s\u00fcrd\u00fcr\u00fcyor.<\/p>\n\n\n\n<p>Esnafa ve yeni i\u015f yerlerine y\u00f6nelik \u00e7ok say\u0131da kolayl\u0131k sa\u011flayan Tarsus Belediyesi, 2025\u2019in ilk g\u00fcnlerinde i\u015f yeri sahiplerine ruhsatlar\u0131n\u0131 elden teslim etti. Belediye Ba\u015fkan Yard\u0131mc\u0131s\u0131 Muzaffer Akk\u0131l\u0131\u00e7 i\u015fletmelere hay\u0131rl\u0131 olsun dileklerinde bulundu.<\/p>\n\n\n\n<p><strong>\u201c\u0130\u015eLETMELER\u0130M\u0130ZE BEREKETL\u0130 KAZAN\u00c7LAR D\u0130L\u0130YORUZ\u201d<\/strong><\/p>\n\n\n\n<p>Konuya ili\u015fkin a\u00e7\u0131klama yapan Tarsus Belediye Ba\u015fkan\u0131 Ali Bolta\u00e7, \u201cKentimizde ekonomik canl\u0131l\u0131\u011f\u0131 art\u0131rmak ve esnaf\u0131m\u0131za destek olmak ad\u0131na ruhsatland\u0131rma s\u00fcre\u00e7lerini \u015feffaf bir \u015fekilde y\u00fcr\u00fct\u00fcyoruz. Yeni y\u0131lla birlikte hizmete ba\u015flayan i\u015fletmelerimize bereketli kazan\u00e7lar diliyoruz.\u201d ifadelerini kulland\u0131.<\/p>\n","protected":false},"excerpt":{"rendered":"<p>Tarsus Belediyesi, yeni y\u0131l\u0131n ilk g\u00fcnlerinde faaliyetlerine ba\u015flayan i\u015fletmelere ruhsatlar\u0131n\u0131 teslim ederek esnafa deste\u011fini s\u00fcrd\u00fcr\u00fcyor. Esnafa ve yeni i\u015f yerlerine y\u00f6nelik \u00e7ok say\u0131da kolayl\u0131k sa\u011flayan Tarsus Belediyesi, 2025\u2019in ilk g\u00fcnlerinde i\u015f yeri sahiplerine ruhsatlar\u0131n\u0131 elden teslim etti. Belediye Ba\u015fkan Yard\u0131mc\u0131s\u0131 Muzaffer Akk\u0131l\u0131\u00e7 i\u015fletmelere hay\u0131rl\u0131 olsun dileklerinde bulundu. \u201c\u0130\u015eLETMELER\u0130M\u0130ZE BEREKETL\u0130 KAZAN\u00c7LAR D\u0130L\u0130YORUZ\u201d Konuya ili\u015fkin a\u00e7\u0131klama yapan [&hellip;]<\/p>\n","protected":false},"author":2,"featured_media":38698,"comment_status":"closed","ping_status":"closed","sticky":false,"template":"","format":"standard","meta":{"footnotes":""},"categories":[3],"tags":[],"class_list":["post-38697","post","type-post","status-publish","format-standard","has-post-thumbnail","hentry","category-manset"],"views":3,"_links":{"self":[{"href":"https:\/\/mersinkadingazetesi.com\/index.php?rest_route=\/wp\/v2\/posts\/38697"}],"collection":[{"href":"https:\/\/mersinkadingazetesi.com\/index.php?rest_route=\/wp\/v2\/posts"}],"about":[{"href":"https:\/\/mersinkadingazetesi.com\/index.php?rest_route=\/wp\/v2\/types\/post"}],"author":[{"embeddable":true,"href":"https:\/\/mersinkadingazetesi.com\/index.php?rest_route=\/wp\/v2\/users\/2"}],"replies":[{"embeddable":true,"href":"https:\/\/mersinkadingazetesi.com\/index.php?rest_route=%2Fwp%2Fv2%2Fcomments&post=38697"}],"version-history":[{"count":1,"href":"https:\/\/mersinkadingazetesi.com\/index.php?rest_route=\/wp\/v2\/posts\/38697\/revisions"}],"predecessor-version":[{"id":38699,"href":"https:\/\/mersinkadingazetesi.com\/index.php?rest_route=\/wp\/v2\/posts\/38697\/revisions\/38699"}],"wp:featuredmedia":[{"embeddable":true,"href":"https:\/\/mersinkadingazetesi.com\/index.php?rest_route=\/wp\/v2\/media\/38698"}],"wp:attachment":[{"href":"https:\/\/mersinkadingazetesi.com\/index.php?rest_route=%2Fwp%2Fv2%2Fmedia&parent=38697"}],"wp:term":[{"taxonomy":"category","embeddable":true,"href":"https:\/\/mersinkadingazetesi.com\/index.php?rest_route=%2Fwp%2Fv2%2Fcategories&post=38697"},{"taxonomy":"post_tag","embeddable":true,"href":"https:\/\/mersinkadingazetesi.com\/index.php?rest_route=%2Fwp%2Fv2%2Ftags&post=38697"}],"curies":[{"name":"wp","href":"https:\/\/api.w.org\/{rel}","templated":true}]}}