{"id":38700,"date":"2025-01-15T11:04:46","date_gmt":"2025-01-15T08:04:46","guid":{"rendered":"https:\/\/mersinkadingazetesi.com\/?p=38700"},"modified":"2025-01-15T11:04:47","modified_gmt":"2025-01-15T08:04:47","slug":"tarsus-belediyesinden-enerji-tasarrufu-haftasinda-anlamli-egitim-projesi","status":"publish","type":"post","link":"https:\/\/mersinkadingazetesi.com\/?p=38700","title":{"rendered":"TARSUS BELED\u0130YES\u0130\u2019NDEN ENERJ\u0130 TASARRUFU HAFTASI\u2019NDA ANLAMLI E\u011e\u0130T\u0130M PROJES\u0130"},"content":{"rendered":"\n<p>Tarsus Belediyesi enerji tasarrufunun ve \u00e7evre bilincinin \u00f6nemine dikkat \u00e7ekmek amac\u0131yla, Enerji Tasarrufu Haftas\u0131 kapsam\u0131nda, anlaml\u0131 bir projeye imza att\u0131. TEMA Vakf\u0131 ve Eshab-\u0131 Kehf Uluslararas\u0131 \u0130mam Hatip Lisesi i\u015f birli\u011fiyle d\u00fczenlenen e\u011fitim program\u0131, k\u00fcresel \u0131s\u0131nma ve enerji tasarrufu konular\u0131nda fark\u0131ndal\u0131k yaratt\u0131.<\/p>\n\n\n\n<p>Tarsus Belediyesi, gelece\u011fin teminat\u0131 gen\u00e7leri bilgilendirmek amac\u0131yla hayata ge\u00e7irdi\u011fi projelerine bir yenisini daha ekledi. Belediye Meclis Salonu\u2019nda d\u00fczenlenen etkinlikte, 350 \u00f6\u011frenci, \u00f6\u011fretmenler ve TEMA Vakf\u0131 temsilcileri bir araya geldi. Etkinlik kapsam\u0131nda \u00f6\u011frencilerin hem teorik hem de pratik bilgilerle \u00e7evre bilinci kazanmalar\u0131 hedeflendi.<\/p>\n\n\n\n<p><strong>PROJE \u00d6\u011eRENC\u0130LER TARAFINDAN B\u00dcY\u00dcK \u0130LG\u0130 G\u00d6RD\u00dc<\/strong><\/p>\n\n\n\n<p>E\u011fitim \u00f6ncesinde, d\u00fczenlenen makale ve \u015fiir yar\u0131\u015fmalar\u0131nda dereceye giren \u00f6\u011frencilere \u00f6d\u00fclleri takdim edilirken, k\u00fcresel \u0131s\u0131nman\u0131n etkilerini somutla\u015ft\u0131ran bir deney, \u00f6\u011frencilerde fark\u0131ndal\u0131k yaratmay\u0131 ba\u015fard\u0131. Ayr\u0131ca, TEMA Vakf\u0131 temsilcileri kapsaml\u0131 bir sunum yaparak k\u00fcresel \u0131s\u0131nma ve enerji tasarrufu konusunda detayl\u0131 bilgiler payla\u015ft\u0131. Ard\u0131ndan k\u0131sa filmler izlenerek konuya g\u00f6rsel bir yakla\u015f\u0131m sa\u011fland\u0131. Etkinlik sonunda \u00f6\u011frencilere, \u00e7evre bilincini peki\u015ftirmek amac\u0131yla fidanlar hediye edildi. Tarsus Belediyesi\u2019nin bu \u00f6rnek projesi, hem \u00f6\u011frenciler hem de kat\u0131l\u0131mc\u0131lar taraf\u0131ndan b\u00fcy\u00fck ilgi g\u00f6rd\u00fc. &nbsp;<\/p>\n","protected":false},"excerpt":{"rendered":"<p>Tarsus Belediyesi enerji tasarrufunun ve \u00e7evre bilincinin \u00f6nemine dikkat \u00e7ekmek amac\u0131yla, Enerji Tasarrufu Haftas\u0131 kapsam\u0131nda, anlaml\u0131 bir projeye imza att\u0131. TEMA Vakf\u0131 ve Eshab-\u0131 Kehf Uluslararas\u0131 \u0130mam Hatip Lisesi i\u015f birli\u011fiyle d\u00fczenlenen e\u011fitim program\u0131, k\u00fcresel \u0131s\u0131nma ve enerji tasarrufu konular\u0131nda fark\u0131ndal\u0131k yaratt\u0131. Tarsus Belediyesi, gelece\u011fin teminat\u0131 gen\u00e7leri bilgilendirmek amac\u0131yla hayata ge\u00e7irdi\u011fi projelerine bir yenisini daha [&hellip;]<\/p>\n","protected":false},"author":2,"featured_media":38701,"comment_status":"closed","ping_status":"closed","sticky":false,"template":"","format":"standard","meta":{"footnotes":""},"categories":[3],"tags":[],"class_list":["post-38700","post","type-post","status-publish","format-standard","has-post-thumbnail","hentry","category-manset"],"views":4,"_links":{"self":[{"href":"https:\/\/mersinkadingazetesi.com\/index.php?rest_route=\/wp\/v2\/posts\/38700"}],"collection":[{"href":"https:\/\/mersinkadingazetesi.com\/index.php?rest_route=\/wp\/v2\/posts"}],"about":[{"href":"https:\/\/mersinkadingazetesi.com\/index.php?rest_route=\/wp\/v2\/types\/post"}],"author":[{"embeddable":true,"href":"https:\/\/mersinkadingazetesi.com\/index.php?rest_route=\/wp\/v2\/users\/2"}],"replies":[{"embeddable":true,"href":"https:\/\/mersinkadingazetesi.com\/index.php?rest_route=%2Fwp%2Fv2%2Fcomments&post=38700"}],"version-history":[{"count":1,"href":"https:\/\/mersinkadingazetesi.com\/index.php?rest_route=\/wp\/v2\/posts\/38700\/revisions"}],"predecessor-version":[{"id":38702,"href":"https:\/\/mersinkadingazetesi.com\/index.php?rest_route=\/wp\/v2\/posts\/38700\/revisions\/38702"}],"wp:featuredmedia":[{"embeddable":true,"href":"https:\/\/mersinkadingazetesi.com\/index.php?rest_route=\/wp\/v2\/media\/38701"}],"wp:attachment":[{"href":"https:\/\/mersinkadingazetesi.com\/index.php?rest_route=%2Fwp%2Fv2%2Fmedia&parent=38700"}],"wp:term":[{"taxonomy":"category","embeddable":true,"href":"https:\/\/mersinkadingazetesi.com\/index.php?rest_route=%2Fwp%2Fv2%2Fcategories&post=38700"},{"taxonomy":"post_tag","embeddable":true,"href":"https:\/\/mersinkadingazetesi.com\/index.php?rest_route=%2Fwp%2Fv2%2Ftags&post=38700"}],"curies":[{"name":"wp","href":"https:\/\/api.w.org\/{rel}","templated":true}]}}