{"id":38703,"date":"2025-01-15T11:06:05","date_gmt":"2025-01-15T08:06:05","guid":{"rendered":"https:\/\/mersinkadingazetesi.com\/?p=38703"},"modified":"2025-01-15T11:06:05","modified_gmt":"2025-01-15T08:06:05","slug":"baskan-cakirin-talebi-ascamede-karsilik-buldu","status":"publish","type":"post","link":"https:\/\/mersinkadingazetesi.com\/?p=38703","title":{"rendered":"Ba\u015fkan \u00c7ak\u0131r\u2019\u0131n talebi ASCAME\u2019de kar\u015f\u0131l\u0131k buldu"},"content":{"rendered":"\n<p>MTSO Y\u00f6netim Kurulu Ba\u015fkan\u0131 Hakan Sefa \u00c7ak\u0131r\u2019\u0131n ASCAME\u2019nin \u0130spanya\u2019da d\u00fczenlenen toplant\u0131s\u0131nda yapt\u0131\u011f\u0131 konu\u015fmada de\u011fi\u015fen iklim ko\u015fullar\u0131ndan en \u00e7ok Akdeniz\u2019in etkilenece\u011fini belirtip ortak planlama yap\u0131lmas\u0131 \u00e7a\u011fr\u0131s\u0131 kar\u015f\u0131l\u0131k buldu. MTSO\u2019yu ziyaret eden ASCAME Ba\u015fkan\u0131 Ahmed El Waki, ortak planlama y\u00fcr\u00fct\u00fclmesi i\u00e7in ASCAME b\u00fcnyesinde Tar\u0131m ve G\u0131da G\u00fcvenli\u011fiyle ilgili yeni bir olu\u015fuma gidilmesi i\u00e7in \u00e7al\u0131\u015fma ba\u015flat\u0131ld\u0131\u011f\u0131n\u0131 bildirdi. Ziyarette Mersin\u2019de y\u0131l i\u00e7erisinde 23 \u00fclkenin kat\u0131l\u0131m\u0131yla bu konuda bir zirve d\u00fczenlenmesi i\u00e7in \u00f6n g\u00f6r\u00fc\u015fme de yap\u0131ld\u0131.&nbsp;<\/p>\n\n\n\n<p>Akdeniz Ticaret ve Sanayi Odalar\u0131 Birli\u011fi (ASCAME) Y\u00f6netim Kurulu Ba\u015fkan\u0131 Ahmed El Waki, Mersin Ticaret ve Sanayi Odas\u0131 (MTSO) Y\u00f6netim Kurulu Ba\u015fkan\u0131 Hakan Sefa \u00c7ak\u0131r\u2019\u0131 ziyaret etti. Y\u00f6netim Kurulu Sayman \u00dcyesi Alpay Seyhan, Y\u00f6netim Kurulu \u00dcyeleri Murat Akto\u011f ve \u0130dris \u00dcstemel\u2019in de e\u015flik etti\u011fi g\u00f6r\u00fc\u015fmede ASCAME\u2019nin \u00e7al\u0131\u015fmalar\u0131 hakk\u0131nda bilgi al\u0131n\u0131p, ticari ili\u015fkilerin kar\u015f\u0131l\u0131kl\u0131 geli\u015ftirilmesine y\u00f6nelik i\u015fbirlikleri g\u00f6r\u00fc\u015f\u00fcld\u00fc. M\u0131s\u0131r Sanayi Bakan\u0131 ve TOBB Ba\u015fkan\u0131 Rifat Hisarc\u0131kl\u0131o\u011flu\u2019nun da kat\u0131ld\u0131\u011f\u0131 bir toplant\u0131da T\u00fcrkiye ile M\u0131s\u0131r aras\u0131 ticari ili\u015fkilerin geli\u015ftirilmesi i\u00e7in \u0130skenderiye Liman\u0131\u2019na yak\u0131n bir b\u00f6lgede 5 milyon metrekare alanda OSB kurulmas\u0131 kararla\u015ft\u0131r\u0131ld\u0131\u011f\u0131n\u0131 bildiren El Waki t\u00fcm sekt\u00f6rlerin burada yat\u0131r\u0131m yapabilece\u011fini ifade etti. El Waki\u2019nin b\u00f6ylesi bir yat\u0131r\u0131m\u0131n Mersin ile \u0130skenderiye limanlar\u0131 aras\u0131nda Ro-Ro seferlerini yeniden canland\u0131rabilece\u011fini s\u00f6ylemesi \u00fczerine bu seferlerin canland\u0131r\u0131lmas\u0131 i\u00e7in iki oda i\u015fbirli\u011fin neler yap\u0131labilece\u011fi de\u011ferlendirildi.&nbsp;<\/p>\n\n\n\n<p><strong>\u201cUluslararas\u0131 B2B i\u00e7in ilk ad\u0131m at\u0131ld\u0131\u201d<\/strong><br>G\u00f6r\u00fc\u015fmede \u00f6n\u00fcm\u00fczdeki s\u00fcre\u00e7te ASCAME \u00e7at\u0131s\u0131 alt\u0131nda tar\u0131m ve g\u0131da g\u00fcvenli\u011fi konusunda Mersin\u2019de d\u00fczenlenmesi planlanan zirve de ele al\u0131nd\u0131. \u00c7ak\u0131r, MTSO\u2019nun ge\u00e7ti\u011fimiz g\u00fcnlerde d\u00fczenledi\u011fi yapay zeka destekli B2B Networking Organizasyonu hakk\u0131nda bilgi verip bu organizasyonun Akdeniz \u00fclkelerinin kat\u0131l\u0131m\u0131yla zirveyle e\u015f zamanl\u0131 olarak bir kez daha d\u00fczenlenmesinin organizasyonu g\u00fc\u00e7lendirece\u011fine dikkat \u00e7ekti. Mersin\u2019de d\u00fczenlenecek b\u00f6ylesi bir zirvenin \u00e7ok etkili olaca\u011f\u0131n\u0131 kaydeden El Waki, ASCAME olarak her t\u00fcrl\u00fc deste\u011fe haz\u0131r olduklar\u0131n\u0131 dile getirip, B2B organizasyonunun da b\u00f6lgede ticaretine b\u00fcy\u00fck katk\u0131 sunaca\u011f\u0131na inand\u0131\u011f\u0131n\u0131 s\u00f6yledi.<\/p>\n","protected":false},"excerpt":{"rendered":"<p>MTSO Y\u00f6netim Kurulu Ba\u015fkan\u0131 Hakan Sefa \u00c7ak\u0131r\u2019\u0131n ASCAME\u2019nin \u0130spanya\u2019da d\u00fczenlenen toplant\u0131s\u0131nda yapt\u0131\u011f\u0131 konu\u015fmada de\u011fi\u015fen iklim ko\u015fullar\u0131ndan en \u00e7ok Akdeniz\u2019in etkilenece\u011fini belirtip ortak planlama yap\u0131lmas\u0131 \u00e7a\u011fr\u0131s\u0131 kar\u015f\u0131l\u0131k buldu. MTSO\u2019yu ziyaret eden ASCAME Ba\u015fkan\u0131 Ahmed El Waki, ortak planlama y\u00fcr\u00fct\u00fclmesi i\u00e7in ASCAME b\u00fcnyesinde Tar\u0131m ve G\u0131da G\u00fcvenli\u011fiyle ilgili yeni bir olu\u015fuma gidilmesi i\u00e7in \u00e7al\u0131\u015fma ba\u015flat\u0131ld\u0131\u011f\u0131n\u0131 bildirdi. Ziyarette [&hellip;]<\/p>\n","protected":false},"author":2,"featured_media":38704,"comment_status":"closed","ping_status":"closed","sticky":false,"template":"","format":"standard","meta":{"footnotes":""},"categories":[3],"tags":[],"class_list":["post-38703","post","type-post","status-publish","format-standard","has-post-thumbnail","hentry","category-manset"],"views":5,"_links":{"self":[{"href":"https:\/\/mersinkadingazetesi.com\/index.php?rest_route=\/wp\/v2\/posts\/38703"}],"collection":[{"href":"https:\/\/mersinkadingazetesi.com\/index.php?rest_route=\/wp\/v2\/posts"}],"about":[{"href":"https:\/\/mersinkadingazetesi.com\/index.php?rest_route=\/wp\/v2\/types\/post"}],"author":[{"embeddable":true,"href":"https:\/\/mersinkadingazetesi.com\/index.php?rest_route=\/wp\/v2\/users\/2"}],"replies":[{"embeddable":true,"href":"https:\/\/mersinkadingazetesi.com\/index.php?rest_route=%2Fwp%2Fv2%2Fcomments&post=38703"}],"version-history":[{"count":1,"href":"https:\/\/mersinkadingazetesi.com\/index.php?rest_route=\/wp\/v2\/posts\/38703\/revisions"}],"predecessor-version":[{"id":38705,"href":"https:\/\/mersinkadingazetesi.com\/index.php?rest_route=\/wp\/v2\/posts\/38703\/revisions\/38705"}],"wp:featuredmedia":[{"embeddable":true,"href":"https:\/\/mersinkadingazetesi.com\/index.php?rest_route=\/wp\/v2\/media\/38704"}],"wp:attachment":[{"href":"https:\/\/mersinkadingazetesi.com\/index.php?rest_route=%2Fwp%2Fv2%2Fmedia&parent=38703"}],"wp:term":[{"taxonomy":"category","embeddable":true,"href":"https:\/\/mersinkadingazetesi.com\/index.php?rest_route=%2Fwp%2Fv2%2Fcategories&post=38703"},{"taxonomy":"post_tag","embeddable":true,"href":"https:\/\/mersinkadingazetesi.com\/index.php?rest_route=%2Fwp%2Fv2%2Ftags&post=38703"}],"curies":[{"name":"wp","href":"https:\/\/api.w.org\/{rel}","templated":true}]}}