{"id":38709,"date":"2025-01-15T11:09:22","date_gmt":"2025-01-15T08:09:22","guid":{"rendered":"https:\/\/mersinkadingazetesi.com\/?p=38709"},"modified":"2025-01-15T11:09:23","modified_gmt":"2025-01-15T08:09:23","slug":"mersin-buyuksehir-her-alanda-oldugu-gibi-bilim-alaninda-da-kadinlari-onceliyor","status":"publish","type":"post","link":"https:\/\/mersinkadingazetesi.com\/?p=38709","title":{"rendered":"MERS\u0130N B\u00dcY\u00dcK\u015eEH\u0130R, HER ALANDA OLDU\u011eU G\u0130B\u0130 B\u0130L\u0130M ALANINDA DA KADINLARI \u00d6NCEL\u0130YOR"},"content":{"rendered":"\n<p>Mersin B\u00fcy\u00fck\u015fehir Belediyesi Cumhuriyet&#8217;in 100. y\u0131l\u0131nda Mersinlilere arma\u011fan etti\u011fi&nbsp;<strong>&#8216;Mercan 100. Y\u0131l \u0130klim ve \u00c7evre Bilim Merkezi&#8217;<\/strong>nde \u00e7al\u0131\u015fan 2 kad\u0131n astronom ile her alanda oldu\u011fu gibi bilim alan\u0131nda da kad\u0131nlar\u0131 \u00f6nceliyor. Kad\u0131nlar, Mersin B\u00fcy\u00fck\u015fehir&#8217;in bu alanda sa\u011flam\u0131\u015f oldu\u011fu istihdam ile alanlar\u0131nda y\u0131ld\u0131z gibi parlamaya devam ediyor.&nbsp;<strong><em>&#8216;Kad\u0131nlar olarak g\u00fc\u00e7l\u00fcy\u00fcz, her alanda oldu\u011fu gibi bilim alan\u0131nda da var\u0131z&#8217;<\/em>&nbsp;<\/strong>diyen astronomlar, kad\u0131nlar\u0131n g\u00fcc\u00fcn\u00fc ortaya koyuyor.<\/p>\n\n\n\n<p><strong>B\u00fcy\u00fck\u015fehir&#8217;de kad\u0131nlar her alanda varlar!<\/strong><\/p>\n\n\n\n<p>Cumhuriyet&#8217;in 100. y\u0131l\u0131nda kente kazand\u0131r\u0131lan&nbsp;<strong>&#8216;Mercan&#8217;<\/strong>, Cumhuriyet de\u011ferlerinin ya\u015fat\u0131ld\u0131\u011f\u0131 kent olan Mersin&#8217;de, kad\u0131nlara verdi\u011fi \u00f6ncelikle de \u00f6rnek oluyor, takdir topluyor. Mersin B\u00fcy\u00fck\u015fehir, kad\u0131n astronomlar ile kentte ve B\u00fcy\u00fck\u015fehir Belediyesi&#8217;nde fark yaratmaya devam ediyor. Y\u00f6netim kadrosundan en alt kademeye kadar \u00e7al\u0131\u015fma alan\u0131nda kad\u0131nlar\u0131 \u00f6nceleyen Mersin B\u00fcy\u00fck\u015fehir, belediyede ilk kez a\u00e7t\u0131\u011f\u0131 astronom kadrosunda da tercihini kad\u0131nlardan yana kullanarak, bu alanda da kad\u0131nlar\u0131n g\u00fcc\u00fcn\u00fc ortaya koyuyor.<\/p>\n\n\n\n<p><strong>Kad\u0131n astronomlar B\u00fcy\u00fck\u015fehir&#8217;de g\u00f6rev yapman\u0131n gururunu ya\u015f\u0131yor<\/strong><\/p>\n\n\n\n<p>Astronomlar Yonca Karaca ile Merve Oylum, Mercan&#8217;da ortaya koyduklar\u0131 \u00e7al\u0131\u015fmalar ile \u00e7ocuklar\u0131 bilimle tan\u0131\u015ft\u0131r\u0131rken, B\u00fcy\u00fck\u015fehir&#8217;in her alanda oldu\u011fu gibi bilim alan\u0131nda da kad\u0131nlar\u0131 \u00f6ncelemesi takdir topluyor, bu \u00e7al\u0131\u015fmalar ile fark yarat\u0131lm\u0131\u015f oluyor. Mercan 100. Y\u0131l \u0130klim ve Bilim At\u00f6lyesi&#8217;nde g\u00f6rev yapan astronomlar Yonca Karaca ve Merve Oylum, astronom olman\u0131n \u00e7ocukluk hayalleri oldu\u011fundan s\u00f6z ederken,&nbsp;&nbsp;Mersin B\u00fcy\u00fck\u015fehir b\u00fcnyesinde bu g\u00f6revi y\u00fcr\u00fct\u00fcyor olman\u0131n da gururunu ya\u015f\u0131yorlar.<\/p>\n\n\n\n<p>G\u00f6k bilimi ya da g\u00f6k cisimlerinin k\u00f6kenlerini, evrimlerini, fiziksel ve kimyasal \u00f6zelliklerini a\u00e7\u0131klamaya \u00e7al\u0131\u015fan do\u011fa bilimi dal\u0131 olan astronomi ile de bilim insanlar\u0131 Karaca ile Oylum g\u00f6revlerini ba\u015far\u0131 ile s\u00fcrd\u00fcr\u00fcyor. Astronomlar e\u015fli\u011finde Mercan&#8217;da planetaryumda astronomi ve uzay temal\u0131 film g\u00f6sterimleri, \u2060uzay bilimleri ve teknolojileri alan\u0131nda 100&#8217;e yak\u0131n farkl\u0131 at\u00f6lye \u00e7al\u0131\u015fmalar\u0131, \u2060gece g\u00f6zlem etkinlikleri ve \u2060g\u00fcne\u015f g\u00f6zlem etkinlikleri yap\u0131l\u0131yor.<\/p>\n\n\n\n<p><strong>Uzman Astronom Karaca: &#8220;Uzay, asl\u0131nda her \u00e7ocu\u011fun oldu\u011fu gibi \u00e7ocukken benimde hayalimdi&#8221;<\/strong><\/p>\n\n\n\n<p>Mercan 100. Y\u0131l \u0130klim ve \u00c7evre Bilim Merkezi&#8217;nde Uzman Astronom olarak g\u00f6rev yapan Yonca Karaca, astronominin bir uzay bilimi oldu\u011funu aktararak, uzayda bulunan b\u00fct\u00fcn g\u00f6k cisimlerini ara\u015ft\u0131rarak onlar hakk\u0131nda bilgi elde eden bir bilim dal\u0131 oldu\u011fundan s\u00f6z etti. Astronomi alan\u0131n\u0131 neden se\u00e7ti\u011fini ifade eden Karaca,<strong>&nbsp;&#8220;Ara\u015ft\u0131rmay\u0131 \u00e7ok seven bir insan\u0131m ve \u00e7ocukluktan beri de \u00e7ok seviyordum. Uzay, asl\u0131nda her \u00e7ocu\u011fun oldu\u011fu gibi \u00e7ocukken benim de hayalimdi. Bir g\u00fcn uzaya gidece\u011fimin ve o y\u0131ld\u0131zlara dokunaca\u011f\u0131m\u0131n hayaliyle bug\u00fcnlere kadar geldim ve \u00fcniversite tercihlerimde de bu b\u00f6l\u00fcm\u00fc tercih etmeyi uygun buldum&#8221;&nbsp;<\/strong>dedi.<\/p>\n\n\n\n<p><strong>&#8220;Ge\u00e7mi\u015fteki cinsiyet \u00f6nyarg\u0131lar\u0131 g\u00fcn\u00fcm\u00fczde b\u00fcy\u00fck oranda azalm\u0131\u015f durumda&#8221;<\/strong><\/p>\n\n\n\n<p>Bir&nbsp;<strong><em>&#8216;bilim insan\u0131&#8217;<\/em><\/strong>&nbsp;oldu\u011funun vurgusunu yapan Karaca, astronomi okurken s\u0131n\u0131flar\u0131ndaki kad\u0131n oran\u0131n\u0131n erkeklere g\u00f6re daha az oldu\u011fundan s\u00f6z ederek,&nbsp;<strong>&#8220;\u0130statistiklere bakt\u0131\u011f\u0131m\u0131z zaman kad\u0131n bilim insan\u0131 ve kad\u0131n astronom say\u0131s\u0131 daha az. \u00dcniversite ortam\u0131nda da kad\u0131nlar olarak daha azd\u0131k. Bunun sebebi ge\u00e7mi\u015ften gelen \u00f6nyarg\u0131lar ve bilimde kad\u0131n\u0131n geri planda tutulmas\u0131 olabilir. Ge\u00e7mi\u015fteki bu \u00f6nyarg\u0131lar g\u00fcn\u00fcm\u00fczde art\u0131k b\u00fcy\u00fck oranda azalm\u0131\u015f durumda. Bunun da en \u00f6nemli nedenlerinden birisi de asl\u0131nda Belediye gibi bir kurumun b\u00f6yle bir i\u015f koluna i\u015f imk\u00e2n\u0131 sa\u011flamas\u0131. Biz 2 kad\u0131n astronom olarak burada \u00e7al\u0131\u015f\u0131yoruz ve bu \u00e7al\u0131\u015ft\u0131\u011f\u0131m\u0131z ortamda da \u00e7ok mutluyuz&#8221;&nbsp;<\/strong>diye konu\u015ftu.<\/p>\n\n\n\n<p><strong>&#8220;\u00d6\u011frencilerin g\u00f6zlerinde g\u00f6rd\u00fc\u011f\u00fcm\u00fcz \u0131\u015f\u0131k, b\u00fct\u00fcn yorgunluklar\u0131m\u0131z\u0131 silip g\u00f6t\u00fcr\u00fcyor&#8221;<\/strong><\/p>\n\n\n\n<p><strong><em>&#8216;Bizim i\u015fimiz uzay&#8217;<\/em><\/strong><strong>&nbsp;<\/strong>diyen Karaca,&nbsp;<strong>&#8220;Ancak gece oldu\u011fu zaman y\u0131ld\u0131zlar ve gezegenler bize g\u00fcl\u00fcms\u00fcyorlar. Dolay\u0131s\u0131yla gece gelip burada g\u00f6zlemler ger\u00e7ekle\u015ftiriyoruz, sahalara \u00e7\u0131k\u0131yoruz, uygun g\u00f6zlem ortamlar\u0131 ara\u015ft\u0131r\u0131yoruz. Tabi uyku g\u00fczel bir kavram ama bunun i\u00e7in de biz uykumuzdan fedak\u00e2rl\u0131k g\u00f6steriyoruz. Fakat d\u00f6n\u00fcp bakt\u0131\u011f\u0131m\u0131z zaman ve buraya gelen \u00f6\u011frencilerin g\u00f6zlerinde bu \u0131\u015f\u0131\u011f\u0131 g\u00f6rd\u00fc\u011f\u00fcm\u00fcz, bize hayranl\u0131kla bakt\u0131klar\u0131 zaman b\u00fct\u00fcn bu yorgunluklar silinip gidiyor. \u00c7\u00fcnk\u00fc astronomlu\u011fu onlar da buraya geldiklerinde yeni tan\u0131maya ba\u015fl\u0131yorlar&#8221;&nbsp;<\/strong>ifadelerine yer verdi.<\/p>\n\n\n\n<p><strong>&#8220;Kad\u0131nlar olarak g\u00fc\u00e7l\u00fcy\u00fcz, her alanda oldu\u011fu gibi bilim alan\u0131nda da var\u0131z&#8221;<\/strong><\/p>\n\n\n\n<p>Mersin B\u00fcy\u00fck\u015fehir b\u00fcnyesinde kad\u0131n astronom olarak g\u00f6rev yapman\u0131n \u00e7ok gurur verici bir durum oldu\u011funun alt\u0131n\u0131 \u00e7izen Karaca,&nbsp;&nbsp;<strong>&#8220;2 kad\u0131n olarak bize bu i\u015f kolunda g\u00fcvenip, bu sorumlulu\u011fu vermeleri b\u00fcy\u00fck bir gurur kayna\u011f\u0131. Kad\u0131nlar olarak g\u00fc\u00e7l\u00fcy\u00fcz, her alanda oldu\u011fu gibi bilim alan\u0131nda da var\u0131z. Buraya gelen \u00f6\u011frencilere de biz;&nbsp;<em>&#8216;siz de yapabilirsiniz&#8217;<\/em>&nbsp;alg\u0131s\u0131 kazand\u0131rmaya \u00e7al\u0131\u015f\u0131yoruz ve bunu yapmaktan da mutluyuz ve gururluyuz&#8221;&nbsp;<\/strong>dedi. Mercan&#8217;da \u00f6\u011frenciler i\u00e7in yapt\u0131klar\u0131 \u00e7al\u0131\u015fmalardan da s\u00f6z eden Karaca,&nbsp;<strong>&#8220;Buraya gelen \u00f6\u011frencilerimizle planetaryumda film g\u00f6sterimleri, at\u00f6lyelerde \u00e7al\u0131\u015fmalar yap\u0131yoruz, gece g\u00f6zlem etkinlikleri d\u00fczenliyoruz. \u00d6\u011frencilere gerek fark\u0131ndal\u0131k olu\u015fturmas\u0131 bak\u0131m\u0131ndan gerekse de kariyer planlamalar\u0131n\u0131 yapmalar\u0131 bak\u0131m\u0131ndan yol g\u00f6sterici oldu\u011fumuzu d\u00fc\u015f\u00fcn\u00fcyoruz&#8221;&nbsp;<\/strong>diye belirtti.<\/p>\n\n\n\n<p><strong>Astronom Oylum: &#8220;\u0130lk ba\u015flad\u0131\u011f\u0131m g\u00fcnk\u00fc heyecanla \u00e7al\u0131\u015fmalar\u0131m\u0131z devam ediyor&#8221;<\/strong><\/p>\n\n\n\n<p>Mercan 100. Y\u0131l \u0130klim ve \u00c7evre Bilim Merkezi&#8217;nde Astronom olarak g\u00f6rev yapan Merve Oylum, Mercan&#8217;\u0131n ilk g\u00f6rev yapt\u0131\u011f\u0131 yer oldu\u011funu aktararak,&nbsp;<strong>&#8220;\u0130lk g\u00f6rev yerimde bu \u015fekilde, bu olanaklar\u0131n sa\u011flanmas\u0131 beni ilk ba\u015flad\u0131\u011f\u0131m zamanlarda \u00e7ok heyecanland\u0131rm\u0131\u015ft\u0131. Hala ayn\u0131 heyecanla ve \u00fczerine ekleyerek devam ediyoruz. \u0130lk geldi\u011fimde g\u00f6zlem etkinlikleriyle ba\u015flam\u0131\u015ft\u0131k, ard\u0131ndan at\u00f6lyelerimiz a\u00e7\u0131ld\u0131 ve bu \u015fekilde \u00fczerine ekleyerek gitti\u011fimiz g\u00fczel bir yolculuk&#8221;&nbsp;<\/strong>dedi.<\/p>\n\n\n\n<p><strong>&#8220;B\u00fcy\u00fck\u015fehir&#8217;de cinsiyet alg\u0131s\u0131 art\u0131k y\u0131k\u0131l\u0131yor&#8221;<\/strong><\/p>\n\n\n\n<p>Astronomlar\u0131n g\u00f6k bilimciler oldu\u011fundan s\u00f6z eden Oylum, uzay ka\u015fifleri olarak da an\u0131ld\u0131klar\u0131ndan s\u00f6z ederek,&nbsp;<strong>&#8220;Kad\u0131n bir astronom olmak b\u00fcy\u00fck bir gurur kayna\u011f\u0131. \u00c7ocuklara \u00f6rnek oluyor olmak ve onlara ilham olabilmek \u00e7ok mutluluk verici&#8221;&nbsp;<\/strong>diye belirtti.Mersin B\u00fcy\u00fck\u015fehir b\u00fcnyesinde kad\u0131nlar\u0131n istihdam\u0131na b\u00fcy\u00fck \u00f6nem verildi\u011finin alt\u0131n\u0131 \u00e7izen Oylum,&nbsp;<strong>&#8220;B\u00fcy\u00fck\u015fehir&#8217;de cinsiyet alg\u0131s\u0131 art\u0131k y\u0131k\u0131l\u0131yor. Kad\u0131nlar her alanda varlar ve her alanda istihdamlar\u0131 art\u0131r\u0131l\u0131yor. Bu durum bizim i\u00e7in bir gurur kayna\u011f\u0131 ve mutluluk verici bir olay. Ben de bunun par\u00e7as\u0131 oldu\u011fum i\u00e7in \u00e7ok mutluyum&#8221;&nbsp;<\/strong>ifadelerine yer verdi.<\/p>\n","protected":false},"excerpt":{"rendered":"<p>Mersin B\u00fcy\u00fck\u015fehir Belediyesi Cumhuriyet&#8217;in 100. y\u0131l\u0131nda Mersinlilere arma\u011fan etti\u011fi&nbsp;&#8216;Mercan 100. Y\u0131l \u0130klim ve \u00c7evre Bilim Merkezi&#8217;nde \u00e7al\u0131\u015fan 2 kad\u0131n astronom ile her alanda oldu\u011fu gibi bilim alan\u0131nda da kad\u0131nlar\u0131 \u00f6nceliyor. Kad\u0131nlar, Mersin B\u00fcy\u00fck\u015fehir&#8217;in bu alanda sa\u011flam\u0131\u015f oldu\u011fu istihdam ile alanlar\u0131nda y\u0131ld\u0131z gibi parlamaya devam ediyor.&nbsp;&#8216;Kad\u0131nlar olarak g\u00fc\u00e7l\u00fcy\u00fcz, her alanda oldu\u011fu gibi bilim alan\u0131nda da var\u0131z&#8217;&nbsp;diyen [&hellip;]<\/p>\n","protected":false},"author":2,"featured_media":38710,"comment_status":"closed","ping_status":"closed","sticky":false,"template":"","format":"standard","meta":{"footnotes":""},"categories":[34,3,5],"tags":[],"class_list":["post-38709","post","type-post","status-publish","format-standard","has-post-thumbnail","hentry","category-flas-haber","category-manset","category-mersin"],"views":2,"_links":{"self":[{"href":"https:\/\/mersinkadingazetesi.com\/index.php?rest_route=\/wp\/v2\/posts\/38709"}],"collection":[{"href":"https:\/\/mersinkadingazetesi.com\/index.php?rest_route=\/wp\/v2\/posts"}],"about":[{"href":"https:\/\/mersinkadingazetesi.com\/index.php?rest_route=\/wp\/v2\/types\/post"}],"author":[{"embeddable":true,"href":"https:\/\/mersinkadingazetesi.com\/index.php?rest_route=\/wp\/v2\/users\/2"}],"replies":[{"embeddable":true,"href":"https:\/\/mersinkadingazetesi.com\/index.php?rest_route=%2Fwp%2Fv2%2Fcomments&post=38709"}],"version-history":[{"count":1,"href":"https:\/\/mersinkadingazetesi.com\/index.php?rest_route=\/wp\/v2\/posts\/38709\/revisions"}],"predecessor-version":[{"id":38711,"href":"https:\/\/mersinkadingazetesi.com\/index.php?rest_route=\/wp\/v2\/posts\/38709\/revisions\/38711"}],"wp:featuredmedia":[{"embeddable":true,"href":"https:\/\/mersinkadingazetesi.com\/index.php?rest_route=\/wp\/v2\/media\/38710"}],"wp:attachment":[{"href":"https:\/\/mersinkadingazetesi.com\/index.php?rest_route=%2Fwp%2Fv2%2Fmedia&parent=38709"}],"wp:term":[{"taxonomy":"category","embeddable":true,"href":"https:\/\/mersinkadingazetesi.com\/index.php?rest_route=%2Fwp%2Fv2%2Fcategories&post=38709"},{"taxonomy":"post_tag","embeddable":true,"href":"https:\/\/mersinkadingazetesi.com\/index.php?rest_route=%2Fwp%2Fv2%2Ftags&post=38709"}],"curies":[{"name":"wp","href":"https:\/\/api.w.org\/{rel}","templated":true}]}}