{"id":38712,"date":"2025-01-15T11:10:38","date_gmt":"2025-01-15T08:10:38","guid":{"rendered":"https:\/\/mersinkadingazetesi.com\/?p=38712"},"modified":"2025-01-15T11:10:39","modified_gmt":"2025-01-15T08:10:39","slug":"anamur-orman-isletme-mudurlugune-kibris-ilkokulu-ana-sinifi-ziyareti","status":"publish","type":"post","link":"https:\/\/mersinkadingazetesi.com\/?p=38712","title":{"rendered":"Anamur Orman \u0130\u015fletme M\u00fcd\u00fcrl\u00fc\u011f\u00fc&#8217;ne K\u0131br\u0131s \u0130lkokulu Ana S\u0131n\u0131f\u0131 Ziyareti"},"content":{"rendered":"\n<p>Mersin Orman B\u00f6lge M\u00fcd\u00fcrl\u00fc\u011f\u00fc&#8217;ne ba\u011fl\u0131 Anamur Orman \u0130\u015fletme M\u00fcd\u00fcrl\u00fc\u011f\u00fc, Anamur K\u0131br\u0131s \u0130lkokulu Ana S\u0131n\u0131f\u0131 miniklerini, \u00f6\u011fretmenleri G\u00fclcan T\u00fcrkay ve okul m\u00fcd\u00fcr\u00fc Ayfer Koyuncu e\u015fli\u011finde a\u011f\u0131rlad\u0131. Orman ve do\u011fa vurgusu \u00fczerine ger\u00e7ekle\u015ftirilen etkinlikte, \u00f6\u011frenciler hayallerindeki ya\u015fam alanlar\u0131n\u0131 resmederek, bu resimleri Orman \u0130\u015fletme M\u00fcd\u00fcr\u00fcm\u00fcze hediye ettiler ve keyifli bir sohbet ger\u00e7ekle\u015ftirdiler.<\/p>\n\n\n\n<p>Minik \u00f6\u011frenciler, gelece\u011fimize nefes olan ormanlar\u0131m\u0131z\u0131n korunup geli\u015fmesi i\u00e7in kimlerin nas\u0131l hizmet verdi\u011fini yerinde g\u00f6rmek istediler. Orman \u0130\u015fletme M\u00fcd\u00fcr\u00fcm\u00fcz, m\u00fchendislerimiz, \u015feflerimiz ve di\u011fer kurum \u00e7al\u0131\u015fanlar\u0131m\u0131z, \u00f6\u011frencilere gerekli bilgileri verdiler. Ayr\u0131ca, \u00e7izgi film ve sunumlar izletildi, orman yang\u0131nlar\u0131yla m\u00fccadelede kullan\u0131lan araz\u00f6zler tan\u0131t\u0131ld\u0131.<\/p>\n\n\n\n<p>Ziyaretin sonunda, \u00f6\u011frenciler kurumumuzun bah\u00e7esinde merceklerle bitki ve canl\u0131lar\u0131 incelediler. Fidan dikimi yaparak, g\u00fcn\u00fc unutulmaz bir an\u0131 ile sonland\u0131rd\u0131lar.<\/p>\n\n\n\n<p>Ziyaretlerinden dolay\u0131 \u00f6\u011fretmenlerimize ve minik \u00f6\u011frencilerimize te\u015fekk\u00fcr eder, gelece\u011fin orman koruyucular\u0131 olacaklar\u0131 i\u00e7in onlar\u0131 tebrik ederiz.<\/p>\n","protected":false},"excerpt":{"rendered":"<p>Mersin Orman B\u00f6lge M\u00fcd\u00fcrl\u00fc\u011f\u00fc&#8217;ne ba\u011fl\u0131 Anamur Orman \u0130\u015fletme M\u00fcd\u00fcrl\u00fc\u011f\u00fc, Anamur K\u0131br\u0131s \u0130lkokulu Ana S\u0131n\u0131f\u0131 miniklerini, \u00f6\u011fretmenleri G\u00fclcan T\u00fcrkay ve okul m\u00fcd\u00fcr\u00fc Ayfer Koyuncu e\u015fli\u011finde a\u011f\u0131rlad\u0131. Orman ve do\u011fa vurgusu \u00fczerine ger\u00e7ekle\u015ftirilen etkinlikte, \u00f6\u011frenciler hayallerindeki ya\u015fam alanlar\u0131n\u0131 resmederek, bu resimleri Orman \u0130\u015fletme M\u00fcd\u00fcr\u00fcm\u00fcze hediye ettiler ve keyifli bir sohbet ger\u00e7ekle\u015ftirdiler. Minik \u00f6\u011frenciler, gelece\u011fimize nefes olan ormanlar\u0131m\u0131z\u0131n [&hellip;]<\/p>\n","protected":false},"author":2,"featured_media":38713,"comment_status":"closed","ping_status":"closed","sticky":false,"template":"","format":"standard","meta":{"footnotes":""},"categories":[3],"tags":[],"class_list":["post-38712","post","type-post","status-publish","format-standard","has-post-thumbnail","hentry","category-manset"],"views":7,"_links":{"self":[{"href":"https:\/\/mersinkadingazetesi.com\/index.php?rest_route=\/wp\/v2\/posts\/38712"}],"collection":[{"href":"https:\/\/mersinkadingazetesi.com\/index.php?rest_route=\/wp\/v2\/posts"}],"about":[{"href":"https:\/\/mersinkadingazetesi.com\/index.php?rest_route=\/wp\/v2\/types\/post"}],"author":[{"embeddable":true,"href":"https:\/\/mersinkadingazetesi.com\/index.php?rest_route=\/wp\/v2\/users\/2"}],"replies":[{"embeddable":true,"href":"https:\/\/mersinkadingazetesi.com\/index.php?rest_route=%2Fwp%2Fv2%2Fcomments&post=38712"}],"version-history":[{"count":1,"href":"https:\/\/mersinkadingazetesi.com\/index.php?rest_route=\/wp\/v2\/posts\/38712\/revisions"}],"predecessor-version":[{"id":38714,"href":"https:\/\/mersinkadingazetesi.com\/index.php?rest_route=\/wp\/v2\/posts\/38712\/revisions\/38714"}],"wp:featuredmedia":[{"embeddable":true,"href":"https:\/\/mersinkadingazetesi.com\/index.php?rest_route=\/wp\/v2\/media\/38713"}],"wp:attachment":[{"href":"https:\/\/mersinkadingazetesi.com\/index.php?rest_route=%2Fwp%2Fv2%2Fmedia&parent=38712"}],"wp:term":[{"taxonomy":"category","embeddable":true,"href":"https:\/\/mersinkadingazetesi.com\/index.php?rest_route=%2Fwp%2Fv2%2Fcategories&post=38712"},{"taxonomy":"post_tag","embeddable":true,"href":"https:\/\/mersinkadingazetesi.com\/index.php?rest_route=%2Fwp%2Fv2%2Ftags&post=38712"}],"curies":[{"name":"wp","href":"https:\/\/api.w.org\/{rel}","templated":true}]}}