{"id":38715,"date":"2025-01-15T11:12:31","date_gmt":"2025-01-15T08:12:31","guid":{"rendered":"https:\/\/mersinkadingazetesi.com\/?p=38715"},"modified":"2025-01-15T11:12:32","modified_gmt":"2025-01-15T08:12:32","slug":"mersinin-turizm-potansiyeli-akp-iktidarinin-ihmalleriyle-harcaniyor","status":"publish","type":"post","link":"https:\/\/mersinkadingazetesi.com\/?p=38715","title":{"rendered":"&#8220;Mersin&#8217;in turizm potansiyeli, AKP iktidar\u0131n\u0131n ihmalleriyle harcan\u0131yor!&#8221;"},"content":{"rendered":"\n<p>CHP Mersin Milletvekili G\u00fclcan K\u0131\u015f, TBMM Genel Kurulu&#8217;nda yapt\u0131\u011f\u0131 konu\u015fmada, Mersin&#8217;in y\u0131llard\u0131r turizme kazand\u0131r\u0131lamayan, ihmal edilen b\u00f6lgelerine dikkat \u00e7ekti. AKP iktidar\u0131n\u0131n Mersin&#8217;in do\u011fal ve k\u00fclt\u00fcrel de\u011ferlerini g\u00f6rmezden geldi\u011fini s\u00f6yleyen CHP&#8217;li G\u00fclcan K\u0131\u015f, Silifke, G\u00fclnar, Anamur ve Tarsus gibi turizm a\u00e7\u0131s\u0131ndan b\u00fcy\u00fck potansiyele sahip b\u00f6lgelerdeki yat\u0131r\u0131ms\u0131zl\u0131k sorununu g\u00fcndeme ta\u015f\u0131d\u0131.<\/p>\n\n\n\n<p>CHP&#8217;li G\u00fclcan K\u0131\u015f, konu\u015fmas\u0131nda \u015fu ifadelere yer verdi:<\/p>\n\n\n\n<p>&#8220;Se\u00e7im b\u00f6lgem Mersin&#8217;de turizm a\u00e7\u0131s\u0131ndan b\u00fcy\u00fck de\u011fer ta\u015f\u0131yan alanlar y\u0131llard\u0131r kaderine terk edilmi\u015f durumda. Silifke Ovac\u0131k, Silifke Karg\u0131c\u0131k, G\u00fclnar Ortaburun, Anamur Melle\u00e7, Tarsus Kazanl\u0131, Silifke Ta\u015fucu-Bo\u011fsak, Silifke Narl\u0131kuyu-Akyar ve Tarsus G\u00fclek-Karbo\u011faz\u0131 gibi b\u00f6lgeler, baz\u0131lar\u0131 1980&#8217;li y\u0131llarda turizm alan\u0131 ilan edilmi\u015f olmas\u0131na ra\u011fmen, h\u00e2l\u00e2 turizme kazand\u0131r\u0131lmam\u0131\u015ft\u0131r. Bu ihmalk\u00e2rl\u0131k yaln\u0131zca Mersin&#8217;e de\u011fil, \u00fclkemizin turizm sekt\u00f6r\u00fcne de zarar vermektedir.&#8221;<\/p>\n\n\n\n<p><strong>&#8220;Mersin&#8217;in de\u011ferleri g\u00f6z ard\u0131 ediliyor&#8221;<\/strong><\/p>\n\n\n\n<p>CHP Mersin Milletvekili G\u00fclcan K\u0131\u015f, bu alanlar\u0131n y\u0131llard\u0131r yaln\u0131zca k\u00e2\u011f\u0131t \u00fczerinde kalan projelerle oyaland\u0131\u011f\u0131n\u0131 ifade ederek \u015f\u00f6yle konu\u015ftu:<\/p>\n\n\n\n<p>&#8220;Yat\u0131r\u0131mlar\u0131n ba\u015flamamas\u0131, bu alanlar\u0131n turizmde hak etti\u011fi de\u011feri g\u00f6rememesi ve yat\u0131r\u0131mc\u0131ya tahsis edilmemesi, b\u00fcy\u00fck bir ekonomik ve sosyal kay\u0131pt\u0131r. Mersin, tarih\u00ee ve do\u011fal zenginlikleriyle yaln\u0131zca T\u00fcrkiye&#8217;nin de\u011fil, d\u00fcnyan\u0131n dikkatini \u00e7ekebilecek bir \u015fehir. Ancak bu potansiyel, AKP&#8217;nin yanl\u0131\u015f politikalar\u0131yla g\u00f6z ard\u0131 ediliyor. E\u011fer bu ihmalk\u00e2rl\u0131k devam ederse hem do\u011fal zenginliklerimiz yok olacak hem de Mersin halk\u0131n\u0131n hak etti\u011fi ekonomik f\u0131rsatlar ellerinden al\u0131nacakt\u0131r.&#8221;<\/p>\n\n\n\n<p><strong>&#8220;Ertelenmi\u015f vaatlere kurban edilemeyecek kadar de\u011ferli&#8221;<\/strong><\/p>\n\n\n\n<p>CHP&#8217;li G\u00fclcan K\u0131\u015f, y\u0131llard\u0131r verilen vaatlerin yerine getirilmedi\u011fini hat\u0131rlatarak, Mersin halk\u0131n\u0131n art\u0131k beklemekten yoruldu\u011funu s\u00f6yledi:<\/p>\n\n\n\n<p>&#8220;Bu alanlar, ertelenmi\u015f vaatlere kurban edilemeyecek kadar de\u011ferlidir. Biz Mersinliler olarak oyalama de\u011fil, icraat istiyoruz. Kaynaklar sa\u011flanmal\u0131, projeler derh\u00e2l ba\u015flat\u0131lmal\u0131d\u0131r. Bu b\u00f6lgelerin turizme kazand\u0131r\u0131lmas\u0131, yaln\u0131zca Mersin i\u00e7in de\u011fil, \u00fclke ekonomisi i\u00e7in de \u00f6nemli bir ad\u0131md\u0131r.&#8221;<\/p>\n\n\n\n<p><strong>&#8220;Turizm, Mersin&#8217;in gelece\u011fidir&#8221;<\/strong><\/p>\n\n\n\n<p>Konu\u015fmas\u0131nda, turizmin yaln\u0131zca ekonomik de\u011fil, ayn\u0131 zamanda sosyal kalk\u0131nma i\u00e7in de bir f\u0131rsat oldu\u011funa dikkat \u00e7eken CHP&#8217;li G\u00fclcan K\u0131\u015f, &#8220;Do\u011fal g\u00fczelliklerimiz, tarihimiz ve k\u00fclt\u00fcr\u00fcm\u00fcz, do\u011fru bir planlama ile hem Mersin halk\u0131na hem de \u00fclke ekonomisine b\u00fcy\u00fck katk\u0131lar sa\u011flayabilir. Ancak bunun i\u00e7in irade ve kararl\u0131l\u0131k gerekiyor. AKP h\u00fck\u00fcmeti bu alanlar\u0131 k\u00e2\u011f\u0131t \u00fczerindeki projeler olmaktan \u00e7\u0131kar\u0131p, bir an \u00f6nce uygulamaya ge\u00e7melidir&#8221; diyerek h\u00fck\u00fcmete \u00e7a\u011fr\u0131da bulundu.<\/p>\n","protected":false},"excerpt":{"rendered":"<p>CHP Mersin Milletvekili G\u00fclcan K\u0131\u015f, TBMM Genel Kurulu&#8217;nda yapt\u0131\u011f\u0131 konu\u015fmada, Mersin&#8217;in y\u0131llard\u0131r turizme kazand\u0131r\u0131lamayan, ihmal edilen b\u00f6lgelerine dikkat \u00e7ekti. AKP iktidar\u0131n\u0131n Mersin&#8217;in do\u011fal ve k\u00fclt\u00fcrel de\u011ferlerini g\u00f6rmezden geldi\u011fini s\u00f6yleyen CHP&#8217;li G\u00fclcan K\u0131\u015f, Silifke, G\u00fclnar, Anamur ve Tarsus gibi turizm a\u00e7\u0131s\u0131ndan b\u00fcy\u00fck potansiyele sahip b\u00f6lgelerdeki yat\u0131r\u0131ms\u0131zl\u0131k sorununu g\u00fcndeme ta\u015f\u0131d\u0131. CHP&#8217;li G\u00fclcan K\u0131\u015f, konu\u015fmas\u0131nda \u015fu ifadelere yer [&hellip;]<\/p>\n","protected":false},"author":2,"featured_media":38716,"comment_status":"closed","ping_status":"closed","sticky":false,"template":"","format":"standard","meta":{"footnotes":""},"categories":[34,2,3],"tags":[],"class_list":["post-38715","post","type-post","status-publish","format-standard","has-post-thumbnail","hentry","category-flas-haber","category-gundem","category-manset"],"views":7,"_links":{"self":[{"href":"https:\/\/mersinkadingazetesi.com\/index.php?rest_route=\/wp\/v2\/posts\/38715"}],"collection":[{"href":"https:\/\/mersinkadingazetesi.com\/index.php?rest_route=\/wp\/v2\/posts"}],"about":[{"href":"https:\/\/mersinkadingazetesi.com\/index.php?rest_route=\/wp\/v2\/types\/post"}],"author":[{"embeddable":true,"href":"https:\/\/mersinkadingazetesi.com\/index.php?rest_route=\/wp\/v2\/users\/2"}],"replies":[{"embeddable":true,"href":"https:\/\/mersinkadingazetesi.com\/index.php?rest_route=%2Fwp%2Fv2%2Fcomments&post=38715"}],"version-history":[{"count":1,"href":"https:\/\/mersinkadingazetesi.com\/index.php?rest_route=\/wp\/v2\/posts\/38715\/revisions"}],"predecessor-version":[{"id":38717,"href":"https:\/\/mersinkadingazetesi.com\/index.php?rest_route=\/wp\/v2\/posts\/38715\/revisions\/38717"}],"wp:featuredmedia":[{"embeddable":true,"href":"https:\/\/mersinkadingazetesi.com\/index.php?rest_route=\/wp\/v2\/media\/38716"}],"wp:attachment":[{"href":"https:\/\/mersinkadingazetesi.com\/index.php?rest_route=%2Fwp%2Fv2%2Fmedia&parent=38715"}],"wp:term":[{"taxonomy":"category","embeddable":true,"href":"https:\/\/mersinkadingazetesi.com\/index.php?rest_route=%2Fwp%2Fv2%2Fcategories&post=38715"},{"taxonomy":"post_tag","embeddable":true,"href":"https:\/\/mersinkadingazetesi.com\/index.php?rest_route=%2Fwp%2Fv2%2Ftags&post=38715"}],"curies":[{"name":"wp","href":"https:\/\/api.w.org\/{rel}","templated":true}]}}