{"id":38718,"date":"2025-01-15T11:13:25","date_gmt":"2025-01-15T08:13:25","guid":{"rendered":"https:\/\/mersinkadingazetesi.com\/?p=38718"},"modified":"2025-01-15T11:13:26","modified_gmt":"2025-01-15T08:13:26","slug":"mhp-mersin-milletvekili-uysaldan-ogretmenlere-cagri-cocuklarimiza-agir-odevler-vermeyelim","status":"publish","type":"post","link":"https:\/\/mersinkadingazetesi.com\/?p=38718","title":{"rendered":"MHP MERS\u0130N M\u0130LLETVEK\u0130L\u0130 UYSAL\u2019DAN \u00d6\u011eRETMENLERE \u00c7A\u011eRI: \u00c7OCUKLARIMIZA A\u011eIR \u00d6DEVLER VERMEYEL\u0130M"},"content":{"rendered":"\n<p>Milliyet\u00e7i Hareket Partisi Mersin Milletvekili ve MYK \u00dcyesi Dr. Levent Uysal, T\u00fcrkiye B\u00fcy\u00fck Millet Meclisi\u2019nde s\u00f6z alarak \u00f6\u011frencilere s\u00f6mestir tatilinde a\u011f\u0131r \u00f6dev verilmemesini talep etti. Uysal <strong>\u201c\u00c7ocuklar\u0131m\u0131za s\u00f6mestir tatilinde ev \u00f6devi de\u011fil ev \u00f6d\u00fcl\u00fc verelim, aileleriyle daha \u00e7ok vakit ge\u00e7irmelerini sa\u011flayal\u0131m.\u201d<\/strong> \u015feklinde konu\u015ftu.<\/p>\n\n\n\n<p>Milliyet\u00e7i Hareket Partisi Mersin Milletvekili ve MYK \u00dcyesi Dr. Levent Uysal TBMM\u2019de g\u00fcndem d\u0131\u015f\u0131 s\u00f6z alarak \u00f6\u011frencilerin ara tatilde yo\u011fun ev \u00f6devlerinin hafifletilmesi gerekti\u011fini s\u00f6yledi. Milletvekili Uysal konu\u015fmas\u0131nda \u015fu ifadelere yer verdi;<\/p>\n\n\n\n<p><strong>\u201cBug\u00fcn buradan bir baba, bir amca, bir day\u0131 olarak seslenmek istiyorum. \u00c7ocuklar\u0131m\u0131z\u0131n hayat\u0131na dokunan, k\u0131ymetli \u00f6\u011fretmenlerimizin ho\u015fg\u00f6r\u00fcs\u00fcne s\u0131\u011f\u0131narak bir ricada bulunaca\u011f\u0131m. L\u00fctfen, \u00e7ocuklar\u0131m\u0131za gere\u011finden fazla \u00f6dev vermeyin. \u00c7ocuklar\u0131m\u0131z okulda severek \u00f6\u011frensin, ke\u015ffetsin, hayal kursun. Ama evde, aileleriyle vakit ge\u00e7irsinler. Mesela ben, k\u0131z\u0131m Elvin ile evde doya doya vakit ge\u00e7iremiyorum. Ben de b\u00fct\u00fcn babalar gibi k\u0131z\u0131mla oyun oynamak istiyorum. Ama k\u0131z\u0131m her seferinde kar\u015f\u0131ma \u00f6dev y\u0131\u011f\u0131nlar\u0131yla geliyor. \u201cBaba, \u00f6nce bunlar\u0131 yapmal\u0131y\u0131m\u201d diyor. Say\u0131n Milli E\u011fitim Bakan\u0131m\u0131za da buradan seslenmek istiyorum; Siz de bir babas\u0131n\u0131z, eminim ki bu konuda bizimle ayn\u0131 fikirdesiniz. Bu sebeple diyorum ki bu yar\u0131y\u0131l tatilinde \u00e7ocuklar\u0131m\u0131za ev \u00f6devi de\u011fil. Ev \u00f6d\u00fcl\u00fc verelim. \u015eimdiden \u00e7ocuklar\u0131m\u0131za mutlu ve keyifli tatiller diliyorum. Te\u015fekk\u00fcr ederim. Sayg\u0131lar\u0131mla.\u201d<\/strong><\/p>\n","protected":false},"excerpt":{"rendered":"<p>Milliyet\u00e7i Hareket Partisi Mersin Milletvekili ve MYK \u00dcyesi Dr. Levent Uysal, T\u00fcrkiye B\u00fcy\u00fck Millet Meclisi\u2019nde s\u00f6z alarak \u00f6\u011frencilere s\u00f6mestir tatilinde a\u011f\u0131r \u00f6dev verilmemesini talep etti. Uysal \u201c\u00c7ocuklar\u0131m\u0131za s\u00f6mestir tatilinde ev \u00f6devi de\u011fil ev \u00f6d\u00fcl\u00fc verelim, aileleriyle daha \u00e7ok vakit ge\u00e7irmelerini sa\u011flayal\u0131m.\u201d \u015feklinde konu\u015ftu. Milliyet\u00e7i Hareket Partisi Mersin Milletvekili ve MYK \u00dcyesi Dr. Levent Uysal TBMM\u2019de [&hellip;]<\/p>\n","protected":false},"author":2,"featured_media":38719,"comment_status":"closed","ping_status":"closed","sticky":false,"template":"","format":"standard","meta":{"footnotes":""},"categories":[3],"tags":[],"class_list":["post-38718","post","type-post","status-publish","format-standard","has-post-thumbnail","hentry","category-manset"],"views":7,"_links":{"self":[{"href":"https:\/\/mersinkadingazetesi.com\/index.php?rest_route=\/wp\/v2\/posts\/38718"}],"collection":[{"href":"https:\/\/mersinkadingazetesi.com\/index.php?rest_route=\/wp\/v2\/posts"}],"about":[{"href":"https:\/\/mersinkadingazetesi.com\/index.php?rest_route=\/wp\/v2\/types\/post"}],"author":[{"embeddable":true,"href":"https:\/\/mersinkadingazetesi.com\/index.php?rest_route=\/wp\/v2\/users\/2"}],"replies":[{"embeddable":true,"href":"https:\/\/mersinkadingazetesi.com\/index.php?rest_route=%2Fwp%2Fv2%2Fcomments&post=38718"}],"version-history":[{"count":1,"href":"https:\/\/mersinkadingazetesi.com\/index.php?rest_route=\/wp\/v2\/posts\/38718\/revisions"}],"predecessor-version":[{"id":38720,"href":"https:\/\/mersinkadingazetesi.com\/index.php?rest_route=\/wp\/v2\/posts\/38718\/revisions\/38720"}],"wp:featuredmedia":[{"embeddable":true,"href":"https:\/\/mersinkadingazetesi.com\/index.php?rest_route=\/wp\/v2\/media\/38719"}],"wp:attachment":[{"href":"https:\/\/mersinkadingazetesi.com\/index.php?rest_route=%2Fwp%2Fv2%2Fmedia&parent=38718"}],"wp:term":[{"taxonomy":"category","embeddable":true,"href":"https:\/\/mersinkadingazetesi.com\/index.php?rest_route=%2Fwp%2Fv2%2Fcategories&post=38718"},{"taxonomy":"post_tag","embeddable":true,"href":"https:\/\/mersinkadingazetesi.com\/index.php?rest_route=%2Fwp%2Fv2%2Ftags&post=38718"}],"curies":[{"name":"wp","href":"https:\/\/api.w.org\/{rel}","templated":true}]}}