{"id":38721,"date":"2025-01-15T12:36:44","date_gmt":"2025-01-15T09:36:44","guid":{"rendered":"https:\/\/mersinkadingazetesi.com\/?p=38721"},"modified":"2025-01-15T12:36:45","modified_gmt":"2025-01-15T09:36:45","slug":"nazim-hikmet-dogumunun-123-yil-donumunde-yenisehirde-anildi","status":"publish","type":"post","link":"https:\/\/mersinkadingazetesi.com\/?p=38721","title":{"rendered":"N\u00e2z\u0131m Hikmet do\u011fumunun 123. y\u0131l d\u00f6n\u00fcm\u00fcnde Yeni\u015fehir\u2019de an\u0131ld\u0131"},"content":{"rendered":"\n<p>T\u00fcrk ve d\u00fcnya edebiyat\u0131n\u0131n en \u00f6nemli \u015fairlerinden N\u00e2z\u0131m Hikmet do\u011fumunun 123\u2019\u00fcnc\u00fc y\u0131l d\u00f6n\u00fcm\u00fcnde Yeni\u015fehir\u2019de an\u0131ld\u0131. Yeni\u015fehir Belediyesi taraf\u0131ndan d\u00fczenlenen programda sanat\u00e7\u0131 Muharrem Karag\u00f6z ile Ali Diyaro\u011flu sahne ald\u0131. Anmada konu\u015fan Yeni\u015fehir Belediye Ba\u015fkan\u0131 Abdullah \u00d6zyi\u011fit, <strong>\u201c\u00d6mr\u00fcn\u00fcn b\u00fcy\u00fck b\u00f6l\u00fcm\u00fcn\u00fc s\u00fcrg\u00fcnlerde ge\u00e7iren d\u00fcnya \u015fairi, b\u00fcy\u00fck \u00fcstad Naz\u0131m Hikmet\u2019i sayg\u0131yla an\u0131yoruz.\u201d<\/strong> dedi.<\/p>\n\n\n\n<p>Mersin Yeni\u015fehir Belediyesi, N\u00e2z\u0131m Hikmet\u2019i do\u011fumunun 123. y\u0131l d\u00f6n\u00fcm\u00fcnde de unutmad\u0131. Yeni\u015fehir Belediyesi Atat\u00fcrk K\u00fclt\u00fcr Merkezinde d\u00fczenlenen \u201c\u015eiir ve M\u00fczikle Naz\u0131m\u201d anma program\u0131nda piyanist Muharrem Karag\u00f6z\u2019\u00fcn \u00e7ald\u0131\u011f\u0131 eserler e\u015fli\u011finde Ali Diyaro\u011flu, N\u00e2z\u0131m Hikmet \u015fiirlerini seslendirdi. \u015eairin unutulmaz eserlerinin yank\u0131land\u0131\u011f\u0131 programda N\u00e2z\u0131m Hikmet\u2019in hat\u0131ras\u0131na duyulan sayg\u0131 ve sevgi, sanat\u0131n g\u00fcc\u00fcyle bir kez daha g\u00f6zler \u00f6n\u00fcne serildi.<\/p>\n\n\n\n<p><strong>\u201cOnun \u015fiirleri ve fikirleri nesiller boyu ya\u015famaya devam edecek\u201d<\/strong><\/p>\n\n\n\n<p>Anma program\u0131na kat\u0131lan Yeni\u015fehir Belediye Ba\u015fkan\u0131 Abdullah \u00d6zyi\u011fit<strong>, &#8220;B\u00fcy\u00fck \u00fcstad Naz\u0131m Hikmet\u2019i sayg\u0131yla an\u0131yoruz. Naz\u0131m, yaln\u0131zca edebiyat\u0131m\u0131za de\u011fil, d\u00fcnyaya mal olmu\u015f bir de\u011fer. Onun \u015fiirleri ve fikirleri nesiller boyu ya\u015famaya devam edecek.\u201d <\/strong>dedi. Ba\u015fkan \u00d6zyi\u011fit, sanat\u00e7\u0131 Muharrem Karag\u00f6z ve Ali Diyaro\u011flu\u2019na da te\u015fekk\u00fcr etti.<\/p>\n","protected":false},"excerpt":{"rendered":"<p>T\u00fcrk ve d\u00fcnya edebiyat\u0131n\u0131n en \u00f6nemli \u015fairlerinden N\u00e2z\u0131m Hikmet do\u011fumunun 123\u2019\u00fcnc\u00fc y\u0131l d\u00f6n\u00fcm\u00fcnde Yeni\u015fehir\u2019de an\u0131ld\u0131. Yeni\u015fehir Belediyesi taraf\u0131ndan d\u00fczenlenen programda sanat\u00e7\u0131 Muharrem Karag\u00f6z ile Ali Diyaro\u011flu sahne ald\u0131. Anmada konu\u015fan Yeni\u015fehir Belediye Ba\u015fkan\u0131 Abdullah \u00d6zyi\u011fit, \u201c\u00d6mr\u00fcn\u00fcn b\u00fcy\u00fck b\u00f6l\u00fcm\u00fcn\u00fc s\u00fcrg\u00fcnlerde ge\u00e7iren d\u00fcnya \u015fairi, b\u00fcy\u00fck \u00fcstad Naz\u0131m Hikmet\u2019i sayg\u0131yla an\u0131yoruz.\u201d dedi. Mersin Yeni\u015fehir Belediyesi, N\u00e2z\u0131m Hikmet\u2019i do\u011fumunun [&hellip;]<\/p>\n","protected":false},"author":2,"featured_media":38722,"comment_status":"closed","ping_status":"closed","sticky":false,"template":"","format":"standard","meta":{"footnotes":""},"categories":[3],"tags":[],"class_list":["post-38721","post","type-post","status-publish","format-standard","has-post-thumbnail","hentry","category-manset"],"views":5,"_links":{"self":[{"href":"https:\/\/mersinkadingazetesi.com\/index.php?rest_route=\/wp\/v2\/posts\/38721"}],"collection":[{"href":"https:\/\/mersinkadingazetesi.com\/index.php?rest_route=\/wp\/v2\/posts"}],"about":[{"href":"https:\/\/mersinkadingazetesi.com\/index.php?rest_route=\/wp\/v2\/types\/post"}],"author":[{"embeddable":true,"href":"https:\/\/mersinkadingazetesi.com\/index.php?rest_route=\/wp\/v2\/users\/2"}],"replies":[{"embeddable":true,"href":"https:\/\/mersinkadingazetesi.com\/index.php?rest_route=%2Fwp%2Fv2%2Fcomments&post=38721"}],"version-history":[{"count":1,"href":"https:\/\/mersinkadingazetesi.com\/index.php?rest_route=\/wp\/v2\/posts\/38721\/revisions"}],"predecessor-version":[{"id":38723,"href":"https:\/\/mersinkadingazetesi.com\/index.php?rest_route=\/wp\/v2\/posts\/38721\/revisions\/38723"}],"wp:featuredmedia":[{"embeddable":true,"href":"https:\/\/mersinkadingazetesi.com\/index.php?rest_route=\/wp\/v2\/media\/38722"}],"wp:attachment":[{"href":"https:\/\/mersinkadingazetesi.com\/index.php?rest_route=%2Fwp%2Fv2%2Fmedia&parent=38721"}],"wp:term":[{"taxonomy":"category","embeddable":true,"href":"https:\/\/mersinkadingazetesi.com\/index.php?rest_route=%2Fwp%2Fv2%2Fcategories&post=38721"},{"taxonomy":"post_tag","embeddable":true,"href":"https:\/\/mersinkadingazetesi.com\/index.php?rest_route=%2Fwp%2Fv2%2Ftags&post=38721"}],"curies":[{"name":"wp","href":"https:\/\/api.w.org\/{rel}","templated":true}]}}