{"id":38724,"date":"2025-01-15T12:37:57","date_gmt":"2025-01-15T09:37:57","guid":{"rendered":"https:\/\/mersinkadingazetesi.com\/?p=38724"},"modified":"2025-01-15T12:37:58","modified_gmt":"2025-01-15T09:37:58","slug":"sabri-tekli-savunma-sanayinde-cok-heyecanliyiz","status":"publish","type":"post","link":"https:\/\/mersinkadingazetesi.com\/?p=38724","title":{"rendered":"Sabri Tekli: Savunma sanayinde \u00e7ok heyecanl\u0131y\u0131z"},"content":{"rendered":"\n<p>Mersin Tarsus Organize Sanayi B\u00f6lgesi Ba\u015fkan\u0131 Sabri Tekli, Mersinli sanayicilerin savunma sanayi sekt\u00f6r\u00fcnde \u00e7ok b\u00fcy\u00fck bir heyecan ta\u015f\u0131d\u0131\u011f\u0131n\u0131 kaydetti.<\/p>\n\n\n\n<p>MTOSB i\u00e7erisinde savunma sanayi sekt\u00f6r\u00fcnde faaliyet g\u00f6steren sanayicilerin kat\u0131l\u0131m\u0131yla bilgilendirme toplant\u0131s\u0131 ger\u00e7ekle\u015ftirildi. Toplant\u0131ya Mersin KOSGEB \u0130l M\u00fcd\u00fcr\u00fc Danyal Peker, Proje Dan\u0131\u015fman\u0131 Ay\u015feg\u00fcl \u00d6zt\u00fcrk, MTOSB B\u00f6lge M\u00fcd\u00fcr\u00fc Halil Y\u0131lmaz, B\u00f6lge M\u00fcd\u00fcr Yard\u0131mc\u0131s\u0131 P\u0131nar \u00d6zal Kan\u0131k ve \u00e7ok say\u0131da sanayici kat\u0131ld\u0131.<\/p>\n\n\n\n<p>Devlet te\u015fviklerinin ve projelendirmelerin nas\u0131l ger\u00e7ekle\u015fmesi gerekti\u011finin anlat\u0131ld\u0131\u011f\u0131 toplant\u0131da konu\u015fan Ba\u015fkan Tekli, &#8216;Devletimiz sanayicilerimize ciddi imk\u00e2nlar sunuyor. Bug\u00fcn burada sizlere nas\u0131l bir yol haritas\u0131 \u00e7izebilece\u011fimiz ile ilgili yetkili ki\u015filerden bilgi almak i\u00e7in bir araya geldik. \u00d6zellikle son y\u0131llarda savunma sanayi alan\u0131nda devletimizin ciddi destekleri oluyor. Bu destekler ile birlikte sanayicilerimiz \u00e7\u0131ta atlayabilir, sekt\u00f6rde s\u00f6z sahibi hale gelebilirler. Ar-Ge konusunda kent olarak ge\u00e7 kald\u0131k, fakat bundan sonraki a\u015famalarda firmalar\u0131m\u0131z\u0131n Ar-Ge&#8217;lerini nas\u0131l geli\u015ftirebilece\u011fimiz konusunda \u00e7al\u0131\u015fmalar yapaca\u011f\u0131z. MTOSB i\u00e7erisinde savunma sanayinde y\u00fckseli\u015f grafi\u011fi \u00e7izen, b\u00fcy\u00fcyen firmalar\u0131m\u0131z var. Bu t\u00fcr toplant\u0131lar ile onlar\u0131n da tecr\u00fcbelerinden yararlan\u0131yoruz. Biz de Mersin Model Fabrika olarak sanayicilerimize katk\u0131da bulunmak istiyoruz. Mersin Model Fabrikam\u0131z\u0131n misyonu g\u00fcn ge\u00e7tik\u00e7e b\u00fcy\u00fcyor&#8217; dedi.<\/p>\n\n\n\n<p>Ba\u015fkan Tekli, &#8216;Sanayicilerimiz savunma sanayi sekt\u00f6r\u00fc i\u00e7in b\u00fcy\u00fck bir heyecan ta\u015f\u0131yorlar. Konsorsiyum olu\u015fturup, \u00e7ok ciddi bir savunma sanayi \u00fcr\u00fcn\u00fc geli\u015ftirmek isteyen sanayicilerimiz var. Bu anlamda da devletimizin sa\u011flad\u0131\u011f\u0131 destekler yine b\u00fcy\u00fck \u00f6nem arz ediyor&#8217; dedi.&nbsp;<\/p>\n","protected":false},"excerpt":{"rendered":"<p>Mersin Tarsus Organize Sanayi B\u00f6lgesi Ba\u015fkan\u0131 Sabri Tekli, Mersinli sanayicilerin savunma sanayi sekt\u00f6r\u00fcnde \u00e7ok b\u00fcy\u00fck bir heyecan ta\u015f\u0131d\u0131\u011f\u0131n\u0131 kaydetti. MTOSB i\u00e7erisinde savunma sanayi sekt\u00f6r\u00fcnde faaliyet g\u00f6steren sanayicilerin kat\u0131l\u0131m\u0131yla bilgilendirme toplant\u0131s\u0131 ger\u00e7ekle\u015ftirildi. Toplant\u0131ya Mersin KOSGEB \u0130l M\u00fcd\u00fcr\u00fc Danyal Peker, Proje Dan\u0131\u015fman\u0131 Ay\u015feg\u00fcl \u00d6zt\u00fcrk, MTOSB B\u00f6lge M\u00fcd\u00fcr\u00fc Halil Y\u0131lmaz, B\u00f6lge M\u00fcd\u00fcr Yard\u0131mc\u0131s\u0131 P\u0131nar \u00d6zal Kan\u0131k ve \u00e7ok [&hellip;]<\/p>\n","protected":false},"author":2,"featured_media":38725,"comment_status":"closed","ping_status":"closed","sticky":false,"template":"","format":"standard","meta":{"footnotes":""},"categories":[7,34,3],"tags":[],"class_list":["post-38724","post","type-post","status-publish","format-standard","has-post-thumbnail","hentry","category-dunya","category-flas-haber","category-manset"],"views":10,"_links":{"self":[{"href":"https:\/\/mersinkadingazetesi.com\/index.php?rest_route=\/wp\/v2\/posts\/38724"}],"collection":[{"href":"https:\/\/mersinkadingazetesi.com\/index.php?rest_route=\/wp\/v2\/posts"}],"about":[{"href":"https:\/\/mersinkadingazetesi.com\/index.php?rest_route=\/wp\/v2\/types\/post"}],"author":[{"embeddable":true,"href":"https:\/\/mersinkadingazetesi.com\/index.php?rest_route=\/wp\/v2\/users\/2"}],"replies":[{"embeddable":true,"href":"https:\/\/mersinkadingazetesi.com\/index.php?rest_route=%2Fwp%2Fv2%2Fcomments&post=38724"}],"version-history":[{"count":1,"href":"https:\/\/mersinkadingazetesi.com\/index.php?rest_route=\/wp\/v2\/posts\/38724\/revisions"}],"predecessor-version":[{"id":38726,"href":"https:\/\/mersinkadingazetesi.com\/index.php?rest_route=\/wp\/v2\/posts\/38724\/revisions\/38726"}],"wp:featuredmedia":[{"embeddable":true,"href":"https:\/\/mersinkadingazetesi.com\/index.php?rest_route=\/wp\/v2\/media\/38725"}],"wp:attachment":[{"href":"https:\/\/mersinkadingazetesi.com\/index.php?rest_route=%2Fwp%2Fv2%2Fmedia&parent=38724"}],"wp:term":[{"taxonomy":"category","embeddable":true,"href":"https:\/\/mersinkadingazetesi.com\/index.php?rest_route=%2Fwp%2Fv2%2Fcategories&post=38724"},{"taxonomy":"post_tag","embeddable":true,"href":"https:\/\/mersinkadingazetesi.com\/index.php?rest_route=%2Fwp%2Fv2%2Ftags&post=38724"}],"curies":[{"name":"wp","href":"https:\/\/api.w.org\/{rel}","templated":true}]}}