{"id":38764,"date":"2025-01-16T15:18:45","date_gmt":"2025-01-16T12:18:45","guid":{"rendered":"https:\/\/mersinkadingazetesi.com\/?p=38764"},"modified":"2025-01-16T15:18:46","modified_gmt":"2025-01-16T12:18:46","slug":"deva-partili-ekmen-israil-utanc-icerisinde-tarihin-onunde-mahkum-olmustur","status":"publish","type":"post","link":"https:\/\/mersinkadingazetesi.com\/?p=38764","title":{"rendered":"DEVA Partili Ekmen: \u0130srail, utan\u00e7 i\u00e7erisinde tarihin \u00f6n\u00fcnde mahk\u00fbm olmu\u015ftur!\u00a0"},"content":{"rendered":"\n<figure class=\"wp-block-table\"><table class=\"has-fixed-layout\"><tbody><tr><td><strong>DEVA Partisi Genel Ba\u015fkan Yard\u0131mc\u0131s\u0131 Mehmet Emin Ekmen, Hamas ve \u0130srail aras\u0131nda var\u0131lan ate\u015fkes anla\u015f<\/strong><strong>mas<\/strong><strong>\u0131n\u0131 TBMM Genel Kurulunda de\u011ferlendirdi.<\/strong><strong>&nbsp;<\/strong><strong>\u0130srail<\/strong><strong>\u2019<\/strong><strong>in masum insanlar\u0131 katletti\u011fini, y\u00fcz binlerce insan\u0131 evinden etti\u011f<\/strong><strong>ini,&nbsp;<\/strong><strong>\u00e7ocuklar\u0131, kad\u0131nlar\u0131, insani yard\u0131m g<\/strong><strong>\u00f6<\/strong><strong>revlilerini&nbsp;<\/strong><strong>\u00f6<\/strong><strong>ld\u00fcrd\u00fc\u011f\u00fcn\u00fc vurgulayan Ekmen, \u0130srail<\/strong><strong>\u2019<\/strong><strong>in utan<\/strong><strong>\u00e7 i\u00e7erisinde tarih&nbsp;<\/strong><strong>\u00f6<\/strong><strong>n\u00fcnde mahk<\/strong><strong>\u00fb<\/strong><strong>m oldu\u011funu s<\/strong><strong>\u00f6<\/strong><strong>yledi. Uluslararas\u0131 toplumu soyk\u0131r\u0131m su\u00e7lular\u0131n\u0131n yarg\u0131lanmas\u0131 i\u00e7in g<\/strong><strong>\u00f6<\/strong><strong>reve&nbsp;<\/strong><strong>\u00e7a\u011f\u0131ran Ekmen,&nbsp;<\/strong><strong>\u201c<\/strong><strong>Adalet Bakan\u0131m\u0131z Say\u0131n Y\u0131lmaz Tun\u00e7\u2019a, Binyamin Netanyahu ve soyk\u0131r\u0131m kabinesi hakk\u0131nda yap\u0131lm\u0131\u015f olan binin \u00fczerindeki su\u00e7 duyurusunun i\u015fleme al\u0131nmas\u0131 i\u00e7in izin vermesi gerekti\u011fini bir kere daha hat\u0131rlat\u0131yoruz\u201d dedi.&nbsp;<\/strong>&nbsp;&nbsp;DEVA Partisi Genel Ba\u015fkan Yard\u0131mc\u0131s\u0131 ve Mersin Milletvekili Mehmet Emin Ekmen, Gazze&#8217;deki ate\u015fkes karar\u0131n\u0131n ilan\u0131n\u0131n ard\u0131ndan T\u00fcrkiye B\u00fcy\u00fck Millet Meclisi (TBMM) Genel Kurulunda s\u00f6z alarak, \u0130srail\u2019in Gazze\u2019ye y\u00f6nelik sald\u0131r\u0131lar\u0131n\u0131n tarih&nbsp;\u00f6n\u00fcnde mahk\u00fbm oldu\u011funu vurgulad\u0131.&nbsp;<strong>\u201c\u0130srail, tarih \u00f6n\u00fcnde&nbsp;<\/strong><strong>mahk\u00fbm&nbsp;olmu\u015ftur!\u201d<\/strong>Ekmen, uluslararas\u0131 toplumu soyk\u0131r\u0131m su\u00e7lular\u0131n\u0131n yarg\u0131lanmas\u0131 i\u00e7in g\u00f6reve&nbsp;\u00e7a\u011f\u0131rarak,&nbsp;\u201cOn binlerce masum insan\u0131 katleden, y\u00fcz binlerce insan\u0131 evinden eden, \u00e7ocuklar\u0131, kad\u0131nlar\u0131, doktorlar\u0131, insani yard\u0131m g\u00f6revlilerini ve gazetecileri dahi&nbsp;\u00f6ld\u00fcren&nbsp;\u0130srail yenememi\u015ftir, kesin bir zafer ilan edememi\u015ftir. \u0130srail, utan\u00e7 i\u00e7erisinde tarihin&nbsp;\u00f6n\u00fcnde mahk\u00fbm olmu\u015ftur ve mahk\u00fbm olacakt\u0131r\u201d diye konu\u015ftu.&nbsp;<strong>\u201cSoyk\u0131r\u0131ma destek verenler de tarih \u00f6n\u00fcnde yarg\u0131lanacakt\u0131r\u201d<\/strong>Gazze\u2019de ya\u015fanan insanl\u0131k su\u00e7lar\u0131na dikkat \u00e7eken Ekmen, sorumlular\u0131n yarg\u0131lanmas\u0131 gerekti\u011fine dikkat \u00e7ekerek,&nbsp;\u201cSadece \u0130srail de\u011fil, bu soyk\u0131r\u0131ma destek olan Amerika, Avrupa Birli\u011fi; bu soyk\u0131r\u0131m\u0131 engellemeyen Birle\u015fmi\u015f Milletler, \u0130slam \u0130\u015fbirli\u011fi Te\u015fkilat\u0131 ve NATO da mahk\u00fbm olmu\u015flard\u0131r ve tarih bunlar\u0131 yarg\u0131layacakt\u0131r\u201d ifadelerini kulland\u0131.&nbsp;<strong>\u201cUluslararas\u0131 toplum, sorumlulu\u011funu yerine getirmelidir\u201d<\/strong>Uluslararas\u0131 toplumun Gazze\u2019nin aya\u011fa kald\u0131r\u0131lmas\u0131 i\u00e7in sorumlulu\u011fa davet eden Ekmen, \u015f\u00f6yle devam etti:&nbsp;&nbsp;\u201c\u015eimdi, bu soyk\u0131r\u0131m\u0131 engelleyemeyen uluslararas\u0131 toplumun, Birle\u015fmi\u015f Milletler kararlar\u0131na uygun bir \u015fekilde \u0130srail i\u015fgalcili\u011fini sona erdirme, soyk\u0131r\u0131m su\u00e7lular\u0131n\u0131 yarg\u0131lama ve Gazze&#8217;yi yeniden in\u015fa etme sorumlulu\u011funun ba\u015flang\u0131\u00e7 zaman\u0131d\u0131r. Tabii ki bunun kal\u0131c\u0131 bir bar\u0131\u015f anla\u015fmas\u0131na d\u00f6n\u00fc\u015fmesinin e\u015fi\u011finde oldu\u011fumuzu d\u00fc\u015f\u00fcn\u00fcyoruz.\u201d&nbsp;<strong>\u201cNetanyahu ve kabinesi hakk\u0131nda su\u00e7 duyurular\u0131 i\u015fleme al\u0131nmal\u0131d\u0131r\u201d<\/strong>Adalet Bakan\u0131&nbsp;Y\u0131lmaz Tun\u00e7\u2019u \u0130srail&#8217;in i\u015fledi\u011fi soyk\u0131r\u0131m su\u00e7uyla ilgili harekete ge\u00e7mesi i\u00e7in g\u00f6reve davet eden Ekmen, \u015funlar\u0131 kaydetti:&nbsp;\u201cSon olarak da Adalet Bakan\u0131m\u0131z Say\u0131n Y\u0131lmaz Tun\u00e7\u2019a, Binyamin Netanyahu ve soyk\u0131r\u0131m kabinesi hakk\u0131nda yap\u0131lm\u0131\u015f olan binin \u00fczerindeki su\u00e7 duyurusunun i\u015fleme al\u0131nmas\u0131 i\u00e7in izin vermesi gerekti\u011fini bir kere daha hat\u0131rlat\u0131yoruz.\u201d<\/td><\/tr><\/tbody><\/table><\/figure>\n","protected":false},"excerpt":{"rendered":"<p>DEVA Partisi Genel Ba\u015fkan Yard\u0131mc\u0131s\u0131 Mehmet Emin Ekmen, Hamas ve \u0130srail aras\u0131nda var\u0131lan ate\u015fkes anla\u015fmas\u0131n\u0131 TBMM Genel Kurulunda de\u011ferlendirdi.&nbsp;\u0130srail\u2019in masum insanlar\u0131 katletti\u011fini, y\u00fcz binlerce insan\u0131 evinden etti\u011fini,&nbsp;\u00e7ocuklar\u0131, kad\u0131nlar\u0131, insani yard\u0131m g\u00f6revlilerini&nbsp;\u00f6ld\u00fcrd\u00fc\u011f\u00fcn\u00fc vurgulayan Ekmen, \u0130srail\u2019in utan\u00e7 i\u00e7erisinde tarih&nbsp;\u00f6n\u00fcnde mahk\u00fbm oldu\u011funu s\u00f6yledi. Uluslararas\u0131 toplumu soyk\u0131r\u0131m su\u00e7lular\u0131n\u0131n yarg\u0131lanmas\u0131 i\u00e7in g\u00f6reve&nbsp;\u00e7a\u011f\u0131ran Ekmen,&nbsp;\u201cAdalet Bakan\u0131m\u0131z Say\u0131n Y\u0131lmaz Tun\u00e7\u2019a, Binyamin Netanyahu ve [&hellip;]<\/p>\n","protected":false},"author":2,"featured_media":38529,"comment_status":"closed","ping_status":"closed","sticky":false,"template":"","format":"standard","meta":{"footnotes":""},"categories":[3],"tags":[],"class_list":["post-38764","post","type-post","status-publish","format-standard","has-post-thumbnail","hentry","category-manset"],"views":5,"_links":{"self":[{"href":"https:\/\/mersinkadingazetesi.com\/index.php?rest_route=\/wp\/v2\/posts\/38764"}],"collection":[{"href":"https:\/\/mersinkadingazetesi.com\/index.php?rest_route=\/wp\/v2\/posts"}],"about":[{"href":"https:\/\/mersinkadingazetesi.com\/index.php?rest_route=\/wp\/v2\/types\/post"}],"author":[{"embeddable":true,"href":"https:\/\/mersinkadingazetesi.com\/index.php?rest_route=\/wp\/v2\/users\/2"}],"replies":[{"embeddable":true,"href":"https:\/\/mersinkadingazetesi.com\/index.php?rest_route=%2Fwp%2Fv2%2Fcomments&post=38764"}],"version-history":[{"count":1,"href":"https:\/\/mersinkadingazetesi.com\/index.php?rest_route=\/wp\/v2\/posts\/38764\/revisions"}],"predecessor-version":[{"id":38765,"href":"https:\/\/mersinkadingazetesi.com\/index.php?rest_route=\/wp\/v2\/posts\/38764\/revisions\/38765"}],"wp:featuredmedia":[{"embeddable":true,"href":"https:\/\/mersinkadingazetesi.com\/index.php?rest_route=\/wp\/v2\/media\/38529"}],"wp:attachment":[{"href":"https:\/\/mersinkadingazetesi.com\/index.php?rest_route=%2Fwp%2Fv2%2Fmedia&parent=38764"}],"wp:term":[{"taxonomy":"category","embeddable":true,"href":"https:\/\/mersinkadingazetesi.com\/index.php?rest_route=%2Fwp%2Fv2%2Fcategories&post=38764"},{"taxonomy":"post_tag","embeddable":true,"href":"https:\/\/mersinkadingazetesi.com\/index.php?rest_route=%2Fwp%2Fv2%2Ftags&post=38764"}],"curies":[{"name":"wp","href":"https:\/\/api.w.org\/{rel}","templated":true}]}}