{"id":38766,"date":"2025-01-16T15:21:13","date_gmt":"2025-01-16T12:21:13","guid":{"rendered":"https:\/\/mersinkadingazetesi.com\/?p=38766"},"modified":"2025-01-16T15:21:14","modified_gmt":"2025-01-16T12:21:14","slug":"mersin-barosu-akademi-adli-hakemli-dergi-icin-is-birligi-protokolu-imzalandi","status":"publish","type":"post","link":"https:\/\/mersinkadingazetesi.com\/?p=38766","title":{"rendered":"&#8220;MERS\u0130N BAROSU AKADEM\u0130&#8221; ADLI HAKEML\u0130 DERG\u0130 \u0130\u00c7\u0130N \u0130\u015e B\u0130RL\u0130\u011e\u0130 PROTOKOL\u00dc \u0130MZALANDI"},"content":{"rendered":"\n<p>&#8220;Mersin Barosu Akademi Dergisi&#8221; adl\u0131 hakemli derginin haz\u0131rlanmas\u0131 ve yay\u0131mlanmas\u0131 amac\u0131yla, Mersin Barosu Yay\u0131n ve Bilimsel \u00c7al\u0131\u015fmalar Komisyonu ile \u00c7a\u011f \u00dcniversitesi aras\u0131nda i\u015f birli\u011fi protokol\u00fc imzaland\u0131.<\/p>\n\n\n\n<p>Mersin Barosu&#8217;nu ziyaret eden \u00c7a\u011f \u00dcniversitesi Dekan\u0131 Prof. Dr. Y\u00fccel Ertekin, Mersin Barosu Sayman\u0131 Av. Rauf Sina Aycan, y\u00f6netim kurulu \u00fcyesi Av. Cemil Yeral, Yay\u0131n ve Mersin Barosu Bilimsel \u00c7al\u0131\u015fmalar Komisyonu Ba\u015fkan\u0131 Av. \u0130smail Karadana ile bir araya gelerek, i\u015f birli\u011fi protokol\u00fc kapsam\u0131nda mesleki ve bilimsel i\u00e7erikli haz\u0131rlanacak olan &#8220;Mersin Barosu Akademi Dergisi&#8221; adl\u0131 hakemli derginin i\u00e7eri\u011fi hakk\u0131nda fikir al\u0131\u015fveri\u015fi yapt\u0131.<\/p>\n\n\n\n<p>Mersin Barosu&#8217;nda hakemli dergiyi ilk kez ve en k\u0131sa zamanda avukatlar\u0131n okuruna sunmak i\u00e7in \u00e7al\u0131\u015fmalara ba\u015flanaca\u011f\u0131n\u0131 s\u00f6yleyen komisyon ba\u015fkan\u0131 Av. \u0130smail Karadana, hukuk\u00e7ular\u0131n, bilim insanlar\u0131n\u0131n ve akademisyenlerin yaz\u0131lar\u0131n\u0131n yer alaca\u011f\u0131 derginin hukuk camias\u0131na \u0131\u015f\u0131k tutaca\u011f\u0131na inand\u0131\u011f\u0131n\u0131 ifade ederek, \u00c7a\u011f \u00dcniversitesi y\u00f6netimine katk\u0131lar\u0131 i\u00e7in te\u015fekk\u00fcr etti.<\/p>\n\n\n\n<p>\u00c7a\u011f \u00dcniversitesi Dekan\u0131 Prof. Dr. Y\u00fccel Ertekin ise, bilimsel \u00e7al\u0131\u015fmalarda iki kurumun i\u015f birli\u011fi i\u00e7erisinde \u00e7al\u0131\u015fmalar yapmas\u0131n\u0131n \u00f6nemli oldu\u011funu belirterek, hukuk\u00e7ulara ve gelece\u011fin hukuk\u00e7ular\u0131na yol g\u00f6sterici nitelikte olan derginin \u00e7al\u0131\u015fmalar\u0131na en k\u0131sa zamanda ba\u015flayacak olmalar\u0131ndan mutluluk duydu\u011funu ifade etti.<\/p>\n","protected":false},"excerpt":{"rendered":"<p>&#8220;Mersin Barosu Akademi Dergisi&#8221; adl\u0131 hakemli derginin haz\u0131rlanmas\u0131 ve yay\u0131mlanmas\u0131 amac\u0131yla, Mersin Barosu Yay\u0131n ve Bilimsel \u00c7al\u0131\u015fmalar Komisyonu ile \u00c7a\u011f \u00dcniversitesi aras\u0131nda i\u015f birli\u011fi protokol\u00fc imzaland\u0131. Mersin Barosu&#8217;nu ziyaret eden \u00c7a\u011f \u00dcniversitesi Dekan\u0131 Prof. Dr. Y\u00fccel Ertekin, Mersin Barosu Sayman\u0131 Av. Rauf Sina Aycan, y\u00f6netim kurulu \u00fcyesi Av. Cemil Yeral, Yay\u0131n ve Mersin Barosu Bilimsel [&hellip;]<\/p>\n","protected":false},"author":2,"featured_media":38767,"comment_status":"closed","ping_status":"closed","sticky":false,"template":"","format":"standard","meta":{"footnotes":""},"categories":[3],"tags":[],"class_list":["post-38766","post","type-post","status-publish","format-standard","has-post-thumbnail","hentry","category-manset"],"views":4,"_links":{"self":[{"href":"https:\/\/mersinkadingazetesi.com\/index.php?rest_route=\/wp\/v2\/posts\/38766"}],"collection":[{"href":"https:\/\/mersinkadingazetesi.com\/index.php?rest_route=\/wp\/v2\/posts"}],"about":[{"href":"https:\/\/mersinkadingazetesi.com\/index.php?rest_route=\/wp\/v2\/types\/post"}],"author":[{"embeddable":true,"href":"https:\/\/mersinkadingazetesi.com\/index.php?rest_route=\/wp\/v2\/users\/2"}],"replies":[{"embeddable":true,"href":"https:\/\/mersinkadingazetesi.com\/index.php?rest_route=%2Fwp%2Fv2%2Fcomments&post=38766"}],"version-history":[{"count":1,"href":"https:\/\/mersinkadingazetesi.com\/index.php?rest_route=\/wp\/v2\/posts\/38766\/revisions"}],"predecessor-version":[{"id":38768,"href":"https:\/\/mersinkadingazetesi.com\/index.php?rest_route=\/wp\/v2\/posts\/38766\/revisions\/38768"}],"wp:featuredmedia":[{"embeddable":true,"href":"https:\/\/mersinkadingazetesi.com\/index.php?rest_route=\/wp\/v2\/media\/38767"}],"wp:attachment":[{"href":"https:\/\/mersinkadingazetesi.com\/index.php?rest_route=%2Fwp%2Fv2%2Fmedia&parent=38766"}],"wp:term":[{"taxonomy":"category","embeddable":true,"href":"https:\/\/mersinkadingazetesi.com\/index.php?rest_route=%2Fwp%2Fv2%2Fcategories&post=38766"},{"taxonomy":"post_tag","embeddable":true,"href":"https:\/\/mersinkadingazetesi.com\/index.php?rest_route=%2Fwp%2Fv2%2Ftags&post=38766"}],"curies":[{"name":"wp","href":"https:\/\/api.w.org\/{rel}","templated":true}]}}