{"id":38769,"date":"2025-01-16T18:04:59","date_gmt":"2025-01-16T15:04:59","guid":{"rendered":"https:\/\/mersinkadingazetesi.com\/?p=38769"},"modified":"2025-01-16T18:04:59","modified_gmt":"2025-01-16T15:04:59","slug":"toroslarin-ilk-okuma-salonu-ve-kutuphanesi-acildi","status":"publish","type":"post","link":"https:\/\/mersinkadingazetesi.com\/?p=38769","title":{"rendered":"TOROSLAR&#8217;IN \u0130LK OKUMA SALONU VE K\u00dcT\u00dcPHANES\u0130 A\u00c7ILDI"},"content":{"rendered":"\n<p>Toroslar Belediye Ba\u015fkan\u0131 Abdurrahman Y\u0131ld\u0131z, 30 y\u0131l \u00f6nce kurulmas\u0131na ra\u011fmen bug\u00fcne kadar hi\u00e7 okuma salonu olmayan il\u00e7enin ilk okuma salonu ve k\u00fct\u00fcphanesini hizmete a\u00e7t\u0131. \u00d6n\u00fcm\u00fczdeki aylarda yeni okuma salonlar\u0131, k\u00fct\u00fcphaneler ve kre\u015fler a\u00e7maya devam edeceklerini s\u00f6yleyen Ba\u015fkan Y\u0131ld\u0131z, &#8220;1 Nisan 2024&#8217;ten itibaren Toroslar&#8217;da yeni bir takvim i\u015flemeye, yeni bir saat d\u00f6nmeye ba\u015flad\u0131. \u0130\u015fte bu okuma salonu bu yeni takvimin, bu yeni saatin bir \u00fcr\u00fcn\u00fcd\u00fcr&#8221; dedi. Akbelen Mahallesindeki okuma salonunda \u00f6\u011frenciler, alan\u0131nda uzman \u00f6\u011fretmenlerin nezaretinde ders \u00e7al\u0131\u015facak, et\u00fct yapacak. \u00d6\u011frencilere \u00e7ay ve kek de ikram edilecek.<\/p>\n\n\n\n<p>Toroslar Belediyesinin e\u011fitime, sosyal, k\u00fclt\u00fcrel hayata ili\u015fkin yat\u0131r\u0131m ve projeleri devam ediyor. Ge\u00e7ti\u011fimiz aylarda il\u00e7enin ilk kre\u015fini hizmete a\u00e7an, taziye ve k\u00fclt\u00fcr evleri yapan Toroslar Belediyesi, 1994 y\u0131l\u0131nda kurulan il\u00e7enin ilk okuma salonu ve k\u00fct\u00fcphanesini de Akbelen Mahallesinde hizmete a\u00e7t\u0131. Okuma salonu ve k\u00fct\u00fcphaneden \u00f6\u011frenciler \u00fccretsiz olarak faydalanacak.<\/p>\n\n\n\n<p>K\u00fct\u00fcphanede g\u00f6revli T\u00fcrk\u00e7e, matematik ve fen bilgisi \u00f6\u011fretmenleri \u00f6\u011frencilerin \u00f6devlerinde onlara yard\u0131mc\u0131 olacak. Okuma salonu ve k\u00fct\u00fcphaneden faydalanan \u00f6\u011frencilere \u00e7ay ve kek de ikram edilecek.<\/p>\n\n\n\n<p>A\u00e7\u0131l\u0131\u015f t\u00f6reninde konu\u015fan Akbelen Mahalle Muhtar\u0131 Merve Meral \u0130nce, &#8220;Biz kad\u0131n muhtarlar olarak, kad\u0131n\u0131 temsil eden ki\u015fi olarak, okuma yazmay\u0131 bilmeyen kad\u0131nlar\u0131m\u0131z\u0131n ve \u00e7ocuklar\u0131m\u0131z\u0131n dersli\u011fi olsun diye m\u00fccadele etmeye karar verdik. Ve sa\u011folsun ba\u015fkan\u0131m\u0131z\u0131n \u00f6nderli\u011finde bug\u00fcn burada toplanmam\u0131z\u0131n nedeni olan okuma salonunu a\u00e7\u0131yoruz&#8221; dedi.<\/p>\n\n\n\n<p><strong>&#8220;TOROSLAR&#8217;IN YEN\u0130 SAAT\u0130 DAHA HIZLI D\u00d6NMEYE BA\u015eLAYACAK&#8221;<\/strong><\/p>\n\n\n\n<p>Toroslar Belediye Ba\u015fkan\u0131 Abdurrahman Y\u0131ld\u0131z da &#8220;1 Nisan 2024&#8217;ten itibaren Toroslar&#8217;da yeni bir takvim i\u015flemeye, yeni bir saat d\u00f6nmeye ba\u015flad\u0131. \u0130\u015fte bu okuma salonu bu yeni takvimin, bu yeni saatin bir \u00fcr\u00fcn\u00fcd\u00fcr. 10 ayd\u0131r Toroslar Belediyesini y\u00f6netiyoruz. Toroslar Belediyesinin \u00e7ok ciddi, birikmi\u015f bor\u00e7lar\u0131 vard\u0131.&nbsp; 2024 b\u00fct\u00e7esinden \u00e7ok daha fazla bizde devredilmi\u015f bor\u00e7lar vard\u0131. \u015eimdi size m\u00fcjdeyi veriyorum. S\u0131k\u0131 finansal tutumuz sayesinde bor\u00e7lar\u0131m\u0131z\u0131n neredeyse yar\u0131s\u0131n\u0131 \u00f6dedik. Art\u0131k, bundan sonra \u00f6n\u00fcm\u00fczde birka\u00e7 tane yap\u0131sal problemimiz kald\u0131. Bunlardan bir tanesi Sosyal G\u00fcvenlik Kurumuna olan borcumuz. Bunu da in\u015fallah \u00e7ok yak\u0131n zaman i\u00e7inde belli anla\u015fmalarla, uzla\u015fmalarla \u00e7\u00f6zece\u011fiz.&nbsp; Dolay\u0131s\u0131yla bu yap\u0131sal sorunu da \u00e7\u00f6zd\u00fckten sonra emin olun Toroslar&#8217;\u0131n yeni saati daha h\u0131zl\u0131 d\u00f6nmeye ba\u015flayacak. Hem k\u0131rsal mahallelerimizde hem merkez mahallelerimizde hizmetlerimizin bundan sonra \u00e7ok daha h\u0131zl\u0131 yap\u0131lmaya ba\u015flanacak&#8221; dedi.<\/p>\n\n\n\n<p><strong>&#8220;TOROSLAR CANLANACAK&#8221;<\/strong><\/p>\n\n\n\n<p>\u00d6n\u00fcm\u00fczdeki 2 y\u0131l i\u00e7inde Toroslar&#8217;\u0131n temizlik, yol, asfalt sorunu kalmayaca\u011f\u0131na, bu sorunlar\u0131n tarih olaca\u011f\u0131na de\u011finen Ba\u015fkan Y\u0131ld\u0131z,&nbsp; &#8220;Hatta sadece bu meseleler tarih olmayacak. Uzunca bir zamand\u0131r otel gibi kullan\u0131lan Toroslar tek bir bankamatik kutusu i\u00e7in, tek bir postane \u015fubesi i\u00e7in insanlar\u0131n yalvar yakar oldu\u011fu bir il\u00e7e olmaktan \u00e7\u0131kacak. Her g\u00fcn binlerce, on binlerce y\u00fcz binlerce insan\u0131n i\u015fini g\u00f6rmek i\u00e7in girip \u00e7\u0131kt\u0131\u011f\u0131 bir il\u00e7e haline gelecek&#8221; ifadelerini kulland\u0131.<\/p>\n\n\n\n<p><strong>&#8220;SANK\u0130 H\u0130\u00c7 \u00d6\u011eRENC\u0130 YOKMU\u015e G\u0130B\u0130, B\u0130R K\u00dcT\u00dcPHANE B\u0130LE YOKTU&#8221;<\/strong><\/p>\n\n\n\n<p>Toroslar Belediyesinin art\u0131k durgun devrinden \u00e7\u0131kt\u0131\u011f\u0131n\u0131 ifade eden Ba\u015fkan Y\u0131ld\u0131z, &#8220;Hi\u00e7 kimsenin Toroslar Belediyesinin potansiyelini g\u00f6rmedi\u011fi, potansiyelinin fark\u0131nda olmad\u0131\u011f\u0131 d\u00f6nemleri geride b\u0131rakt\u0131. Toroslar Belediyesi hep s\u00f6yledik, \u00e7ok g\u00fc\u00e7l\u00fc bir belediye, potansiyeli \u00e7ok y\u00fcksek bir belediye, b\u00fct\u00e7esi \u00e7ok varl\u0131kl\u0131 bir belediye, \u00e7ok zengin bir belediye. Tek sorunu vard\u0131. Bu g\u00fc\u00e7lerin toplam\u0131n\u0131 bir vizyonla, bir y\u00f6netim anlay\u0131\u015f\u0131yla Toroslar insan\u0131n\u0131n hizmetine sunabilecek bir anlay\u0131\u015ftan yoksundu, i\u015fte \u015f\u00fck\u00fcrler olsun ki 1 Nisan&#8217;dan itibaren o vizyona da kavu\u015ftu. Bug\u00fcn burada Akbelen Okuma Salonumuzu a\u00e7\u0131yoruz. Akbelen Okuma Salonumuz bizim i\u00e7in \u00f6nemli. Niye, Toroslar&#8217;da bir tane bile k\u00fct\u00fcphane yoktu? Bir tane bile gezici k\u00fct\u00fcphane yoktu. Buralar sanki hi\u00e7 kimsenin ya\u015famad\u0131\u011f\u0131, hi\u00e7bir \u00f6\u011frencinin olmad\u0131\u011f\u0131 yermi\u015f gibi alg\u0131land\u0131 bug\u00fcne kadar. Hep g\u00f6z ard\u0131 edildi. \u0130\u015fte biz \u015fimdi ba\u015flad\u0131k. Akbelen Okuma Salonuyla ba\u015flad\u0131k. \u015eimdi in\u015faat\u0131 bitti, temizli\u011fi bitti, en ge\u00e7 15 g\u00fcn i\u00e7erisinde Sel\u00e7uklar Mahallemizdeki okuma salonumuzu da a\u00e7aca\u011f\u0131z.&nbsp; Ard\u0131ndan haz\u0131r a\u00e7\u0131l\u0131\u015f\u0131n\u0131 bekleyen 3 tane kre\u015fimiz, taziye evimiz var. Bu taziye evlerimizi a\u00e7aca\u011f\u0131z. \u015eubat ba\u015f\u0131nda kre\u015fimizi a\u00e7aca\u011f\u0131z. Yani Toroslarda art\u0131k her hafta Toroslar\u0131n hizmetine girecek olan bir sosyal tesisimizi a\u00e7aca\u011f\u0131z. Ayn\u0131 zamanda bunlar\u0131 yaparken de bor\u00e7lar\u0131m\u0131z\u0131 \u00f6deyece\u011fiz, \u00f6dedik ve i\u015flerimizi temel belediyecilik hizmetlerimizi de aksatmayaca\u011f\u0131z, sosyal yard\u0131mlar\u0131m\u0131z\u0131 da aksatmayaca\u011f\u0131z&#8221; dedi.<\/p>\n\n\n\n<p><strong>&#8220;\u00c7OCUKLARI HER G\u00dcN BEKL\u0130YORUZ&#8221;<\/strong><\/p>\n\n\n\n<p>A\u00e7\u0131l\u0131\u015f t\u00f6renine kat\u0131lan CHP Mersin Milletvekili Hasan Ufuk \u00c7ak\u0131r ile Mersin B\u00fcy\u00fck\u015fehir Belediyesi Ba\u015fkanvekili Hamit Mert Avc\u0131 da s\u00f6z alarak okuma salonu ve k\u00fct\u00fcphanenin hay\u0131rl\u0131 olmas\u0131n\u0131 temennisini dile getirdi.<\/p>\n\n\n\n<p>A\u00e7\u0131l\u0131\u015f kurdelesinin kesilmesinin ard\u0131ndan ilkokul \u00f6\u011frencisi \u00e7ocuklarla Okuma Salonu ve K\u00fct\u00fcphanede sohbet eden Ba\u015fkan Y\u0131ld\u0131z, \u00f6\u011frencileri okul \u00e7\u0131k\u0131\u015flar\u0131nda ders \u00e7al\u0131\u015fmak ve kitap okumak i\u00e7in okuma salonuna davet etti.<\/p>\n","protected":false},"excerpt":{"rendered":"<p>Toroslar Belediye Ba\u015fkan\u0131 Abdurrahman Y\u0131ld\u0131z, 30 y\u0131l \u00f6nce kurulmas\u0131na ra\u011fmen bug\u00fcne kadar hi\u00e7 okuma salonu olmayan il\u00e7enin ilk okuma salonu ve k\u00fct\u00fcphanesini hizmete a\u00e7t\u0131. \u00d6n\u00fcm\u00fczdeki aylarda yeni okuma salonlar\u0131, k\u00fct\u00fcphaneler ve kre\u015fler a\u00e7maya devam edeceklerini s\u00f6yleyen Ba\u015fkan Y\u0131ld\u0131z, &#8220;1 Nisan 2024&#8217;ten itibaren Toroslar&#8217;da yeni bir takvim i\u015flemeye, yeni bir saat d\u00f6nmeye ba\u015flad\u0131. \u0130\u015fte bu okuma [&hellip;]<\/p>\n","protected":false},"author":2,"featured_media":38770,"comment_status":"closed","ping_status":"closed","sticky":false,"template":"","format":"standard","meta":{"footnotes":""},"categories":[34,1,2,3],"tags":[],"class_list":["post-38769","post","type-post","status-publish","format-standard","has-post-thumbnail","hentry","category-flas-haber","category-genel","category-gundem","category-manset"],"views":7,"_links":{"self":[{"href":"https:\/\/mersinkadingazetesi.com\/index.php?rest_route=\/wp\/v2\/posts\/38769"}],"collection":[{"href":"https:\/\/mersinkadingazetesi.com\/index.php?rest_route=\/wp\/v2\/posts"}],"about":[{"href":"https:\/\/mersinkadingazetesi.com\/index.php?rest_route=\/wp\/v2\/types\/post"}],"author":[{"embeddable":true,"href":"https:\/\/mersinkadingazetesi.com\/index.php?rest_route=\/wp\/v2\/users\/2"}],"replies":[{"embeddable":true,"href":"https:\/\/mersinkadingazetesi.com\/index.php?rest_route=%2Fwp%2Fv2%2Fcomments&post=38769"}],"version-history":[{"count":1,"href":"https:\/\/mersinkadingazetesi.com\/index.php?rest_route=\/wp\/v2\/posts\/38769\/revisions"}],"predecessor-version":[{"id":38771,"href":"https:\/\/mersinkadingazetesi.com\/index.php?rest_route=\/wp\/v2\/posts\/38769\/revisions\/38771"}],"wp:featuredmedia":[{"embeddable":true,"href":"https:\/\/mersinkadingazetesi.com\/index.php?rest_route=\/wp\/v2\/media\/38770"}],"wp:attachment":[{"href":"https:\/\/mersinkadingazetesi.com\/index.php?rest_route=%2Fwp%2Fv2%2Fmedia&parent=38769"}],"wp:term":[{"taxonomy":"category","embeddable":true,"href":"https:\/\/mersinkadingazetesi.com\/index.php?rest_route=%2Fwp%2Fv2%2Fcategories&post=38769"},{"taxonomy":"post_tag","embeddable":true,"href":"https:\/\/mersinkadingazetesi.com\/index.php?rest_route=%2Fwp%2Fv2%2Ftags&post=38769"}],"curies":[{"name":"wp","href":"https:\/\/api.w.org\/{rel}","templated":true}]}}