{"id":38790,"date":"2025-01-17T13:26:31","date_gmt":"2025-01-17T10:26:31","guid":{"rendered":"https:\/\/mersinkadingazetesi.com\/?p=38790"},"modified":"2025-01-17T13:26:32","modified_gmt":"2025-01-17T10:26:32","slug":"deva-partili-ekmen-gunduz-kusagi-yayinlarina-tepki-gosterdi-her-gun-milyonlarca-eve-kanalizasyon-akitiliyor","status":"publish","type":"post","link":"https:\/\/mersinkadingazetesi.com\/?p=38790","title":{"rendered":"DEVA Partili Ekmen, g\u00fcnd\u00fcz ku\u015fa\u011f\u0131 yay\u0131nlar\u0131na tepki g\u00f6sterdi: Her g\u00fcn milyonlarca eve kanalizasyon ak\u0131t\u0131l\u0131yor!\u00a0"},"content":{"rendered":"\n<p><strong>DEVA Partisi Genel Ba\u015fkan Yard\u0131mc\u0131s\u0131 Mehmet Emin Ekmen, Cumhurba\u015fkan\u0131 Erdo\u011fan\u2019\u0131<\/strong><strong>n 2025 y<\/strong><strong>\u0131l\u0131n\u0131 \u2018Aile Y\u0131l\u0131\u2019 ilan etmesine ra\u011f<\/strong><strong>men h<\/strong><strong>\u00fck\u00fcmete yak\u0131n kanallarda aile kurumunu, kad\u0131n\u0131&nbsp;<\/strong><strong>ve&nbsp;<\/strong><strong>\u00e7ocuklar\u0131 hedef alan g\u00fcnd\u00fcz ku\u015fa\u011f\u0131 yay\u0131nlar\u0131n\u0131n s\u00fcrmesine tepki g<\/strong><strong>\u00f6<\/strong><strong>sterdi.&nbsp;<\/strong><strong>&nbsp;<\/strong><strong>H\u00fck\u00fcmete ve Cumhurba\u015fkan\u0131 Erdo\u011fan<\/strong><strong>\u2019<\/strong><strong>a yak\u0131n televizyonlarda i\u015flenen \u2018ahlaks\u0131z yay\u0131nlar\u0131\u2019 tek tek s\u0131ralayan Ekmen, s<\/strong><strong>\u00f6<\/strong><strong>z konusu yay\u0131nlara kamu bankalar\u0131n\u0131n reklam vermesine ve RT<\/strong><strong>\u00dc<\/strong><strong>K\u2019\u00fcn herhangi bir ceza uygulamamas\u0131na tepki g<\/strong><strong>\u00f6<\/strong><strong>stererek,&nbsp;<\/strong><strong>\u201c<\/strong><strong>Kamu bankalar\u0131n\u0131n ayakta tuttu\u011fu bir kanal, Cumhurba\u015fkan\u0131n\u0131<\/strong><strong>n d<\/strong><strong>\u00fcn\u00fcr\u00fcn\u00fcn y<\/strong><strong>\u00f6<\/strong><strong>netti\u011fi bir kanal, Birg\u00fcn bu yay\u0131nlar\u0131n tek birini k\u0131z\u0131n\u0131zla, e\u015finizle birlikte izleyebilirseniz buna m\u00fcsaade edin. Konu\u015fmamdan Rahats\u0131z oluyorsunuz ama her g\u00fcn milyonlarca eve bu kanalizasyon ak\u0131t\u0131l\u0131yor\u201d dedi.&nbsp;<\/strong><\/p>\n\n\n\n<p>DEVA Partisi Genel Ba\u015fkan Yard\u0131mc\u0131s\u0131 ve Mersin Milletvekili Mehmet Emin Ekmen, Cumhurba\u015fkan\u0131 Recep Tayyip Erdo\u011fan\u2019\u0131n 2025 y\u0131l\u0131n\u0131 \u2018Aile Y\u0131l\u0131\u2019 ilan etmesine ra\u011fmen h\u00fck\u00fcmete yak\u0131n kanalarda vicdanlar\u0131 rahats\u0131z eden g\u00fcnd\u00fcz ku\u015fa\u011f\u0131 yay\u0131nlar\u0131 tek tek T\u00fcrkiye B\u00fcy\u00fck Millet Meclisi (TBMM) Genel Kurulunda if\u015fa ederek, AK Parti milletvekillerini s\u00f6z konusu yay\u0131nlar nedeniyle ele\u015ftirdi.&nbsp;<br><\/p>\n\n\n\n<p><strong>G\u00fcnd\u00fcz ku\u015fa\u011f\u0131 yay\u0131nlar\u0131 \u00f6ncelikle kad\u0131n\u0131 hedef al\u0131yor!<\/strong><\/p>\n\n\n\n<p>Ekmen, AK Parti milletvekillerinin vicdanlar\u0131na seslendi\u011finin alt\u0131n\u0131 \u00e7izerek, Cumhurba\u015fkan\u0131 Erdo\u011fan\u2019\u0131n \u2018Aile Y\u0131l\u0131\u2019 konu\u015fmas\u0131nda Netflix gibi \u015fifreli yay\u0131nlar\u0131 ele\u015ftirdi\u011fini hat\u0131rlatt\u0131. Ekmen&nbsp;\u201cG\u00fcnd\u00fcz ku\u015fa\u011f\u0131 diye bilinen,&nbsp;\u00f6nemli bir k\u0131sm\u0131 kamu \u015firketleriyle fonlanan televizyon yay\u0131nlar\u0131n\u0131n h\u00e2li p\u00fcrmelaline hep beraber bakal\u0131m. RT\u00dcK&#8217;\u00fcn g\u00f6rmezden geldi\u011fi, nadiren uyar\u0131 verdi\u011fi, \u00e7o\u011fu zaman hi\u00e7bir cezai yapt\u0131r\u0131m uygulamad\u0131\u011f\u0131 kamu \u015firketleriyle ayakta tutulan bu yay\u0131nlar ger\u00e7ekten utan\u00e7 verici. eminim bu yay\u0131nlar\u0131n \u00e7ok az\u0131na denk geliyorsunuz. Daha&nbsp;\u00f6nce anlatt\u0131m, tam yerini bulmad\u0131, \u015fimdi sizi bu yay\u0131nlar\u0131n \u00e7\u0131plak ger\u00e7ekli\u011fiyle biraz daha yak\u0131ndan kar\u015f\u0131 kar\u015f\u0131ya getirece\u011fim ama&nbsp;\u00f6nce&nbsp;\u015funu vurgulayay\u0131m: Bu yay\u0131nlar aileden&nbsp;\u00f6nce kad\u0131n\u0131 hedef al\u0131yor \u00e7\u00fcnk\u00fc bu yay\u0131nlar\u0131n hepsinde kad\u0131n ahlaks\u0131z bir rolde. Bu yay\u0131nlar aileden&nbsp;\u00f6nce&nbsp;\u00e7ocu\u011fu hedef al\u0131yor \u00e7\u00fcnk\u00fc bunlar\u0131n hepsinde \u00e7ocu\u011fun \u00fcst\u00fcn yarar\u0131n\u0131 g\u00f6zetmeyen nesep tart\u0131\u015fmas\u0131 var. D\u00fc\u015f\u00fcn\u00fcn, bu \u00e7ocuk yar\u0131n 15 ya\u015f\u0131na geldi, bu nesep tart\u0131\u015fmas\u0131na Google&#8217;da rast geldi, bunun \u00fczerinde nas\u0131l bir travmatik etki olacak!\u201d diyerek tepki g\u00f6sterdi.&nbsp;<\/p>\n\n\n\n<p><strong>\u201cReklam verenler, \u015firketler, RT\u00dcK bu ahlaks\u0131z yay\u0131nlardan utanm\u0131yor!\u201c&nbsp;<\/strong><\/p>\n\n\n\n<p>H\u00fck\u00fcmete yak\u0131n g\u00fcnd\u00fcz ku\u015fa\u011f\u0131 yay\u0131nlar\u0131nda i\u015flenen ahlaks\u0131z konulara dikkati \u00e7eken Ekmen, AK Parti milletvekillerine seslenerek, \u201c\u015eimdi, bu yay\u0131nlardan bir k\u0131sm\u0131n\u0131 size getirdim,&nbsp;\u00f6nce okumaya utand\u0131m, sonra d\u00fc\u015f\u00fcnd\u00fcm, yay\u0131n yapan \u015firketler utanm\u0131yorsa, bunlara reklam veren kamu bankalar\u0131&nbsp;ve&nbsp;\u015firketleri utanm\u0131yorsa, imtiyazl\u0131 \u015firketlerin ve kamu m\u00fcteahhitlerinin reklam verenleri utanm\u0131yorsa, Say\u0131n Cumhurba\u015fkan\u0131n\u0131n himayesinde yay\u0131nlar yapan, bir k\u0131sm\u0131 aile bireyleri taraf\u0131ndan y\u00f6netilen bu kanallardan o ki\u015filer utanm\u0131yorsa ve RT\u00dcK utanm\u0131yorsa ben bunlar\u0131 okumaktan ni\u00e7in utanay\u0131m?\u201d ifadelerini kulland\u0131.&nbsp;<\/p>\n\n\n\n<p><strong>Ekmen, ATV\u2019de yay\u0131nlanan konular\u0131 tek tek okudu<\/strong><\/p>\n\n\n\n<p>Ekmen, h\u00fck\u00fcmete yak\u0131n ATV\u2019nin g\u00fcnd\u00fcz ku\u015fa\u011f\u0131 yay\u0131nlar\u0131nda i\u015flenen konular\u0131 tek tek s\u0131ralad\u0131:&nbsp;\u201c28 ya\u015f\u0131ndaki Besime &#8217;16 ya\u015f\u0131ndaki kay\u0131n biraderim \u0130sa&#8217;yla evlenece\u011fim.'&#8221; &#8220;E\u015fi yak\u0131n arkada\u015f\u0131yla ka\u00e7t\u0131.&#8221; &#8220;Ortal\u0131\u011f\u0131 kar\u0131\u015ft\u0131ran iddia: Bebek ba\u015fkas\u0131ndan \u00e7\u0131kt\u0131.&#8221; &#8220;DNA testi sonucuna g\u00f6re Ahmet Bey Emrah&#8217;\u0131n babas\u0131.&#8221; &#8220;Ak\u0131llara durgunluk veren bir olay: 11 ya\u015f\u0131nda babas\u0131 bildi\u011fi ki\u015finin \u00fcvey babas\u0131 oldu\u011funu, 18 ya\u015f\u0131nda da day\u0131s\u0131n\u0131n babas\u0131 oldu\u011funu \u00f6\u011frendi.&#8221; &#8220;Emine&#8217;nin evlatl\u0131k verdi\u011fi 12 ya\u015f\u0131ndaki k\u0131z \u00e7ocu\u011funun babas\u0131 Turgay m\u0131?&#8221; &#8220;M\u00fckerrem&#8217;in 10 ayl\u0131k bebe\u011fin babas\u0131 sevgilisi Talip mi?&#8221; &#8220;5 ayl\u0131k k\u0131z\u0131m\u0131n babas\u0131 Eniz de\u011fil, isterse DNA testi yapt\u0131rabiliriz.&#8221; &#8220;Kar\u0131m P\u0131nar 21 ayl\u0131k \u00e7ocu\u011fumuzu al\u0131p yak\u0131n arkada\u015f\u0131m Mutlu&#8217;ya ka\u00e7t\u0131.&#8221; &#8220;Melahat&#8217;\u0131n 2 ya\u015f\u0131ndaki \u00e7ocu\u011funun babas\u0131 Mehmet mi?&#8221; &#8220;Bet\u00fcl&#8217;\u00fcn kocas\u0131 Veysel ve sevgilisi \u00d6zge ayn\u0131 anda st\u00fcdyoya geliyor.&#8221; Bunlar\u0131n hepsi\u2026\u201d<\/p>\n\n\n\n<p><strong>Milyonlarca eve bu kanalizasyon ak\u0131t\u0131l\u0131yor!<\/strong><\/p>\n\n\n\n<p>Ekmen\u2019in iktidara yak\u0131n TV kanalar\u0131nda i\u015flenen ahlaks\u0131z yay\u0131nlar\u0131 tek tek a\u00e7\u0131klamas\u0131na AK Parti s\u0131ralar\u0131ndan,&nbsp;\u201cyeter, yeter\u201d tepkiler y\u00fckseldi. AK Parti s\u0131ralar\u0131ndan gelen tepkilere yan\u0131t veren Ekmen,&nbsp;\u201cYetmez, rahats\u0131z oluyorsunuz ama her g\u00fcn milyonlarca eve bu kanalizasyon ak\u0131t\u0131l\u0131yor\u201d dedi.&nbsp;<\/p>\n\n\n\n<p><strong>K\u0131z\u0131n\u0131za, e\u015finizle birlikte izliyorsan\u0131z bu yay\u0131nlara m\u00fcsade edin!<\/strong><\/p>\n\n\n\n<p>\u0130ktidara ve Cumhurba\u015fkan\u0131 Erdo\u011fan\u2019a yak\u0131n kanallarda s\u00f6z konusu ahlaks\u0131z yay\u0131nlar\u0131n yap\u0131ld\u0131\u011f\u0131n\u0131 dile getiren Ekmen, \u015f\u00f6yle devam etti; \u201c\u00c7ok tan\u0131d\u0131k bir kanal, kamu bankalar\u0131n\u0131n ayakta tuttu\u011fu bir kanal, Cumhurba\u015fkan\u0131n\u0131n d\u00fcn\u00fcr\u00fcn\u00fcn y\u00f6netti\u011fi bir kanal, utan\u0131n! Rahats\u0131z oldunuz, zaten sizi rahats\u0131z etmek istedim. Ger\u00e7ekten her g\u00fcn prime time&nbsp;da milyonlarca Anadolu evine bu yay\u0131nlar\u0131 yaparken bir g\u00fcn bu yay\u0131nlar\u0131n tek birini k\u0131z\u0131n\u0131zla, e\u015finizle birlikte izliyorsan\u0131z buna m\u00fcsaade edin. Bu size makul geliyorsa Halk Bankas\u0131n\u0131n, Ziraat Bankas\u0131\u2019n\u0131n, Vak\u0131fbank\u2019\u0131n bu yay\u0131nlara reklam vermesine m\u00fcsaade edin. Kamudan ihale alan imtiyazl\u0131 \u015firketlerin bu \u015firketleri ayakta tutmas\u0131na m\u00fcsaade edin.\u201d<\/p>\n\n\n\n<p><strong>Bu rezaleti, millete izletmeye devam m\u0131 edeceksiniz?<\/strong><\/p>\n\n\n\n<p>Her g\u00fcn iktidara yak\u0131n kanallarda rezilli\u011fin s\u00fcrd\u00fc\u011f\u00fcn\u00fc s\u00f6yleyen Ekmen,&nbsp;\u00f6rnekler vererek konu\u015fmas\u0131n\u0131 sonland\u0131rd\u0131:<\/p>\n\n\n\n<p>&nbsp;\u201cGazeteci Fikri Aky\u00fcz yay\u0131nlam\u0131\u015f: Zahide Yeti\u015f program\u0131na bir adam\u0131 \u00e7\u0131kar\u0131yor. Adam\u0131n kar\u0131s\u0131n\u0131n cinsel i\u00e7erikli videosunu ona izletiyor. Kad\u0131n&nbsp;\u2018O ki\u015fi ben de\u011filim\u2019&nbsp;diyor, kocas\u0131 diyor ki:&nbsp;\u2018T\u00fcrkiye izlesin.\u2019&nbsp;Herkese yay\u0131nl\u0131yorlar. Bu rezillikler Netflix&#8217;te ya\u015fanm\u0131yor, bu rezillikler aboneli dijital kanallarda yay\u0131nlanm\u0131yor; bu rezillikler H\u00fck\u00fbmetin kontrol\u00fcndeki kanallarda yay\u0131nlan\u0131yor ve siz bunlar\u0131 duymaya bile tahamm\u00fcl edemezken Anadolu&#8217;dan milyonlarca aile, kap\u0131 kom\u015fusunun, alt kom\u015fusunun, k\u00f6yl\u00fcs\u00fcn\u00fcn ya\u015fad\u0131\u011f\u0131 do\u011fal ve tabii olaylarm\u0131\u015f gibi bunlar\u0131 izliyor. 2025 Aile Y\u0131l\u0131&#8217;nda bu rezaletleri bu millete izletmeye devam m\u0131 edeceksiniz, utanmayacak m\u0131s\u0131n\u0131z?\u201d<\/p>\n","protected":false},"excerpt":{"rendered":"<p>DEVA Partisi Genel Ba\u015fkan Yard\u0131mc\u0131s\u0131 Mehmet Emin Ekmen, Cumhurba\u015fkan\u0131 Erdo\u011fan\u2019\u0131n 2025 y\u0131l\u0131n\u0131 \u2018Aile Y\u0131l\u0131\u2019 ilan etmesine ra\u011fmen h\u00fck\u00fcmete yak\u0131n kanallarda aile kurumunu, kad\u0131n\u0131&nbsp;ve&nbsp;\u00e7ocuklar\u0131 hedef alan g\u00fcnd\u00fcz ku\u015fa\u011f\u0131 yay\u0131nlar\u0131n\u0131n s\u00fcrmesine tepki g\u00f6sterdi.&nbsp;&nbsp;H\u00fck\u00fcmete ve Cumhurba\u015fkan\u0131 Erdo\u011fan\u2019a yak\u0131n televizyonlarda i\u015flenen \u2018ahlaks\u0131z yay\u0131nlar\u0131\u2019 tek tek s\u0131ralayan Ekmen, s\u00f6z konusu yay\u0131nlara kamu bankalar\u0131n\u0131n reklam vermesine ve RT\u00dcK\u2019\u00fcn herhangi bir ceza [&hellip;]<\/p>\n","protected":false},"author":2,"featured_media":38791,"comment_status":"closed","ping_status":"closed","sticky":false,"template":"","format":"standard","meta":{"footnotes":""},"categories":[3],"tags":[],"class_list":["post-38790","post","type-post","status-publish","format-standard","has-post-thumbnail","hentry","category-manset"],"views":5,"_links":{"self":[{"href":"https:\/\/mersinkadingazetesi.com\/index.php?rest_route=\/wp\/v2\/posts\/38790"}],"collection":[{"href":"https:\/\/mersinkadingazetesi.com\/index.php?rest_route=\/wp\/v2\/posts"}],"about":[{"href":"https:\/\/mersinkadingazetesi.com\/index.php?rest_route=\/wp\/v2\/types\/post"}],"author":[{"embeddable":true,"href":"https:\/\/mersinkadingazetesi.com\/index.php?rest_route=\/wp\/v2\/users\/2"}],"replies":[{"embeddable":true,"href":"https:\/\/mersinkadingazetesi.com\/index.php?rest_route=%2Fwp%2Fv2%2Fcomments&post=38790"}],"version-history":[{"count":1,"href":"https:\/\/mersinkadingazetesi.com\/index.php?rest_route=\/wp\/v2\/posts\/38790\/revisions"}],"predecessor-version":[{"id":38792,"href":"https:\/\/mersinkadingazetesi.com\/index.php?rest_route=\/wp\/v2\/posts\/38790\/revisions\/38792"}],"wp:featuredmedia":[{"embeddable":true,"href":"https:\/\/mersinkadingazetesi.com\/index.php?rest_route=\/wp\/v2\/media\/38791"}],"wp:attachment":[{"href":"https:\/\/mersinkadingazetesi.com\/index.php?rest_route=%2Fwp%2Fv2%2Fmedia&parent=38790"}],"wp:term":[{"taxonomy":"category","embeddable":true,"href":"https:\/\/mersinkadingazetesi.com\/index.php?rest_route=%2Fwp%2Fv2%2Fcategories&post=38790"},{"taxonomy":"post_tag","embeddable":true,"href":"https:\/\/mersinkadingazetesi.com\/index.php?rest_route=%2Fwp%2Fv2%2Ftags&post=38790"}],"curies":[{"name":"wp","href":"https:\/\/api.w.org\/{rel}","templated":true}]}}