{"id":38793,"date":"2025-01-17T16:07:47","date_gmt":"2025-01-17T13:07:47","guid":{"rendered":"https:\/\/mersinkadingazetesi.com\/?p=38793"},"modified":"2025-01-17T16:07:48","modified_gmt":"2025-01-17T13:07:48","slug":"baskan-vekili-sener-belediye-calismalarini-yerinde-inceledi","status":"publish","type":"post","link":"https:\/\/mersinkadingazetesi.com\/?p=38793","title":{"rendered":"Ba\u015fkan Vekili \u015eener, belediye \u00e7al\u0131\u015fmalar\u0131n\u0131 yerinde inceledi"},"content":{"rendered":"\n<p>Mersin&#8217;in merkez il\u00e7e Akdeniz Belediyesi, il\u00e7enin ye\u015fil dokusunu zenginle\u015ftirmek amac\u0131yla ba\u015flatt\u0131\u011f\u0131 park bak\u0131m \u00e7al\u0131\u015fmalar\u0131na h\u0131z verdi. Belediye Ba\u015fkan Vekili Zeyit \u015eener, Park Bah\u00e7eler M\u00fcd\u00fcrl\u00fc\u011f\u00fc ekipleriyle birlikte Dr. Sad\u0131k Ahmet Park\u0131nda yap\u0131lan bak\u0131m ve onar\u0131m \u00e7al\u0131\u015fmalar\u0131n\u0131 yerinde inceledi.<br>\u015eener, Park Bah\u00e7eler M\u00fcd\u00fcrl\u00fc\u011f\u00fc taraf\u0131ndan yap\u0131lan Dr. Sad\u0131k Ahmet Park\u0131 bak\u0131m ve onar\u0131m \u00e7al\u0131\u015fmalar\u0131n\u0131 yerinde denetleyerek \u00e7al\u0131\u015fmalar hakk\u0131nda bilgi ald\u0131. \u015eener, &#8220;Bildi\u011finiz gibi yeni bir d\u00f6neme girdik ve il\u00e7emize hizmet g\u00f6t\u00fcrme noktas\u0131nda yo\u011fun bir \u00e7aba sarf ediyoruz. \u0130lk ad\u0131m olarak, il\u00e7emizin ye\u015fil alanlar\u0131n\u0131 g\u00fczelle\u015ftirmek amac\u0131yla Park ve Bah\u00e7eler M\u00fcd\u00fcrl\u00fc\u011f\u00fcm\u00fczle birlikte Dr. Sad\u0131k Ahmet Park\u0131nda incelemelerde bulunduk ve a\u011fa\u00e7land\u0131rma \u00e7al\u0131\u015fmalar\u0131na kat\u0131ld\u0131k. Bundan sonraki s\u00fcre\u00e7te de vatanda\u015f\u0131m\u0131za hizmet noktas\u0131nda her zaman sahada olaca\u011f\u0131z, eksiklikleri tespit ederek Akdeniz halk\u0131n\u0131n beklentilerini kar\u015f\u0131layacak projeler \u00fcretece\u011fiz. Bilinmesini isterim ki Akdeniz&#8217;i daha ya\u015fanabilir bir hale getirmek i\u00e7in gece g\u00fcnd\u00fcz demeden \u00e7al\u0131\u015fmaya devam edece\u011fiz&#8221; dedi.<\/p>\n\n\n\n<p>&#8220;Vatanda\u015f\u0131m\u0131z\u0131n deste\u011fi bizim i\u00e7in \u00e7ok \u00f6nemli&#8221;<br>Bu s\u00fcre\u00e7te vatanda\u015flar\u0131n deste\u011finin \u00e7ok \u00f6nemli oldu\u011funu vurgulayan \u015eener, \u2018Vatanda\u015flar\u0131m\u0131z\u0131n da g\u00f6r\u00fc\u015f ve \u00f6nerileriyle daha iyiye ula\u015faca\u011f\u0131m\u0131za, daha iyi hizmetleri hayata ge\u00e7irece\u011fimize inan\u0131yorum. Hep birlikte \u00e7al\u0131\u015farak, Akdeniz&#8217;i daha ya\u015fanabilir bir hale getirece\u011fiz&#8221; ifadelerini kulland\u0131.<br>Akdeniz Belediye Ba\u015fkan Vekili Zeyit \u015eener, incelemeleri s\u0131ras\u0131nda i\u015f\u00e7ilerle birlikte mevsimlik \u00e7i\u00e7ek ve a\u011fa\u00e7 dikimi de yapt\u0131.<\/p>\n","protected":false},"excerpt":{"rendered":"<p>Mersin&#8217;in merkez il\u00e7e Akdeniz Belediyesi, il\u00e7enin ye\u015fil dokusunu zenginle\u015ftirmek amac\u0131yla ba\u015flatt\u0131\u011f\u0131 park bak\u0131m \u00e7al\u0131\u015fmalar\u0131na h\u0131z verdi. Belediye Ba\u015fkan Vekili Zeyit \u015eener, Park Bah\u00e7eler M\u00fcd\u00fcrl\u00fc\u011f\u00fc ekipleriyle birlikte Dr. Sad\u0131k Ahmet Park\u0131nda yap\u0131lan bak\u0131m ve onar\u0131m \u00e7al\u0131\u015fmalar\u0131n\u0131 yerinde inceledi.\u015eener, Park Bah\u00e7eler M\u00fcd\u00fcrl\u00fc\u011f\u00fc taraf\u0131ndan yap\u0131lan Dr. Sad\u0131k Ahmet Park\u0131 bak\u0131m ve onar\u0131m \u00e7al\u0131\u015fmalar\u0131n\u0131 yerinde denetleyerek \u00e7al\u0131\u015fmalar hakk\u0131nda bilgi [&hellip;]<\/p>\n","protected":false},"author":2,"featured_media":38794,"comment_status":"closed","ping_status":"closed","sticky":false,"template":"","format":"standard","meta":{"footnotes":""},"categories":[3],"tags":[],"class_list":["post-38793","post","type-post","status-publish","format-standard","has-post-thumbnail","hentry","category-manset"],"views":9,"_links":{"self":[{"href":"https:\/\/mersinkadingazetesi.com\/index.php?rest_route=\/wp\/v2\/posts\/38793"}],"collection":[{"href":"https:\/\/mersinkadingazetesi.com\/index.php?rest_route=\/wp\/v2\/posts"}],"about":[{"href":"https:\/\/mersinkadingazetesi.com\/index.php?rest_route=\/wp\/v2\/types\/post"}],"author":[{"embeddable":true,"href":"https:\/\/mersinkadingazetesi.com\/index.php?rest_route=\/wp\/v2\/users\/2"}],"replies":[{"embeddable":true,"href":"https:\/\/mersinkadingazetesi.com\/index.php?rest_route=%2Fwp%2Fv2%2Fcomments&post=38793"}],"version-history":[{"count":1,"href":"https:\/\/mersinkadingazetesi.com\/index.php?rest_route=\/wp\/v2\/posts\/38793\/revisions"}],"predecessor-version":[{"id":38795,"href":"https:\/\/mersinkadingazetesi.com\/index.php?rest_route=\/wp\/v2\/posts\/38793\/revisions\/38795"}],"wp:featuredmedia":[{"embeddable":true,"href":"https:\/\/mersinkadingazetesi.com\/index.php?rest_route=\/wp\/v2\/media\/38794"}],"wp:attachment":[{"href":"https:\/\/mersinkadingazetesi.com\/index.php?rest_route=%2Fwp%2Fv2%2Fmedia&parent=38793"}],"wp:term":[{"taxonomy":"category","embeddable":true,"href":"https:\/\/mersinkadingazetesi.com\/index.php?rest_route=%2Fwp%2Fv2%2Fcategories&post=38793"},{"taxonomy":"post_tag","embeddable":true,"href":"https:\/\/mersinkadingazetesi.com\/index.php?rest_route=%2Fwp%2Fv2%2Ftags&post=38793"}],"curies":[{"name":"wp","href":"https:\/\/api.w.org\/{rel}","templated":true}]}}