{"id":38796,"date":"2025-01-17T16:08:33","date_gmt":"2025-01-17T13:08:33","guid":{"rendered":"https:\/\/mersinkadingazetesi.com\/?p=38796"},"modified":"2025-01-17T16:08:34","modified_gmt":"2025-01-17T13:08:34","slug":"baskan-tuncer-cocuklarin-karne-sevincine-ortak-oldu","status":"publish","type":"post","link":"https:\/\/mersinkadingazetesi.com\/?p=38796","title":{"rendered":"BA\u015eKAN TUNCER, \u00c7OCUKLARIN KARNE SEV\u0130NC\u0130NE ORTAK OLDU"},"content":{"rendered":"\n<p>Mezitli Belediye Ba\u015fkan\u0131 Ahmet Serkan Tuncer, yar\u0131y\u0131l tatiline girmeye haz\u0131rlanan \u00c7evlik \u0130lkokulu \u00f6\u011frencilerinin karne sevincine ortak oldu. \u00c7ocuklarla bir araya gelen Ba\u015fkan Tuncer, onlara hediyeler vererek karnelerini takdim etti ve ba\u015far\u0131lar\u0131ndan dolay\u0131 tebriklerini iletti.<\/p>\n\n\n\n<p>Veliler ve \u00f6\u011fretmenlerle de bulu\u015fan Ba\u015fkan Tuncer, e\u011fitime verdikleri emek ve \u00f6zveri i\u00e7in te\u015fekk\u00fcr ederek, Mezitli&#8217;de e\u011fitimin her zaman \u00f6ncelikleri aras\u0131nda oldu\u011funu vurgulad\u0131. Mahalle muhtar\u0131yla birlikte \u00e7ocuklarla oyunlar oynayan ve keyifli vakit ge\u00e7iren Ba\u015fkan Tuncer, onlar\u0131n mutlulu\u011funa ortak oldu.<\/p>\n\n\n\n<p><strong>&#8220;MEZ\u0130TL\u0130&#8217;Y\u0130 E\u011e\u0130T\u0130MDE \u00d6RNEK B\u0130R KENT HAL\u0130NE GET\u0130RMEYE DEVAM EDECE\u011e\u0130Z&#8221;<\/strong><\/p>\n\n\n\n<p>Ba\u015fkan Tuncer, &#8220;Sevgili \u00e7ocuklar, bir d\u00f6nemi daha ba\u015far\u0131yla tamamlad\u0131n\u0131z. Hepinizi y\u00fcrekten kutluyorum. Tatilinizi g\u00fczel an\u0131lar biriktirerek ve bol bol kitap okuyarak ge\u00e7irmenizi diliyorum. Sizi \u00e7ok daha g\u00fczel bir gelece\u011fin bekledi\u011fine inan\u0131yorum. Hep birlikte Mezitli&#8217;yi e\u011fitimde \u00f6rnek bir kent haline getirmeye devam edece\u011fiz.&#8221; dedi.<\/p>\n","protected":false},"excerpt":{"rendered":"<p>Mezitli Belediye Ba\u015fkan\u0131 Ahmet Serkan Tuncer, yar\u0131y\u0131l tatiline girmeye haz\u0131rlanan \u00c7evlik \u0130lkokulu \u00f6\u011frencilerinin karne sevincine ortak oldu. \u00c7ocuklarla bir araya gelen Ba\u015fkan Tuncer, onlara hediyeler vererek karnelerini takdim etti ve ba\u015far\u0131lar\u0131ndan dolay\u0131 tebriklerini iletti. Veliler ve \u00f6\u011fretmenlerle de bulu\u015fan Ba\u015fkan Tuncer, e\u011fitime verdikleri emek ve \u00f6zveri i\u00e7in te\u015fekk\u00fcr ederek, Mezitli&#8217;de e\u011fitimin her zaman \u00f6ncelikleri aras\u0131nda [&hellip;]<\/p>\n","protected":false},"author":2,"featured_media":38797,"comment_status":"closed","ping_status":"closed","sticky":false,"template":"","format":"standard","meta":{"footnotes":""},"categories":[3],"tags":[],"class_list":["post-38796","post","type-post","status-publish","format-standard","has-post-thumbnail","hentry","category-manset"],"views":5,"_links":{"self":[{"href":"https:\/\/mersinkadingazetesi.com\/index.php?rest_route=\/wp\/v2\/posts\/38796"}],"collection":[{"href":"https:\/\/mersinkadingazetesi.com\/index.php?rest_route=\/wp\/v2\/posts"}],"about":[{"href":"https:\/\/mersinkadingazetesi.com\/index.php?rest_route=\/wp\/v2\/types\/post"}],"author":[{"embeddable":true,"href":"https:\/\/mersinkadingazetesi.com\/index.php?rest_route=\/wp\/v2\/users\/2"}],"replies":[{"embeddable":true,"href":"https:\/\/mersinkadingazetesi.com\/index.php?rest_route=%2Fwp%2Fv2%2Fcomments&post=38796"}],"version-history":[{"count":1,"href":"https:\/\/mersinkadingazetesi.com\/index.php?rest_route=\/wp\/v2\/posts\/38796\/revisions"}],"predecessor-version":[{"id":38798,"href":"https:\/\/mersinkadingazetesi.com\/index.php?rest_route=\/wp\/v2\/posts\/38796\/revisions\/38798"}],"wp:featuredmedia":[{"embeddable":true,"href":"https:\/\/mersinkadingazetesi.com\/index.php?rest_route=\/wp\/v2\/media\/38797"}],"wp:attachment":[{"href":"https:\/\/mersinkadingazetesi.com\/index.php?rest_route=%2Fwp%2Fv2%2Fmedia&parent=38796"}],"wp:term":[{"taxonomy":"category","embeddable":true,"href":"https:\/\/mersinkadingazetesi.com\/index.php?rest_route=%2Fwp%2Fv2%2Fcategories&post=38796"},{"taxonomy":"post_tag","embeddable":true,"href":"https:\/\/mersinkadingazetesi.com\/index.php?rest_route=%2Fwp%2Fv2%2Ftags&post=38796"}],"curies":[{"name":"wp","href":"https:\/\/api.w.org\/{rel}","templated":true}]}}