{"id":38806,"date":"2025-01-18T16:49:45","date_gmt":"2025-01-18T13:49:45","guid":{"rendered":"https:\/\/mersinkadingazetesi.com\/?p=38806"},"modified":"2025-01-18T16:49:46","modified_gmt":"2025-01-18T13:49:46","slug":"mersin-ekonomisi-tarihsel-sureci-ve-tum-dinamikleriyle-ele-alindi","status":"publish","type":"post","link":"https:\/\/mersinkadingazetesi.com\/?p=38806","title":{"rendered":"MERS\u0130N EKONOM\u0130S\u0130 TAR\u0130HSEL S\u00dcREC\u0130 VE T\u00dcM D\u0130NAM\u0130KLER\u0130YLE ELE ALINDI"},"content":{"rendered":"\n<p>Mersin B\u00fcy\u00fck\u015fehir Belediyesi Kent Belle\u011fi Ofisi; Mersin Kent Konseyi ve Mersin Ticaret ve Sanayi Odas\u0131 (MTSO) i\u015f birli\u011finde&nbsp;<strong>&#8216;Mersin Ekonomisinin D\u00fcn\u00fc, Bug\u00fcn\u00fc, Gelece\u011fi&#8217;&nbsp;<\/strong>konulu panel d\u00fczenledi. Moderat\u00f6rl\u00fc\u011f\u00fcn\u00fc gazeteci-yazar Abdullah Ayan&#8217;\u0131n \u00fcstlendi\u011fi programda konu\u015fmac\u0131 olarak, gazeteci-yazar Mirza Turgut ve Akdeniz Kent Konseyi Ba\u015fkan\u0131 Mustafa Erim yer ald\u0131. MTSO Konferans Salonu&#8217;nda ger\u00e7ekle\u015ftirilen etkinli\u011fe;&nbsp;&nbsp;B\u00fcy\u00fck\u015fehir Belediyesi b\u00fcrokratlar\u0131, STK ve oda temsilcileri, i\u015f ve akademi d\u00fcnyas\u0131ndan isimler ve \u00e7ok say\u0131da vatanda\u015f kat\u0131ld\u0131.<\/p>\n\n\n\n<p>Panelde; Mersin&#8217;in liman \u015fehrinden sanayi kentine do\u011fru uzanan tarihsel s\u00fcre\u00e7teki geli\u015fimi ile birlikte, gelecekteki b\u00fcy\u00fcme alanlar\u0131 ve potansiyelleri ele al\u0131nd\u0131. Ayn\u0131 zamanda panelistler, Mersin&#8217;in hem b\u00f6lgesel hem de uluslararas\u0131 pek \u00e7ok dinamikten etkilenen bir kent oldu\u011funu ve \u015fehir ekonomisinde \u00f6nemli bir yer tutan liman\u0131n kente olan etkisi \u00fczerine kat\u0131l\u0131mc\u0131lara bilgi verdiler.<\/p>\n\n\n\n<p>\u00c7ukurova&#8217;n\u0131n verimli topraklar\u0131nda yeti\u015fen pamukla ba\u015flayan tar\u0131m\u0131n giderek narenciyeye do\u011fru evrilmesi ile ilgili de konu\u015fan panelistler; bug\u00fcn gelinen noktada kentin sanayi ve lojistik alan\u0131nda da \u00f6ne \u00e7\u0131kmas\u0131yla mevcut sekt\u00f6rel durumlar\u0131 ve ekonomideki yerleri hakk\u0131nda da de\u011ferlendirmelerde bulundular. Panelde, b\u00f6lgesel kalk\u0131nmay\u0131 s\u00fcrd\u00fcrebilir k\u0131lmak i\u00e7in yap\u0131lmas\u0131 gerekenlere ili\u015fkin \u00e7e\u015fitli \u00e7\u00f6z\u00fcm \u00f6nerileri de sunuldu. Soru cevap b\u00f6l\u00fcm\u00fcnde merak ettikleri konulara yan\u0131t bulan kat\u0131l\u0131mc\u0131lar, paneli olduk\u00e7a faydal\u0131 buldu ve devam\u0131n\u0131 istedi.<\/p>\n\n\n\n<p><strong>G\u00fcnde\u015f: &#8220;B\u00fcy\u00fck\u015fehir, kent belle\u011fini canl\u0131 tutacak \u00e7al\u0131\u015fmalar\u0131 s\u00fcrd\u00fcr\u00fcyor&#8221;<\/strong><\/p>\n\n\n\n<p>Mersin B\u00fcy\u00fck\u015fehir Belediyesi Ba\u015fkan Dan\u0131\u015fman\u0131 Bedrettin G\u00fcnde\u015f, kent belle\u011fini canl\u0131 tutman\u0131n ve bunu toplumun t\u00fcm kesimlerine aktarabilmenin yolunun bu t\u00fcr etkinlik ve \u00e7al\u0131\u015fmalardan ge\u00e7ti\u011fini s\u00f6yledi. Mersin Kent Belle\u011fi&#8217;nin, \u015fehrin tarihi, k\u00fclt\u00fcrel ve toplumsal haf\u0131zas\u0131n\u0131 yans\u0131tan, ge\u00e7mi\u015ften g\u00fcn\u00fcm\u00fcze birikmi\u015f olaylar, mek\u00e2nlar, ki\u015filer ve eserlerden olu\u015fan kolektif bir birikim oldu\u011funa dikkat \u00e7eken G\u00fcnde\u015f&nbsp;<strong>&#8220;Bu bellek, Mersin&#8217;in \u00e7ok k\u00fclt\u00fcrl\u00fc yap\u0131s\u0131n\u0131, ticaret ve liman kenti olarak oynad\u0131\u011f\u0131 rol\u00fc, Osmanl\u0131&#8217;dan Cumhuriyet&#8217;e uzanan modernle\u015fme s\u00fcrecini, yerel halk\u0131n sosyal ya\u015fam\u0131n\u0131 ve sanatsal \u00fcretimlerini i\u00e7erir. Bu nedenle B\u00fcy\u00fck\u015fehir Belediyesi bu t\u00fcr \u00e7al\u0131\u015fmalar\u0131 s\u00fcrd\u00fcr\u00fcyor. Moderat\u00f6rl\u00fc\u011f\u00fc yapan Abdullah Bey, kentin ger\u00e7ekten bir haf\u0131zas\u0131 olarak \u00e7ok g\u00fczel konular anlatt\u0131. Mustafa Erim ise, \u00f6zellikle kentin tarihi dokusu ile ilgili \u00e7ok ciddi bilgilere sahip oldu\u011funu, ge\u00e7mi\u015fte bu tarihi dokular\u0131n i\u00e7erisindeki ekonomik yap\u0131n\u0131n \u015fimdi ne oldu\u011fu ile ilgili bizlere \u00e7ok \u00f6nemli bilgiler verdi. Mirza Turgut da, bir Mersin sevdal\u0131s\u0131 olarak kentle ilgili duygu ve d\u00fc\u015f\u00fcncelerini payla\u015ft\u0131&#8221;<\/strong>&nbsp;diye konu\u015ftu. Ba\u015fkan Vahap Se\u00e7er&#8217;in sevgi ve selamlar\u0131n\u0131 da ileten G\u00fcnde\u015f, \u00e7al\u0131\u015ftayda eme\u011fi ge\u00e7en ve katk\u0131 sunan herkese te\u015fekk\u00fcr etti.<\/p>\n\n\n\n<p>Mersin kent belle\u011fi, \u015fehrin tarihi, k\u00fclt\u00fcrel ve toplumsal haf\u0131zas\u0131n\u0131 yans\u0131tan, ge\u00e7mi\u015ften g\u00fcn\u00fcm\u00fcze birikmi\u015f olaylar, mek\u00e2nlar, ki\u015filer ve eserlerden olu\u015fan kolektif bir birikimdir. Bu bellek, Mersin&#8217;in \u00e7ok k\u00fclt\u00fcrl\u00fc yap\u0131s\u0131n\u0131, ticaret ve liman kenti olarak oynad\u0131\u011f\u0131 rol\u00fc, Osmanl\u0131&#8217;dan Cumhuriyet&#8217;e uzanan modernle\u015fme s\u00fcrecini, yerel halk\u0131n sosyal ya\u015fam\u0131n\u0131 ve sanatsal \u00fcretimlerini i\u00e7erir.<\/p>\n\n\n\n<p><strong>\u00c7ak\u0131r: &#8220;Eski bilgilerin, gelece\u011fe \u0131\u015f\u0131k tutaca\u011f\u0131na inan\u0131yorum&#8221;<\/strong><\/p>\n\n\n\n<p>Mersin Ticaret ve Sanayi Odas\u0131 Y\u00f6netim Kurulu Ba\u015fkan\u0131 Hakan Sefa \u00c7ak\u0131r ise, kent haf\u0131zas\u0131nda \u00f6nemli yer tutan 3 de\u011ferli ismin yer ald\u0131\u011f\u0131 panelde bulunmaktan dolay\u0131 \u00e7ok memnun oldu\u011funu ifade ederek,&nbsp;<strong>&#8220;Mersin&#8217;in ekonomi haf\u0131zas\u0131 ile ilgili, ilerleyen zamanlarda Oda olarak gerekeni yapmam\u0131z laz\u0131m. B\u00fcy\u00fck\u015fehir, bu konuyla ilgili zaten g\u00fczel \u00e7al\u0131\u015fmalar yap\u0131yor. Bunu gen\u00e7lerle de devam ettirmemiz laz\u0131m. Gen\u00e7ler \u00e7ok aram\u0131za giremiyor. \u00dcniversiteli gen\u00e7lerin, Mersin&#8217;de ya\u015fayanlar\u0131n ve ekonomi ile ilgili olanlar\u0131n da bilmesi laz\u0131m. \u00c7\u00fcnk\u00fc eski bilgiler gelece\u011fe \u0131\u015f\u0131k tutacak. Bizler onu bir \u015fekilde kitapla\u015ft\u0131rarak aktaraca\u011f\u0131z. Zaten gerekli \u00e7al\u0131\u015fmalar\u0131 Mersin sevdal\u0131lar\u0131 yap\u0131yor&#8221;<\/strong>&nbsp;dedi.<\/p>\n","protected":false},"excerpt":{"rendered":"<p>Mersin B\u00fcy\u00fck\u015fehir Belediyesi Kent Belle\u011fi Ofisi; Mersin Kent Konseyi ve Mersin Ticaret ve Sanayi Odas\u0131 (MTSO) i\u015f birli\u011finde&nbsp;&#8216;Mersin Ekonomisinin D\u00fcn\u00fc, Bug\u00fcn\u00fc, Gelece\u011fi&#8217;&nbsp;konulu panel d\u00fczenledi. Moderat\u00f6rl\u00fc\u011f\u00fcn\u00fc gazeteci-yazar Abdullah Ayan&#8217;\u0131n \u00fcstlendi\u011fi programda konu\u015fmac\u0131 olarak, gazeteci-yazar Mirza Turgut ve Akdeniz Kent Konseyi Ba\u015fkan\u0131 Mustafa Erim yer ald\u0131. MTSO Konferans Salonu&#8217;nda ger\u00e7ekle\u015ftirilen etkinli\u011fe;&nbsp;&nbsp;B\u00fcy\u00fck\u015fehir Belediyesi b\u00fcrokratlar\u0131, STK ve oda temsilcileri, [&hellip;]<\/p>\n","protected":false},"author":2,"featured_media":38807,"comment_status":"closed","ping_status":"closed","sticky":false,"template":"","format":"standard","meta":{"footnotes":""},"categories":[3],"tags":[],"class_list":["post-38806","post","type-post","status-publish","format-standard","has-post-thumbnail","hentry","category-manset"],"views":7,"_links":{"self":[{"href":"https:\/\/mersinkadingazetesi.com\/index.php?rest_route=\/wp\/v2\/posts\/38806"}],"collection":[{"href":"https:\/\/mersinkadingazetesi.com\/index.php?rest_route=\/wp\/v2\/posts"}],"about":[{"href":"https:\/\/mersinkadingazetesi.com\/index.php?rest_route=\/wp\/v2\/types\/post"}],"author":[{"embeddable":true,"href":"https:\/\/mersinkadingazetesi.com\/index.php?rest_route=\/wp\/v2\/users\/2"}],"replies":[{"embeddable":true,"href":"https:\/\/mersinkadingazetesi.com\/index.php?rest_route=%2Fwp%2Fv2%2Fcomments&post=38806"}],"version-history":[{"count":1,"href":"https:\/\/mersinkadingazetesi.com\/index.php?rest_route=\/wp\/v2\/posts\/38806\/revisions"}],"predecessor-version":[{"id":38808,"href":"https:\/\/mersinkadingazetesi.com\/index.php?rest_route=\/wp\/v2\/posts\/38806\/revisions\/38808"}],"wp:featuredmedia":[{"embeddable":true,"href":"https:\/\/mersinkadingazetesi.com\/index.php?rest_route=\/wp\/v2\/media\/38807"}],"wp:attachment":[{"href":"https:\/\/mersinkadingazetesi.com\/index.php?rest_route=%2Fwp%2Fv2%2Fmedia&parent=38806"}],"wp:term":[{"taxonomy":"category","embeddable":true,"href":"https:\/\/mersinkadingazetesi.com\/index.php?rest_route=%2Fwp%2Fv2%2Fcategories&post=38806"},{"taxonomy":"post_tag","embeddable":true,"href":"https:\/\/mersinkadingazetesi.com\/index.php?rest_route=%2Fwp%2Fv2%2Ftags&post=38806"}],"curies":[{"name":"wp","href":"https:\/\/api.w.org\/{rel}","templated":true}]}}