{"id":38812,"date":"2025-01-18T16:52:10","date_gmt":"2025-01-18T13:52:10","guid":{"rendered":"https:\/\/mersinkadingazetesi.com\/?p=38812"},"modified":"2025-01-18T16:52:11","modified_gmt":"2025-01-18T13:52:11","slug":"secer-medeka-ve-tadeka-sayesinde-sanata-dair-isabetli-kararlar-aliyoruz","status":"publish","type":"post","link":"https:\/\/mersinkadingazetesi.com\/?p=38812","title":{"rendered":"SE\u00c7ER: &#8220;MEDEKA VE TADEKA SAYES\u0130NDE SANATA DA\u0130R \u0130SABETL\u0130 KARARLAR ALIYORUZ&#8221;"},"content":{"rendered":"\n<p>Mersin B\u00fcy\u00fck\u015fehir Belediye Ba\u015fkan\u0131 Vahap Se\u00e7er, Mersin&#8217;e De\u011fer Katanlar (MEDEKA) Plastik Sanatlar Kurulu \u00f6nc\u00fcl\u00fc\u011f\u00fcnde hayata ge\u00e7irilen,&nbsp;<strong><em>&#8216;T\u00fcrkiye Cumhuriyeti&#8217;nin 101. Y\u0131l\u0131 Resim Yar\u0131\u015fmas\u0131 Sergisi&#8217;<\/em><\/strong>nin a\u00e7\u0131l\u0131\u015f\u0131na kat\u0131ld\u0131.<\/p>\n\n\n\n<p>Yeni\u015fehir Belediyesi Atat\u00fcrk K\u00fclt\u00fcr Merkezi Ahmet Ye\u015fil Sanat Galerisi&#8217;nde ger\u00e7ekle\u015ftirilen sergiye; Cumhuriyet Halk Partisi (CHP) Mersin Milletvekili G\u00fclcan K\u0131\u015f ve Hasan Ufuk \u00c7ak\u0131r, Yeni\u015fehir Belediye Ba\u015fkan\u0131 Abdullah \u00d6zyi\u011fit, Toroslar Belediye Ba\u015fkan\u0131 Abdurrahman Y\u0131ld\u0131z, Meclis \u00dcyeleri ve Mersin B\u00fcy\u00fck\u015fehir Belediyesi b\u00fcrokratlar\u0131 kat\u0131l\u0131m sa\u011flad\u0131.<\/p>\n\n\n\n<p>Toplamda 203 sanat\u00e7\u0131n\u0131n 303 eserle kat\u0131ld\u0131\u011f\u0131 yar\u0131\u015fmada 5 eser ba\u015far\u0131, 10 eser mansiyon, 32 eser sergileme \u00f6d\u00fcl\u00fc al\u0131rken; Se\u00e7ici Kurul Ba\u015fkan\u0131 Sanat\u00e7\u0131 Ahmet Ye\u015fil&#8217;in ba\u015fkanl\u0131k etti\u011fi j\u00fcri ekibi 47 eseri sergilenmeye de\u011fer buldu. Sergide yer alan eserler, Mersin&#8217;de hayata ge\u00e7irilmesi planlanan \u00c7a\u011fda\u015f Sanatlar M\u00fczesi&#8217;nin koleksiyonunun olu\u015fmas\u0131na da \u00f6nc\u00fcl\u00fck ederek sanat\u0131n kal\u0131c\u0131l\u0131\u011f\u0131na katk\u0131 sa\u011flayacak.<\/p>\n\n\n\n<p><strong>Ba\u015fkan Se\u00e7er: &#8220;MEDEKA ve TADEKA sayesinde sanata dair isabetli kararlar al\u0131yoruz&#8221;<\/strong><\/p>\n\n\n\n<p>T\u00fcrkiye Cumhuriyeti&#8217;nin 101. Y\u0131l\u0131 Resim Yar\u0131\u015fmas\u0131 Sergisi&#8217;ni, MEDEKA Plastik Sanatlar Kurulu&#8217;nun organize etti\u011fini s\u00f6yleyerek konu\u015fmas\u0131na ba\u015flayan Ba\u015fkan Se\u00e7er, t\u00fcm B\u00fcy\u00fck\u015fehir Belediyelerine b\u00f6yle bir kurul kurmalar\u0131 i\u00e7in \u00f6neride bulundu. Se\u00e7er<strong>, &#8220;MEDEKA ve TADEKA sayesinde sanat ve sanata dair y\u00fczde 100&#8217;e yak\u0131n isabetli kararlar al\u0131yoruz. Bizim d\u00f6nemimizde ba\u015flad\u0131\u011f\u0131m\u0131z t\u00fcm organizasyonlar, yapt\u0131\u011f\u0131m\u0131z etkinlikler, verdi\u011fimiz \u00f6d\u00fcller; sanata ve \u015fehre de\u011fer katan b\u00fct\u00fcn ekinlikler bu \u015fehre de\u011fer katan insanlar\u0131n fikirlerinden \u00e7\u0131kan aktiviteler&#8221;<\/strong>&nbsp;dedi. Kat\u0131l\u0131mc\u0131 demokrasiyi \u00f6nemsediklerini s\u00f6zlerine ekleyen Se\u00e7er,&nbsp;<strong>&#8220;Kent y\u00f6netiminde hem\u015ferilerimizi de y\u00f6netime kat\u0131yoruz&#8221;<\/strong>&nbsp;diye konu\u015ftu.<\/p>\n\n\n\n<p><strong>&#8220;Mersin&#8217;i sanat\u00e7\u0131 kentinden sanat kentine d\u00f6n\u00fc\u015ft\u00fcrmenin en b\u00fcy\u00fck form\u00fcl\u00fc, s\u00fcrd\u00fcr\u00fclebilirlik&#8221;<\/strong><\/p>\n\n\n\n<p>Mersin&#8217;e yak\u0131n bir tarihte \u00c7a\u011fda\u015f Sanatlar M\u00fczesi kazand\u0131racaklar\u0131n\u0131 s\u00f6yleyen Se\u00e7er, B\u00fcy\u00fck\u015fehir Belediyesi taraf\u0131ndan d\u00fczenlenen sanatsal ve k\u00fclt\u00fcrel organizasyonlar art\u0131rarak devam edeceklerini belirterek,&nbsp;<strong>&#8220;Bunun gibi yar\u0131\u015fmalar\u0131m\u0131z devam edecek. \u00d6nemli olan bunlar\u0131 istikrarl\u0131 bir \u015fekilde s\u00fcrd\u00fcrebilmek. Mersin&#8217;i sanat\u00e7\u0131 kentinden sanat kentine d\u00f6n\u00fc\u015ft\u00fcrmenin en b\u00fcy\u00fck form\u00fcl\u00fcn\u00fcn bu oldu\u011funu d\u00fc\u015f\u00fcn\u00fcyorum. Bu konuda zaten iktidardan bu tarz bir anlay\u0131\u015f\u0131 burada olan hi\u00e7 kimse beklemiyor. \u00dcz\u00fclerek ifade edeyim 21. y\u00fczy\u0131l T\u00fcrkiye&#8217;sinde, Mustafa Kemal Atat\u00fcrk&#8217;\u00fcn kurdu\u011fu laik T\u00fcrkiye Cumhuriyeti&#8217;ne yak\u0131\u015fmayan bir anlay\u0131\u015fla sanata ve sanat\u00e7\u0131ya bak\u0131\u015f\u0131 a\u00e7\u0131s\u0131 var&#8221;<\/strong>&nbsp;ifadelerine yer verdi.<\/p>\n\n\n\n<p>Se\u00e7er, Uluslararas\u0131 Edebiyat Festivali&#8217;nin de Mersin&#8217;de bir ilk oldu\u011funu s\u00f6yleyerek, festivalin her ge\u00e7en y\u0131l da daha zengin ge\u00e7ti\u011fini kaydetti. Se\u00e7er,&nbsp;<strong>&#8220;Bunu sanat\u00e7\u0131lardan duymak beni \u00e7ok mutlu ediyor. Son derece zengin ve de\u011ferli bir festivali Mersin&#8217;e kazand\u0131rman\u0131n da gurunu ya\u015f\u0131yoruz. Her alanda yapt\u0131\u011f\u0131m\u0131z \u00e7al\u0131\u015fmalarda \u00f6nemli ba\u015far\u0131lar elde etti\u011fimizi halk zaten s\u00f6yl\u00fcyor. Mersin dedi\u011finizde akla; demokrasi, \u00e7a\u011fda\u015fl\u0131k, kat\u0131l\u0131mc\u0131l\u0131k, adaletli bir y\u00f6netim anlay\u0131\u015f\u0131, ayr\u0131mc\u0131l\u0131\u011f\u0131n olmad\u0131\u011f\u0131, bug\u00fcn T\u00fcrkiye toplumunun \u00f6zledi\u011fi demokrasi, \u00f6zg\u00fcrl\u00fckler ve adalet geliyor&#8221;<\/strong>&nbsp;dedi.<\/p>\n\n\n\n<p><strong>&#8220;Adalet i\u00e7in \u0130stanbul&#8217;a gittik&#8221;<\/strong><\/p>\n\n\n\n<p>Son ya\u015fanan geli\u015fmelerin ard\u0131ndan \u0130stanbul&#8217;a&nbsp;<strong><em>&#8216;adalet&#8217;<\/em><\/strong>&nbsp;aray\u0131\u015f\u0131na gittiklerini an\u0131msatan Se\u00e7er,&nbsp;<strong>&#8220;T\u00fcm m\u00fccadelemiz; T\u00fcrkiye&#8217;nin demokrasisinin kurum ve kurallar\u0131yla olgunla\u015fmas\u0131, insan haklar\u0131n\u0131n evrensel normlara uygun hale gelmesi, T\u00fcrkiye&#8217;de bir hukuk devleti anlay\u0131\u015f\u0131n\u0131n tam manas\u0131yla oturmas\u0131, \u00e7a\u011fda\u015f ve medeni bir \u00fclke olmam\u0131z, d\u00fcnyada b\u00f6yle an\u0131lmam\u0131z ve sayg\u0131 duyulmam\u0131z i\u00e7in. Bizim bu anlay\u0131\u015ftaki y\u00f6netimimiz devam edecek. Umar\u0131m T\u00fcrkiye&#8217;de sonsuza kadar bu anlay\u0131\u015ftaki y\u00f6neticiler taraf\u0131ndan y\u00f6netilir&#8221;<\/strong>&nbsp;diye konu\u015ftu.<\/p>\n\n\n\n<p><strong>&#8220;K\u0131rsal mahallelerde ya\u015fayan 25 binden fazla \u00e7ocu\u011fumuzu tiyatro ile bulu\u015fturduk&#8221;<\/strong><\/p>\n\n\n\n<p>Her alanda oldu\u011fu gibi k\u00fclt\u00fcr ve sanata da vatanda\u015flar\u0131n e\u015fit \u015fekilde ula\u015fma anlay\u0131\u015f\u0131n\u0131 benimsediklerini s\u00f6zlerine ekleyen Se\u00e7er,&nbsp;<strong>&#8220;\u015eehirde ya\u015fayan bir \u00e7ocu\u011fumuz, bir gencimiz bu tip sanat faaliyetlerine eri\u015febiliyorsa ni\u00e7in k\u00f6yde ya\u015fayan eri\u015femiyor?&#8221;<\/strong>&nbsp;diyerek t\u00fcm k\u00fclt\u00fcr ve sanat etkinliklerine herkesin e\u015fit \u015fekilde eri\u015febilece\u011fi projeler \u00fcrettiklerini kaydetti. Merkezdeki k\u00fclt\u00fcr ve sanat faaliyetlerine eri\u015femeyen vatanda\u015flar i\u00e7in \u015eehir Tiyatrosu&#8217;nun kar\u0131\u015f kar\u0131\u015f k\u0131rsal mahalleleri dola\u015ft\u0131\u011f\u0131n\u0131 belirten Se\u00e7er,&nbsp;<strong>&#8220;Tiyatro, sadece \u015fehirlere de\u011fil k\u00f6ylere de gereklidir. Biz k\u0131rsal mahallelerde bug\u00fcne kadar toplam 25 binden fazla \u00e7ocu\u011fumuzu tiyatroyla bulu\u015fturduk. \u0130\u015fte bu f\u0131rsat e\u015fitli\u011fidir&#8221;<\/strong>&nbsp;dedi. B\u00fcy\u00fck\u015fehir Belediyesi&#8217;nin 7&#8217;den 70&#8217;e herkese kap\u0131s\u0131n\u0131n a\u00e7\u0131k oldu\u011funu dile getiren Se\u00e7er, belediye binas\u0131ndan \u00e7ocuk kahkahalar\u0131n\u0131n y\u00fckselmesi ve her \u00e7ocu\u011fun tiyatro ile bulu\u015fturulmas\u0131n\u0131 sa\u011flamak amac\u0131yla da yeni hizmet binas\u0131nda \u00e7ocuk sahnesine yer verdiklerini aktard\u0131.<\/p>\n\n\n\n<p><strong>&#8220;Mersin&#8217;in her alanda marka kent haline gelmesi i\u00e7in \u00e7al\u0131\u015fmalar\u0131m\u0131za devam edece\u011fiz&#8221;<\/strong><\/p>\n\n\n\n<p>Mersin&#8217;in yaln\u0131zca k\u00fclt\u00fcr ve sanat alan\u0131nda de\u011fil her alanda marka bilinirli\u011fi ile \u00f6ne \u00e7\u0131kan bir kent olmas\u0131 i\u00e7in gayret g\u00f6stermeye devam edeceklerinin alt\u0131n\u0131 \u00e7izen Se\u00e7er,&nbsp;<strong>&#8220;Mersin&#8217;in markala\u015fmas\u0131 i\u00e7in sadece T\u00fcrkiye&#8217;de de\u011fil d\u00fcnyada tan\u0131nmas\u0131 i\u00e7in en de\u011ferli sanat\u00e7\u0131lar\u0131, romanc\u0131lar\u0131, sinema sanat\u00e7\u0131lar\u0131n\u0131, Ahmet Ye\u015fil gibi uluslararas\u0131 de\u011ferleri, ressamlar\u0131, sporcular\u0131, \u00fclkesi i\u00e7in fayda sa\u011flayan siyaset\u00e7ileri, en de\u011ferli i\u015f ve bilim insanlar\u0131n\u0131 Mersin&#8217;den \u00e7\u0131karmal\u0131y\u0131z. Mersin, gen\u00e7 bir kenttir. Biz Mersin&#8217;i, sanat\u00e7\u0131lar\u0131m\u0131z\u0131 ve sanat\u0131 seviyoruz. \u00c7ok daha g\u00fczel i\u015fler yapaca\u011f\u0131z&#8221;&nbsp;<\/strong>dedi. Se\u00e7er, konu\u015fmas\u0131n\u0131 dereceye giren sanat\u00e7\u0131lar\u0131 tebrik ederek ve organizasyona eme\u011fi ge\u00e7enlere te\u015fekk\u00fcr ederek tamamlad\u0131.<\/p>\n\n\n\n<p><strong>\u00d6zyi\u011fit: &#8220;Sanat; ekmek ve su kadar k\u0131ymetli ve \u00f6nemli&#8221;<\/strong><\/p>\n\n\n\n<p>Sergiye ev sahipli\u011fi yapan Yeni\u015fehir Belediye Ba\u015fkan\u0131 Abdullah \u00d6zyi\u011fit, toplumlar\u0131n geli\u015fmesinde sanat\u0131n b\u00fcy\u00fck rol oynad\u0131\u011f\u0131n\u0131 belirterek,&nbsp;<strong>&#8220;Biz sosyal demokrat belediyeler olarak bu alanda att\u0131\u011f\u0131m\u0131z imzalar ve yapt\u0131\u011f\u0131m\u0131z i\u015flerle fark yarat\u0131yoruz. Sanat; ekmek ve su kadar k\u0131ymetli, bir o kadar \u00f6nemlidir. Buradan geri ad\u0131m atmay\u0131 hi\u00e7bir zaman d\u00fc\u015f\u00fcnmeyip, \u00e7al\u0131\u015fmalar\u0131m\u0131z\u0131 devam ettirece\u011fiz&#8221;<\/strong>&nbsp;diyerek B\u00fcy\u00fck\u015fehir Belediyesi&#8217;ne, sanat\u00e7\u0131 Ahmet Ye\u015fil&#8217;e ve organizasyona katk\u0131 sunan herkese te\u015fekk\u00fcr etti.<\/p>\n\n\n\n<p><strong>Ye\u015fil: &#8220;Sanat toplumu yarat\u0131ld\u0131\u011f\u0131nda antidemokratik t\u00fcm olu\u015fumlar ve olaylar\u0131n \u00f6n\u00fcne ge\u00e7ilir&#8221;<\/strong><\/p>\n\n\n\n<p>D\u00fcnyaca \u00fcnl\u00fc ressam Ahmet Ye\u015fil, Se\u00e7er&#8217;e sanata ve sanat\u00e7\u0131ya verdi\u011fi de\u011ferin yan\u0131 s\u0131ra b\u00f6yle bir yar\u0131\u015fman\u0131n d\u00fczenlenmesinden dolay\u0131 te\u015fekk\u00fcr ederek,&nbsp;<strong>&#8220;Bu organizasyonu ya\u015famak beni son derece mutlu ediyor. 45 y\u0131ll\u0131k sanat ya\u015fam\u0131mda hep bu anlar\u0131n olmas\u0131n\u0131 beklemi\u015ftim. Yar\u0131\u015fmadaki eserler Mersin&#8217;de umutla ve heyecanla bekledi\u011fimiz m\u00fczemizin ilk eserleri olacak. Sanat toplumu; bakarken g\u00f6rmeyi, g\u00f6r\u00fcrken d\u00fc\u015f\u00fcnmeyi, d\u00fc\u015f\u00fcn\u00fcrken de kendini ifade etmeyi yaratan bireylerden olu\u015fur. Bu toplum yarat\u0131ld\u0131\u011f\u0131 zaman antidemokratik t\u00fcm olu\u015fumlar ve olaylar\u0131n \u00f6n\u00fcne ge\u00e7ilir. Sanat iyi ki var&#8221;<\/strong>&nbsp;dedi.<\/p>\n\n\n\n<p><strong>Sanat\u00e7\u0131lar, d\u00fczenlenen t\u00f6renle ba\u015far\u0131lar\u0131n\u0131 ta\u00e7land\u0131rd\u0131<\/strong><\/p>\n\n\n\n<p>Ba\u015far\u0131 \u00d6d\u00fcl\u00fcn\u00fc alan ve resim \u00f6\u011fretmenli\u011fi mezunu olan Raife Toky\u00fcrek, b\u00f6yle \u00f6d\u00fcl t\u00f6renleri sayesinde sanat\u00e7\u0131lar\u0131n kendilerini daha fazla g\u00f6r\u00fcn\u00fcr k\u0131ld\u0131\u011f\u0131n\u0131 ve daha fazla insanlara ula\u015ft\u0131klar\u0131n\u0131 belirterek,&nbsp;<strong>&#8220;Daha \u00f6nce de \u00f6d\u00fcl ald\u0131m ama her \u00f6d\u00fcl insana daha fazla duygu kat\u0131yor. B\u00f6yle bir \u00f6d\u00fcl almak benim i\u00e7in \u00e7ok k\u0131ymetliydi.&nbsp;&nbsp;Mersin B\u00fcy\u00fck\u015fehir Belediyesi sanat\u0131 ve sanat\u00e7\u0131y\u0131 \u00e7ok fazla destekliyor ve bunu bize her zaman hissettiriyor&#8221;<\/strong>&nbsp;diye konu\u015ftu.<\/p>\n\n\n\n<p>Mansiyon \u00f6d\u00fcl\u00fc alan Nur Fatime Yabur\u011fan ise y\u00fcksek lisans \u00f6\u011frencisi oldu\u011funu ve e\u011fitim hayat\u0131 devam ederken b\u00f6yle bir \u00f6d\u00fcl\u00fc almaktan dolay\u0131 olduk\u00e7a mutlu oldu\u011funu belirterek,&nbsp;<strong>&#8220;Bu benim ilk \u00f6d\u00fcl\u00fcm. Bir yerlere dokunabiliyor oldu\u011fumuzu hissetmek beni \u00e7ok mutlu etti. Resimleri kendimiz i\u00e7in yap\u0131yoruz ama ayn\u0131 zamanda kar\u015f\u0131 tarafa bir \u015feyler vermeye \u00e7al\u0131\u015f\u0131yoruz. Bunun anla\u015f\u0131ld\u0131\u011f\u0131n\u0131 bilmek beni mutlu etti ve \u00e7ok sevindim&#8221;<\/strong>&nbsp;dedi.<\/p>\n\n\n\n<p><strong>Sergi, sanatseverlerden tam not ald\u0131<\/strong><\/p>\n\n\n\n<p>Sergiyi gezen vatanda\u015flardan Dilek K\u00fc\u00e7\u00fcky\u0131lmaz, etkinlikle ilgili duygu ve d\u00fc\u015f\u00fcneceklerini;&nbsp;<strong>&#8220;\u00c7ok g\u00fczel bir etkinlikti. Hem insanlar\u0131n sanata olan bak\u0131\u015f\u0131n\u0131, g\u00f6r\u00fc\u015f a\u00e7\u0131s\u0131n\u0131, fikir a\u00e7\u0131s\u0131n\u0131 her bak\u0131mdan tan\u0131yor ve g\u00f6r\u00fcyoruz bu t\u00fcr ekinliklerle. Ba\u015fkan\u0131m\u0131z Vahap Se\u00e7er&#8217;in kente olan katk\u0131s\u0131 sanat anlam\u0131nda ger\u00e7ekten tart\u0131\u015f\u0131lmaz. \u00c7al\u0131\u015fmalar\u0131n\u0131 \u00e7ok be\u011feniyorum&#8221;<\/strong>&nbsp;diyerek belirtti.<\/p>\n\n\n\n<p>Bir ba\u015fka sanatsever G\u00fcnseli Bobu\u015f Alkaya da resme olduk\u00e7a ilgi duydu\u011funu belirterek,&nbsp;<strong>&#8220;Tablolara bak\u0131p onlarla ilgili hayal kurmay\u0131 \u00e7ok seviyorum. \u00c7ocuklar\u0131mla birlikte sergiyi gezdik. Onlar da \u00e7ok b\u00fcy\u00fck zevk ald\u0131lar ve \u00e7ok sevdiler. Sanat\u0131n, \u00f6zg\u00fcr d\u00fc\u015f\u00fcncenin, hayal kurabilmenin bu \u015fekilde desteklenmesi \u00e7ok g\u00fczel. Cumhuriyetimizin 101. y\u0131l\u0131n\u0131 bu \u015fekilde anlaml\u0131 bir \u015fekilde sanatla, do\u011fayla, \u00f6zg\u00fcrl\u00fckle ta\u00e7land\u0131rmak \u00e7ok g\u00fczel bir \u015fey. Bu sergide de birbirinden farkl\u0131, rengarenk, tema olarak da \u00e7ok farkl\u0131 eserler var. Benim i\u00e7in olduk\u00e7a g\u00fczeldi&#8221;<\/strong>&nbsp;ifadelerine yer verdi.<\/p>\n\n\n\n<p>A\u00e7\u0131l\u0131\u015f konu\u015fmalar\u0131n\u0131n ard\u0131ndan Ressam Ahmet Ye\u015fil&#8217;e Ba\u015fkan Se\u00e7er taraf\u0131ndan \u00e7i\u00e7ek takdim edildi. Yar\u0131\u015fmada dereceye giren sanat\u00e7\u0131lar \u00f6d\u00fcllerini Ba\u015fkan Se\u00e7er&#8217;in elinden ald\u0131. Se\u00e7er&#8217;in sanat\u00e7\u0131larla beraber sergiyi gezmesinin ve eserler hakk\u0131nda bilgi almas\u0131n\u0131n ard\u0131ndan program sona erdi.<\/p>\n","protected":false},"excerpt":{"rendered":"<p>Mersin B\u00fcy\u00fck\u015fehir Belediye Ba\u015fkan\u0131 Vahap Se\u00e7er, Mersin&#8217;e De\u011fer Katanlar (MEDEKA) Plastik Sanatlar Kurulu \u00f6nc\u00fcl\u00fc\u011f\u00fcnde hayata ge\u00e7irilen,&nbsp;&#8216;T\u00fcrkiye Cumhuriyeti&#8217;nin 101. Y\u0131l\u0131 Resim Yar\u0131\u015fmas\u0131 Sergisi&#8217;nin a\u00e7\u0131l\u0131\u015f\u0131na kat\u0131ld\u0131. Yeni\u015fehir Belediyesi Atat\u00fcrk K\u00fclt\u00fcr Merkezi Ahmet Ye\u015fil Sanat Galerisi&#8217;nde ger\u00e7ekle\u015ftirilen sergiye; Cumhuriyet Halk Partisi (CHP) Mersin Milletvekili G\u00fclcan K\u0131\u015f ve Hasan Ufuk \u00c7ak\u0131r, Yeni\u015fehir Belediye Ba\u015fkan\u0131 Abdullah \u00d6zyi\u011fit, Toroslar Belediye Ba\u015fkan\u0131 [&hellip;]<\/p>\n","protected":false},"author":2,"featured_media":38813,"comment_status":"closed","ping_status":"closed","sticky":false,"template":"","format":"standard","meta":{"footnotes":""},"categories":[2,3],"tags":[],"class_list":["post-38812","post","type-post","status-publish","format-standard","has-post-thumbnail","hentry","category-gundem","category-manset"],"views":6,"_links":{"self":[{"href":"https:\/\/mersinkadingazetesi.com\/index.php?rest_route=\/wp\/v2\/posts\/38812"}],"collection":[{"href":"https:\/\/mersinkadingazetesi.com\/index.php?rest_route=\/wp\/v2\/posts"}],"about":[{"href":"https:\/\/mersinkadingazetesi.com\/index.php?rest_route=\/wp\/v2\/types\/post"}],"author":[{"embeddable":true,"href":"https:\/\/mersinkadingazetesi.com\/index.php?rest_route=\/wp\/v2\/users\/2"}],"replies":[{"embeddable":true,"href":"https:\/\/mersinkadingazetesi.com\/index.php?rest_route=%2Fwp%2Fv2%2Fcomments&post=38812"}],"version-history":[{"count":1,"href":"https:\/\/mersinkadingazetesi.com\/index.php?rest_route=\/wp\/v2\/posts\/38812\/revisions"}],"predecessor-version":[{"id":38814,"href":"https:\/\/mersinkadingazetesi.com\/index.php?rest_route=\/wp\/v2\/posts\/38812\/revisions\/38814"}],"wp:featuredmedia":[{"embeddable":true,"href":"https:\/\/mersinkadingazetesi.com\/index.php?rest_route=\/wp\/v2\/media\/38813"}],"wp:attachment":[{"href":"https:\/\/mersinkadingazetesi.com\/index.php?rest_route=%2Fwp%2Fv2%2Fmedia&parent=38812"}],"wp:term":[{"taxonomy":"category","embeddable":true,"href":"https:\/\/mersinkadingazetesi.com\/index.php?rest_route=%2Fwp%2Fv2%2Fcategories&post=38812"},{"taxonomy":"post_tag","embeddable":true,"href":"https:\/\/mersinkadingazetesi.com\/index.php?rest_route=%2Fwp%2Fv2%2Ftags&post=38812"}],"curies":[{"name":"wp","href":"https:\/\/api.w.org\/{rel}","templated":true}]}}