{"id":38818,"date":"2025-01-18T16:55:07","date_gmt":"2025-01-18T13:55:07","guid":{"rendered":"https:\/\/mersinkadingazetesi.com\/?p=38818"},"modified":"2025-01-18T16:55:07","modified_gmt":"2025-01-18T13:55:07","slug":"deva-partili-ekmen-khk-deyince-medeni-olumler-ve-intiharlar-aklillara-geliyor-vatandas-yargida-is-cozecek-avukat-ariyor","status":"publish","type":"post","link":"https:\/\/mersinkadingazetesi.com\/?p=38818","title":{"rendered":"DEVA Partili Ekmen: KHK deyince medeni \u00f6l\u00fcmler ve intiharlar akl\u0131llara geliyor; vatanda\u015f yarg\u0131da i\u015f \u00e7\u00f6zecek avukat ar\u0131yor\u00a0"},"content":{"rendered":"\n<figure class=\"wp-block-table\"><table class=\"has-fixed-layout\"><tbody><tr><td><strong>DEVA Partisi Genel Ba\u015fkan Yard\u0131mc\u0131s\u0131 Mehmet Emin Ekmen, TBMM Genel Kurulunda T\u00fcrkiye Adalet Akademisi Kanun Teklifi \u00fczerinde yapt\u0131\u011f\u0131 konu\u015fmada, KHK ma\u011fduriyeti ve ya\u015fanan hukuksuzluklara dikkat \u00e7ekti.<\/strong><strong>&nbsp;<\/strong><strong>KHK deyince insanlar\u0131n akl\u0131na medeni&nbsp;<\/strong><strong>\u00f6<\/strong><strong>l\u00fcme mahk<\/strong><strong>\u00fb<\/strong><strong>m edilmi\u015f insanlar, intihar vakalar\u0131 geldi\u011finin alt\u0131n\u0131 \u00e7izen Ekmen, d\u00fcnyan\u0131<\/strong><strong>n en b<\/strong><strong>\u00fcy\u00fck hava liman\u0131<\/strong><strong>n\u0131n, en b<\/strong><strong>\u00fcy\u00fck adalet saraylar\u0131n\u0131<\/strong><strong>n, en b<\/strong><strong>\u00fcy\u00fck k<\/strong><strong>\u00f6<\/strong><strong>pr\u00fclerin, en uzun otobanlar\u0131n yap\u0131lmas\u0131na ra\u011fmen vatanda\u015flar\u0131n mutlu olmad\u0131\u011f\u0131n\u0131 vurgulayarak,&nbsp;<\/strong><strong>\u201c<\/strong><strong>Bug\u00fc<\/strong><strong>n ni<\/strong><strong>\u00e7in vatanda\u015f iyi bir hukuk\u00e7u aram\u0131yor da yarg\u0131da, adliyede, Yarg\u0131tay<\/strong><strong>da i<\/strong><strong>\u015f bitirecek ili\u015fkisi olan, temas\u0131 olan, m\u00fcmk\u00fcnse iktidar ittifak\u0131na yak\u0131n avukat ar\u0131yor!\u201d dedi.<\/strong>&nbsp;&nbsp;DEVA Partisi Genel Ba\u015fkan Yard\u0131mc\u0131s\u0131 ve Mersin Milletvekili Mehmet Emin Ekmen, T\u00fcrkiye Adalet Akademisi hakk\u0131ndaki kanun teklifi ile ilgili T\u00fcrkiye B\u00fcy\u00fck Millet Meclisi (TBMM) Genel Kurulunda konu\u015ftu.&nbsp;<strong>KHK deyince medeni \u00f6l\u00fcm, intiharlar ak\u0131llara geliyor!&nbsp;<\/strong>Anayasa Mahkemesinin T\u00fcrkiye Adalet Akademisi Kanunu\u2019nun KHK ile y\u00fcr\u00fcrl\u00fckten kald\u0131r\u0131lmas\u0131n\u0131 anayasaya ayk\u0131r\u0131 buldu\u011fundan dolay\u0131 teklifin TBMM\u2019ye geldi\u011fini s\u00f6yleyen Ekmen, KHK\u2019lar y\u00fcz\u00fcnden ya\u015fanan ma\u011fduriyetlere dikkat \u00e7ekerek, \u201c\u0130nsanlar&nbsp;\u2018KHK\u2019&nbsp;deyince, genel olarak hakk\u0131nda b\u0131rak\u0131n\u0131z bir davay\u0131 soru\u015fturma dahi a\u00e7\u0131lmadan i\u015fine son verilmi\u015f, SSK kayd\u0131 takip edilerek medeni&nbsp;\u00f6l\u00fcme mahk\u00fbm edilmi\u015f ve bu y\u00fcke dayanamayarak intihar vakalar\u0131yla g\u00fcndeme gelmi\u015f bir grup ma\u011fdur insan\u0131&nbsp;hat\u0131rl\u0131yor! Anayasa Mahkemesinin bu insanlar i\u00e7in de mi bir karar almas\u0131 gerekiyor ki hi\u00e7 olmazsa bir yarg\u0131lama konusu olmam\u0131\u015f veyahut da hakk\u0131nda kesinle\u015fmi\u015f beraat karar\u0131 olan arkada\u015flar vazifelerine iade edilsinler. On y\u0131l sonra bunlar\u0131n ma\u011fduriyeti ortadan kald\u0131r\u0131ls\u0131n?\u201d ifadelerini kulland\u0131.&nbsp;<strong>Vatanda\u015f, Yarg\u0131tayda i\u015f \u00e7\u00f6zecek adam ar\u0131yor!<\/strong>AK Parti milletvekillerini adalet karnesi hakk\u0131nda tefekk\u00fcre davet eden Ekmen, d\u00fcnyan\u0131n en b\u00fcy\u00fck havaliman\u0131n, en b\u00fcy\u00fck adalet saraylar\u0131n\u0131n, en b\u00fcy\u00fck k\u00f6pr\u00fclerin, en uzun otobanlar\u0131n yap\u0131lmas\u0131na ra\u011fmen vatanda\u015flar\u0131n mutlu olmad\u0131\u011f\u0131n\u0131 vurgulayarak,&nbsp;\u201cSadece uluslararas\u0131 mutluluk endekslerinden de\u011fil. Ayn\u0131 zamanda T\u00dc\u0130K&#8217;in de y\u00fcr\u00fctt\u00fc\u011f\u00fc mutluluk ve memnuniyet endekslerinden ve ara\u015ft\u0131rmalar\u0131ndan da bunu okuyabiliyoruz. Vatanda\u015f\u0131m\u0131z mutlu de\u011filse, vatanda\u015f\u0131m\u0131z memnun de\u011filse, vatanda\u015f\u0131m\u0131z verdi\u011fi oyu bile kendi zihin d\u00fcnyas\u0131ndaki bir s\u0131k\u0131\u015fm\u0131\u015fl\u0131kla cebren veriyorsa; biz bu binalar\u0131 kimin i\u00e7in yapt\u0131k! Bu binalar\u0131n i\u00e7ini yani T\u00fcrkiye&#8217;nin, d\u00fcnyan\u0131n, Avrupa&#8217;n\u0131n en b\u00fcy\u00fck adalet saraylar\u0131n\u0131n i\u00e7ini adaletle doldurabildik mi? Bug\u00fcn ni\u00e7in vatanda\u015f iyi bir hukuk\u00e7u aram\u0131yor da yarg\u0131da, adliyede, Yarg\u0131tay\u2019da i\u015f bitirecek, ili\u015fkisi olan, temas\u0131 olan, m\u00fcmk\u00fcnse iktidar ittifak\u0131na yak\u0131n avukat ar\u0131yor! Bunu avukat meslekta\u015flar\u0131m\u0131z hayat\u0131n her alan\u0131nda her g\u00fcn g\u00f6r\u00fcyorlar. Bu durum bile adalet sistemimizin i\u00e7ine d\u00fc\u015ft\u00fc\u011f\u00fc durumun hazin bir \u00e7\u0131kt\u0131s\u0131 de\u011fil midir?\u201d diye sordu.<\/td><\/tr><\/tbody><\/table><\/figure>\n","protected":false},"excerpt":{"rendered":"<p>DEVA Partisi Genel Ba\u015fkan Yard\u0131mc\u0131s\u0131 Mehmet Emin Ekmen, TBMM Genel Kurulunda T\u00fcrkiye Adalet Akademisi Kanun Teklifi \u00fczerinde yapt\u0131\u011f\u0131 konu\u015fmada, KHK ma\u011fduriyeti ve ya\u015fanan hukuksuzluklara dikkat \u00e7ekti.&nbsp;KHK deyince insanlar\u0131n akl\u0131na medeni&nbsp;\u00f6l\u00fcme mahk\u00fbm edilmi\u015f insanlar, intihar vakalar\u0131 geldi\u011finin alt\u0131n\u0131 \u00e7izen Ekmen, d\u00fcnyan\u0131n en b\u00fcy\u00fck hava liman\u0131n\u0131n, en b\u00fcy\u00fck adalet saraylar\u0131n\u0131n, en b\u00fcy\u00fck k\u00f6pr\u00fclerin, en uzun otobanlar\u0131n yap\u0131lmas\u0131na [&hellip;]<\/p>\n","protected":false},"author":2,"featured_media":38529,"comment_status":"closed","ping_status":"closed","sticky":false,"template":"","format":"standard","meta":{"footnotes":""},"categories":[3,11],"tags":[],"class_list":["post-38818","post","type-post","status-publish","format-standard","has-post-thumbnail","hentry","category-manset","category-teknoloji"],"views":8,"_links":{"self":[{"href":"https:\/\/mersinkadingazetesi.com\/index.php?rest_route=\/wp\/v2\/posts\/38818"}],"collection":[{"href":"https:\/\/mersinkadingazetesi.com\/index.php?rest_route=\/wp\/v2\/posts"}],"about":[{"href":"https:\/\/mersinkadingazetesi.com\/index.php?rest_route=\/wp\/v2\/types\/post"}],"author":[{"embeddable":true,"href":"https:\/\/mersinkadingazetesi.com\/index.php?rest_route=\/wp\/v2\/users\/2"}],"replies":[{"embeddable":true,"href":"https:\/\/mersinkadingazetesi.com\/index.php?rest_route=%2Fwp%2Fv2%2Fcomments&post=38818"}],"version-history":[{"count":1,"href":"https:\/\/mersinkadingazetesi.com\/index.php?rest_route=\/wp\/v2\/posts\/38818\/revisions"}],"predecessor-version":[{"id":38819,"href":"https:\/\/mersinkadingazetesi.com\/index.php?rest_route=\/wp\/v2\/posts\/38818\/revisions\/38819"}],"wp:featuredmedia":[{"embeddable":true,"href":"https:\/\/mersinkadingazetesi.com\/index.php?rest_route=\/wp\/v2\/media\/38529"}],"wp:attachment":[{"href":"https:\/\/mersinkadingazetesi.com\/index.php?rest_route=%2Fwp%2Fv2%2Fmedia&parent=38818"}],"wp:term":[{"taxonomy":"category","embeddable":true,"href":"https:\/\/mersinkadingazetesi.com\/index.php?rest_route=%2Fwp%2Fv2%2Fcategories&post=38818"},{"taxonomy":"post_tag","embeddable":true,"href":"https:\/\/mersinkadingazetesi.com\/index.php?rest_route=%2Fwp%2Fv2%2Ftags&post=38818"}],"curies":[{"name":"wp","href":"https:\/\/api.w.org\/{rel}","templated":true}]}}