{"id":38820,"date":"2025-01-18T17:01:08","date_gmt":"2025-01-18T14:01:08","guid":{"rendered":"https:\/\/mersinkadingazetesi.com\/?p=38820"},"modified":"2025-01-18T17:01:09","modified_gmt":"2025-01-18T14:01:09","slug":"silifke-kent-lokantasi-acildi","status":"publish","type":"post","link":"https:\/\/mersinkadingazetesi.com\/?p=38820","title":{"rendered":"S\u0130L\u0130FKE KENT LOKANTASI A\u00c7ILDI"},"content":{"rendered":"\n<p>Silifke Belediyesi\u2019nin dar gelirli vatanda\u015flar\u0131n b\u00fct\u00e7elerine destek olmak i\u00e7in hayata ge\u00e7irdi\u011fi Kent Lokantas\u0131,&nbsp;t\u00f6renle hizmete a\u00e7\u0131ld\u0131.<\/p>\n\n\n\n<p>Silifke Belediyesi&nbsp;Kent Lokantas\u0131\u2019n\u0131n a\u00e7\u0131l\u0131\u015f\u0131na CHP Mersin Milletvekili Talat Din\u00e7er, eski Mersin Milletvekili&nbsp;Ali Su, \u0130l\u00e7e Kaymakam\u0131 Abdullah Aslaner, sanat\u00e7\u0131 Mersinli \u0130smail, CHP \u0130l\u00e7e Ba\u015fkan\u0131 G\u00f6khan Arslan, belediye meclis \u00fcyeleri, mahalle muhtarlar\u0131 ve vatanda\u015flar kat\u0131ld\u0131. A\u00e7\u0131l\u0131\u015fta&nbsp;Ba\u015fkan Turgut ve CHP Mersin Milletvekili Talat Din\u00e7er, vatanda\u015flara yemek ikram etti.<\/p>\n\n\n\n<p>T\u00f6rende konu\u015fan Ba\u015fkan Turgut, \u015funlar\u0131 kaydetti:<\/p>\n\n\n\n<p>\u201c\u00c7ok de\u011ferli misafirlerimiz, k\u0131ymetli hem\u015fehrilerim. B\u00f6ylesi \u00f6nemli bir a\u00e7\u0131l\u0131\u015fta bizleri yaln\u0131z b\u0131rakmad\u0131\u011f\u0131n\u0131z i\u00e7in te\u015fekk\u00fcr ederiz. Asl\u0131nda bu a\u00e7\u0131l\u0131\u015fta genel ba\u015fkan yard\u0131mc\u0131lar\u0131m\u0131z, milletvekillerimiz d\u00fczeyinde yo\u011fun bir kat\u0131l\u0131m olacakt\u0131 ama biliyorsunuz \u0130stanbul\u2019daki geli\u015fmeleri. Genel Ba\u015fkan\u0131m\u0131z olmak \u00fczere t\u00fcm genel ba\u015fkan yard\u0131mc\u0131lar\u0131m\u0131z ve milletvekillerimiz \u015fu anda \u0130stanbul\u2019dalar. Genel Ba\u015fkan\u0131m\u0131z\u0131n izni ile bug\u00fcn bizi Talat Din\u00e7er milletvekilimiz yaln\u0131z b\u0131rakmad\u0131. Kendisine \u00e7ok te\u015fekk\u00fcr ediyoruz. Ben bu vesile ile Esenyurt Belediye Ba\u015fkan\u0131m\u0131za ve Be\u015fikta\u015f Belediye Ba\u015fkan\u0131m\u0131za ge\u00e7mi\u015f olsun dileklerimi iletiyorum. Diyoruz ki hizmete devam&#8230; Biz kampanya s\u00fcresince de s\u0131k\u00e7a bahsettik. Bu d\u00f6nem \u00fclkemizin i\u00e7inde bulundu\u011fu ekonomik \u015fartlar malum, enflasyon ge\u00e7im s\u0131k\u0131nt\u0131s\u0131 malum. Dolay\u0131s\u0131yla bu d\u00f6nemimizde sosyal hizmetlere a\u011f\u0131rl\u0131k verece\u011fimizi belirttik ve \u015fimdi de daha bir y\u0131l\u0131m\u0131z dolmadan belki de en \u00f6nemli hizmetlerimizden birinin a\u00e7\u0131l\u0131\u015f\u0131n\u0131 yapman\u0131n gururunu ya\u015f\u0131yoruz. Cumhuriyet Halk Partili belediyelerin art arda hayata ge\u00e7irdi\u011fi Kent Lokantas\u0131\u2019n\u0131 Silifke il\u00e7emizde de a\u00e7maktan b\u00fcy\u00fck bir mutluluk duyuyoruz. Siz de\u011ferli vatanda\u015flar\u0131m\u0131zla lezzetli yemekleri en uygun fiyata sunman\u0131n heyecan\u0131 ve mutlulu\u011funu payla\u015f\u0131yoruz. Saray Mahallesi Ta\u015fucu Dura\u011f\u0131 yan\u0131nda hizmet verecek lokantam\u0131z, \u00f6zellikle dar gelirli vatanda\u015flar\u0131m\u0131z\u0131n b\u00fct\u00e7esine katk\u0131 sa\u011flayacak \u015fekilde dizayn edilmi\u015f olup, ekonomik ve sa\u011fl\u0131kl\u0131 yemek se\u00e7enekleri sunarak, halk\u0131n g\u00fcnl\u00fck ya\u015fam\u0131n\u0131 kolayla\u015ft\u0131rmay\u0131 hedeflemektedir. Halk\u0131n belediyesi olarak, halk\u0131m\u0131z\u0131n en g\u00fczel \u015fekilde ya\u015famas\u0131 i\u00e7in t\u00fcm gayretimizle \u00e7al\u0131\u015f\u0131yoruz. \u00d6zellikle ekonomik s\u0131k\u0131nt\u0131 ya\u015fayan vatanda\u015flar\u0131m\u0131z\u0131n yemek ihtiya\u00e7lar\u0131n\u0131 kar\u015f\u0131layabilece\u011fi, sa\u011fl\u0131kl\u0131 ve dengeli beslenme imkan\u0131 bulaca\u011f\u0131 g\u00fczel bir mekan olu\u015fturduk. Kent Lokantam\u0131z, sadece uygun fiyatl\u0131 yemeklerin sunuldu\u011fu bir yer olmayacak; ayn\u0131 zamanda dayan\u0131\u015fman\u0131n ve payla\u015fman\u0131n da adresi olacak. Cumhuriyet Halk Partili belediyeler olarak vatanda\u015flar\u0131m\u0131z\u0131n \u00fczerindeki y\u00fck\u00fc bir nebze olsun hafifletmek amac\u0131yla gece g\u00fcnd\u00fcz demeden \u00e7al\u0131\u015f\u0131yoruz. &#8216;\u0130\u015fimiz g\u00fcc\u00fcm\u00fcz Silifke&#8217; slogan\u0131yla \u00e7\u0131kt\u0131\u011f\u0131m\u0131z bu hizmette, siz de\u011ferli halk\u0131m\u0131z\u0131 payla\u015fmaya, bir ve beraber olmaya davet ediyorum.\u201d<\/p>\n\n\n\n<p>Silifke Belediyesi taraf\u0131ndan hayata ge\u00e7irilen di\u011fer hizmet ve projeleri de anlatan Ba\u015fkan Turgut, sosyal belediyecilik projelerinin devam edece\u011fini ve her ya\u015ftan, her gelir grubundan insan\u0131n ihtiya\u00e7lar\u0131na hitap eden yeni projelerle halk\u0131n yan\u0131nda olacaklar\u0131n\u0131 belirtti.<\/p>\n\n\n\n<p><strong>\u201cBu zor g\u00fcnlerde birbirimize s\u0131k\u0131 s\u0131k\u0131ya sar\u0131lmal\u0131y\u0131z\u201d<\/strong><\/p>\n\n\n\n<p>CHP Mersin Milletvekili Talat Din\u00e7er ise \u201cHalk\u0131n se\u00e7ti\u011fi Cumhuriyet Halk Partili ba\u015fkanlar, belediye b\u00fct\u00e7esini kent lokantas\u0131, ula\u015f\u0131m, erzak, kre\u015f, e\u011fitim i\u00e7in ay\u0131r\u0131yor. Silifke Belediyesi\u2019nin sosyal belediyecilik anlay\u0131\u015f\u0131yla hayata ge\u00e7irdi\u011fi ve \u00f6zellikle dar gelirli vatanda\u015flar\u0131n b\u00fct\u00e7elerine destek olmay\u0131 ama\u00e7lad\u0131\u011f\u0131 Kent Lokantas\u0131, Silifkemize hay\u0131rl\u0131 ve u\u011furlu olsun\u201d diye konu\u015ftu.<\/p>\n","protected":false},"excerpt":{"rendered":"<p>Silifke Belediyesi\u2019nin dar gelirli vatanda\u015flar\u0131n b\u00fct\u00e7elerine destek olmak i\u00e7in hayata ge\u00e7irdi\u011fi Kent Lokantas\u0131,&nbsp;t\u00f6renle hizmete a\u00e7\u0131ld\u0131. Silifke Belediyesi&nbsp;Kent Lokantas\u0131\u2019n\u0131n a\u00e7\u0131l\u0131\u015f\u0131na CHP Mersin Milletvekili Talat Din\u00e7er, eski Mersin Milletvekili&nbsp;Ali Su, \u0130l\u00e7e Kaymakam\u0131 Abdullah Aslaner, sanat\u00e7\u0131 Mersinli \u0130smail, CHP \u0130l\u00e7e Ba\u015fkan\u0131 G\u00f6khan Arslan, belediye meclis \u00fcyeleri, mahalle muhtarlar\u0131 ve vatanda\u015flar kat\u0131ld\u0131. A\u00e7\u0131l\u0131\u015fta&nbsp;Ba\u015fkan Turgut ve CHP Mersin Milletvekili Talat [&hellip;]<\/p>\n","protected":false},"author":2,"featured_media":38821,"comment_status":"closed","ping_status":"closed","sticky":false,"template":"","format":"standard","meta":{"footnotes":""},"categories":[3],"tags":[],"class_list":["post-38820","post","type-post","status-publish","format-standard","has-post-thumbnail","hentry","category-manset"],"views":5,"_links":{"self":[{"href":"https:\/\/mersinkadingazetesi.com\/index.php?rest_route=\/wp\/v2\/posts\/38820"}],"collection":[{"href":"https:\/\/mersinkadingazetesi.com\/index.php?rest_route=\/wp\/v2\/posts"}],"about":[{"href":"https:\/\/mersinkadingazetesi.com\/index.php?rest_route=\/wp\/v2\/types\/post"}],"author":[{"embeddable":true,"href":"https:\/\/mersinkadingazetesi.com\/index.php?rest_route=\/wp\/v2\/users\/2"}],"replies":[{"embeddable":true,"href":"https:\/\/mersinkadingazetesi.com\/index.php?rest_route=%2Fwp%2Fv2%2Fcomments&post=38820"}],"version-history":[{"count":1,"href":"https:\/\/mersinkadingazetesi.com\/index.php?rest_route=\/wp\/v2\/posts\/38820\/revisions"}],"predecessor-version":[{"id":38822,"href":"https:\/\/mersinkadingazetesi.com\/index.php?rest_route=\/wp\/v2\/posts\/38820\/revisions\/38822"}],"wp:featuredmedia":[{"embeddable":true,"href":"https:\/\/mersinkadingazetesi.com\/index.php?rest_route=\/wp\/v2\/media\/38821"}],"wp:attachment":[{"href":"https:\/\/mersinkadingazetesi.com\/index.php?rest_route=%2Fwp%2Fv2%2Fmedia&parent=38820"}],"wp:term":[{"taxonomy":"category","embeddable":true,"href":"https:\/\/mersinkadingazetesi.com\/index.php?rest_route=%2Fwp%2Fv2%2Fcategories&post=38820"},{"taxonomy":"post_tag","embeddable":true,"href":"https:\/\/mersinkadingazetesi.com\/index.php?rest_route=%2Fwp%2Fv2%2Ftags&post=38820"}],"curies":[{"name":"wp","href":"https:\/\/api.w.org\/{rel}","templated":true}]}}