{"id":38823,"date":"2025-01-18T18:46:14","date_gmt":"2025-01-18T15:46:14","guid":{"rendered":"https:\/\/mersinkadingazetesi.com\/?p=38823"},"modified":"2025-01-18T18:46:14","modified_gmt":"2025-01-18T15:46:14","slug":"cakir-mersinde-2025i-sanayide-yesil-donusum-yili-ilan-ettik","status":"publish","type":"post","link":"https:\/\/mersinkadingazetesi.com\/?p=38823","title":{"rendered":"\u00c7ak\u0131r: &#8220;Mersin&#8217;de 2025&#8217;i Sanayide Ye\u015fil D\u00f6n\u00fc\u015f\u00fcm Y\u0131l\u0131 ilan ettik&#8221;"},"content":{"rendered":"\n<p>Mersin Ticaret ve Sanayi Odas\u0131 (MTSO) Y\u00f6netim Kurulu Ba\u015fkan\u0131 Hakan Sefa \u00c7ak\u0131r, Bloomberg HT&#8217;de 60 Dakika Program\u0131&#8217;nda Zeynep \u00d6zyol&#8217;un canl\u0131 yay\u0131n konu\u011fu oldu. Sanayide ye\u015fil d\u00f6n\u00fc\u015f\u00fcm\u00fcn konu\u015fuldu\u011fu programda \u00c7ak\u0131r, Mersin&#8217;de 2025&#8217;iMersin Ticaret ve Sanayi Odas\u0131, Mersin&nbsp;Organize Sanayi B\u00f6lgesi ve di\u011fer OSB\u2019lerle birlikte&nbsp;Sanayide Ye\u015fil D\u00f6n\u00fc\u015f\u00fcm Y\u0131l\u0131&nbsp;ilan ettiklerini a\u00e7\u0131klad\u0131. Programdan sat\u0131r ba\u015flar\u0131 \u015f\u00f6yle:&nbsp;<\/p>\n\n\n\n<p><strong>SORU: Mersin\u2019in a\u011f\u0131rl\u0131kl\u0131 olarak tar\u0131m ve g\u0131da taraf\u0131yla ili\u015fkili bir kent oldu\u011funu d\u00fc\u015f\u00fcn\u00fcrsek bakt\u0131\u011f\u0131n\u0131zda hem jeopolitik geli\u015fmeler, Suriye\u2019yi kastediyorum. Hem ekonomik durgunluk hem iklim de\u011fi\u015fikli\u011fi olarak bak\u0131nca nas\u0131l bir analiz yap\u0131yorsunuz? Mersin olarak 2025\u2019te neleri \u00f6ncelemek, de\u011ferlendirmek durumundas\u0131n\u0131z?<\/strong><\/p>\n\n\n\n<p>&#8211; Mersin tar\u0131mda, lojistik, turizm ve sanayide \u00e7ok h\u0131zl\u0131 ilerliyor. \u00d6zellikle son d\u00f6nemlerde savunma sanayinde \u00f6nemlim yol ald\u0131k. \u00c7ok kimlikli bir \u015fehir. Bir noktada gitmiyoruz. Yumurtalar\u0131n hepsini bir sepette toplam\u0131yoruz. \u015eu anda iklim de\u011fi\u015fikli\u011finde &nbsp;sanayide \u00e7al\u0131\u015f\u0131yoruz. \u0130klim de\u011fi\u015fikli\u011finden kaynakl\u0131 olarak \u00fczerinde durdu\u011fumuz Ye\u015fil Mutabakat\u0131m\u0131z var. Ye\u015fil sanayiye d\u00f6n\u00fc\u015f \u00e7al\u0131\u015fmas\u0131 var. Karbon vergisi \u00e7al\u0131\u015fmas\u0131 var.&nbsp;<\/p>\n\n\n\n<p>&#8211; Biz de \u015fu anda Mersin\u2019de sanayi olarak 5. ve 6. organize sanayi b\u00f6lgesi \u00e7al\u0131\u015fmalar\u0131n\u0131 tamamlad\u0131k. 7. sanayi i\u00e7in \u00e7al\u0131\u015fmalar s\u00fcr\u00fcyor. Tamamland\u0131\u011f\u0131nda 50 bin ki\u015filik istihdam olu\u015facak. Geli\u015fen sanayimiz nedeniyle Mersin\u2019de biz de \u015fu anda Mersin Ticaret ve Sanayi Odas\u0131 olarak, Mersin Organize Sanayi B\u00f6lgesi ve t\u00fcm sanayicilerimiz olarak &nbsp;2025\u2019i Sanayide Ye\u015fil D\u00f6n\u00fc\u015f\u00fcm Y\u0131l\u0131 ilan ettik.&nbsp;<\/p>\n\n\n\n<p>&#8211; Bilindi\u011fi gibi AB \u00fclkelerine yap\u0131lacak ihracatlarda 2026\u2019dan itibaren karbon vergisi al\u0131nmaya ba\u015flayacak. T\u00fcrkiye\u2019deki t\u00fcm sanayiyi etkileyecek. Biz de bu konuda neler yapaca\u011f\u0131m\u0131z \u00fczerinde \u00e7al\u0131\u015f\u0131yoruz.&nbsp;<\/p>\n\n\n\n<p><strong>SORU: En \u00e7ok hangi sekt\u00f6rler etkilenecek? Ak\u0131\u015f\u0131n neresindeyiz?<\/strong><\/p>\n\n\n\n<p>&#8211; AB neden b\u00f6yle bir \u015feye giri\u015fti \u00f6nce bunu anlatay\u0131m. 2015 Paris \u0130klim S\u00f6zle\u015fmesinden kaynakl\u0131 olarak bu konuda \u00e7al\u0131\u015f\u0131yorlar. Hedef, 2050\u2019de n\u00f6tr k\u0131ta olma. T\u00fcrkiye de 2053 hedefini koydu. \u0130kincisi Ukrayna &#8211; Rusya Sava\u015f\u0131\u2019ndan dolay\u0131 enerji arz sorunu ya\u015fand\u0131. AB\u2019de enerji fiyatlar\u0131 y\u00fckseldi. &nbsp;Enerji ba\u011f\u0131ml\u0131l\u0131\u011f\u0131n\u0131n azalt\u0131lmas\u0131 gerekti. AB de enerjiyi az t\u00fcketen, s\u00fcrd\u00fcr\u00fclebilir olan \u00fcr\u00fcnlere do\u011fru ge\u00e7i\u015f politikas\u0131 yapmam\u0131z laz\u0131m dedi. Ham maddelerden ba\u015flayarak \u00fcretim a\u015famas\u0131na, t\u00fcketim a\u015famas\u0131ndan at\u0131k y\u00f6netim a\u015famas\u0131na kadar her alanda karbon ayak izini takip etme karar\u0131 ald\u0131 ve karbon vergisi koyaca\u011f\u0131n\u0131 s\u00f6yledi.&nbsp;<\/p>\n\n\n\n<p>&#8211; Bildi\u011finiz gibi bizim T\u00fcrkiye olarak ihracat\u0131m\u0131z\u0131n y\u00fczde 50\u2019si AB \u00fclkelerine ger\u00e7ekle\u015fiyor. Bu nedenle konulan hedef, talepler ba\u015flang\u0131\u00e7ta bak\u0131nca bizi olumsuz y\u00f6nde etkileyecek gibi g\u00f6r\u00fcn\u00fcyor ama bunu bir f\u0131rsata \u00e7evirebiliriz. Olumsuz etkileme sebebi bizim \u015fu anda mevcutta orta seviyede teknoloji yap\u0131s\u0131na sahip olmam\u0131z. Bu nedenle karbondan en \u00e7ok etkilenecek \u00fclkeler aras\u0131nday\u0131z.&nbsp;<\/p>\n\n\n\n<p>&#8211; Asl\u0131nda AB biraz da kendi \u00fcye \u00fclkelerini \u00c7in\u2019e kar\u015f\u0131 ve rekabet edemedi\u011fi \u00fclkelere kar\u015f\u0131 rekabet edebilir duruma getirdi. Bu karbon vergisini koyarak \u00c7in\u2019i piyasalardan biraz daha d\u0131\u015flamak istedi. T\u00fcrkiye\u2019nin de bu teknolojiye sahip olmas\u0131 gerekiyor. 2025\u2019te bu sisteme h\u0131zla d\u00f6nebilirsek \u00c7in\u2019in bu pazara girememesi nedeniyle Avrupa\u2019da avantajl\u0131 duruma gelebiliriz. H\u0131zl\u0131 \u015fekilde \u00fclke olarak ye\u015fil \u00fcretim yapabilirsek sadece AB de de\u011fil, uluslararas\u0131 boyutta bir devrim yapabiliriz. Sanayide hem teknoloji hem verimlilik a\u00e7\u0131s\u0131ndan normal bir ihracat\u00e7\u0131 de\u011fil lider bir ihracat\u00e7\u0131 konumuna gelebiliriz.&nbsp;<\/p>\n\n\n\n<p>&#8211; Orta teknolojiden de bu sayede y\u00fcksek teknolojiye ge\u00e7ebiliriz. Bu d\u00fczeni olu\u015fturmal\u0131y\u0131z.&nbsp;<\/p>\n\n\n\n<p><strong>SORU: Ne kadar h\u0131zlanmak gerek hangi desteklere ihtiya\u00e7 var? Hangi sekt\u00f6rler \u00f6ncelik al\u0131nmal\u0131.&nbsp;<\/strong><\/p>\n\n\n\n<p>&#8211; \u00d6ncelikli sekt\u00f6rler \u00e7imento, demir \u00e7elik, al\u00fcminyum, elektrik, hidrojen sekt\u00f6rleri. Bizi etkileyecek sekt\u00f6rler \u00e7imento, \u00e7elik metal, otomobil, tekstil ve kimya. Sonra g\u0131da, ambalaj bili\u015fim gibi t\u00fcm sekt\u00f6rlere n\u00fcfus edecek.&nbsp;<\/p>\n\n\n\n<p>&#8211; En fazla karbon ayak izi olan sekt\u00f6rler \u00e7imento ve demir-\u00e7elik. Ama di\u011ferleri de haz\u0131r olmal\u0131. Bu nedenle d\u00f6n\u00fc\u015f\u00fcm i\u00e7in ciddi desteklere ihtiya\u00e7 olacak. Finans desteklerine ihtiya\u00e7 olacak. Ge\u00e7en hafta bu konuda \u00c7evre \u015eehircilik ve \u0130klim De\u011fi\u015fikli\u011fi Bakanl\u0131\u011f\u0131 ile Sanayi Bakanl\u0131\u011f\u0131 bir y\u00f6netmelik haz\u0131rlad\u0131. ETS ile ilgili. Ondan sonra da yine iki bakanl\u0131\u011f\u0131m\u0131z \u00c7evre ve Sanayi Bakanl\u0131\u011f\u0131m\u0131z D\u00fcnya Bankas\u0131 ile bir kredi anla\u015fmas\u0131 yapt\u0131. Buna imza koyduk ve dedik ki 2053\u2019te n\u00f6tr karbon yapaca\u011f\u0131z. 2030\u2019a kadar karbonu y\u00fczde 50 azaltaca\u011f\u0131z. D\u00fcnya Bankas\u0131 da bize ye\u015fil krediler vermeye ba\u015flad\u0131.&nbsp;<\/p>\n\n\n\n<p>&#8211; Mevcut durumda T\u00dcB\u0130TAK ya da KOSGEB kredileri var. Sanayi Ye\u015fil D\u00f6n\u00fc\u015f\u00fcm Belgesi alan firmalara da uzun vadeli d\u00fc\u015f\u00fck krediler verilmeye ba\u015flayacak. Sanayicimiz zaten rahat \u015fartlarda \u00e7al\u0131\u015fm\u0131yor, finansman zorlu\u011fu ya\u015fan\u0131yor, ihracat\u00e7\u0131lar kurdan dolay\u0131 da zorlan\u0131yor bu krediler k\u00fc\u00e7\u00fck KOB\u0130\u2019lere kadar ula\u015f\u0131rsa bir avantaj olacak. Sanayicimiz de bir f\u0131rsat yakalay\u0131p d\u00f6n\u00fc\u015febilecek.&nbsp;<\/p>\n\n\n\n<p><strong>SORU: Pazar\u0131 kapt\u0131rmamak i\u00e7in ABD \u2013 \u00c7in gerilimi ve Avrupa\u2019n\u0131n Amerika\u2019n\u0131n k\u0131s\u0131tlamalar\u0131na uyum g\u00f6stermesi halinde T\u00fcrkiye a\u00e7\u0131s\u0131ndan f\u0131rsat do\u011fabilece\u011fi s\u00f6yleniyor. Avrupa\u2019n\u0131n sekt\u00f6rler baz\u0131ndaki ara\u015ft\u0131rmalar\u0131nda da T\u00fcrkiye avantajl\u0131 \u00fclke olarak telaffuz ediliyor ne kadar s\u00fcremiz var?<\/strong><\/p>\n\n\n\n<p>&#8211; Bir y\u0131l\u0131m\u0131z var. 2024\u2019ten beri TOBB ve ba\u011fl\u0131 t\u00fcm odalar neler yapabilece\u011fimize bak\u0131yoruz. Sanayide Ye\u015fil D\u00f6n\u00fc\u015f\u00fcm Y\u0131l\u0131 ilan etmemizin sebebi &nbsp;de bu. Kredilerden yararlan\u0131r KOB\u0130\u2019leri d\u00f6n\u00fc\u015ft\u00fcrebilirsek 2026\u2019ya \u00e7ok avantajl\u0131 ba\u015flayabiliriz. Hem e\u011fitim verece\u011fiz hem karbon \u00f6l\u00e7\u00fcmlerimizi yapaca\u011f\u0131z.&nbsp;<\/p>\n\n\n\n<p>&#8211; Emisyon Ticaret Sisteminden (ETS) de biraz bahsedeyim. \u0130\u015fletmelerin kendi aralar\u0131ndaki karbon ticaret sistemine deniyor. ETS denilen i\u015fletmeler kendi emisyonlar\u0131 kar\u015f\u0131l\u0131\u011f\u0131nda karbon tahsisatlar\u0131n\u0131 olu\u015fturmas\u0131 gerekiyor. \u0130\u015fletmelerin kendi karbon tahsisat\u0131n\u0131n n\u00f6tr olmas\u0131 gerekiyor.&nbsp;<\/p>\n\n\n\n<p>&#8211; 1 ton karbona kar\u015f\u0131 gelen emisyon tahsisat olarak adland\u0131r\u0131l\u0131yor. Bir borsa gibi d\u00fc\u015f\u00fcn\u00fcn. Tahsisatlar\u0131 da hisse senedi d\u00fc\u015f\u00fcn\u00fcn. AB tahsisatlar\u0131 sunuyor ve bir bedel kar\u015f\u0131l\u0131\u011f\u0131 veriyor. Haftal\u0131k da bir fiyat belirlenecek. 2026 sonras\u0131 karbon fazlan\u0131z varsa bu tahsisatlar\u0131 almak zorundas\u0131n\u0131z. Bu hafta ton ba\u015f\u0131 de\u011feri 78 Euro. Bu da size ciddi maliyet getirecek. 2034\u2019e kadar tahsisatlar piyasadan \u00e7ekilmeye ba\u015flayacak. AB ETS Sistemi \u015fu anda 100 sunuyorsa azalarak s\u0131f\u0131ra d\u00f6necek. Para verseniz de bu tahsisatlar\u0131 bulamayacaksan\u0131z.&nbsp;<\/p>\n\n\n\n<p>&#8211; AB\u2019ye ihracat yapacaksan\u0131z d\u00f6n\u00fc\u015f\u00fcm\u00fc sa\u011flamak zorundas\u0131n\u0131z ya da maliyetle m\u00fccadele etmeniz gerekecek.&nbsp;<\/p>\n\n\n\n<p>&#8211; \u015e\u00f6yle bir art\u0131 var. Karbon ayak izi d\u00fc\u015f\u00fck firmalar avantaj sa\u011flayabilecek. Ciddi paralarla tahsisatlar\u0131 satacak. T\u00fcrkiye olarak emisyon ticaret sistemini biz de kuraca\u011f\u0131z. T\u00fcrkiye\u2019de de b\u00fcy\u00fck ticari al\u0131\u015fveri\u015f olacak. Karbonu fazla olan az olandan sat\u0131n alacak. Avantaj Avrupa\u2019ya g\u00f6re ucuz olacak. Bu nedenle ye\u015fil d\u00f6n\u00fc\u015f\u00fcm\u00fc sa\u011flay\u0131p kendi tahsisatlar\u0131m\u0131z\u0131 olu\u015fturmal\u0131y\u0131z. AB desteklerinden h\u0131zla faydalanmal\u0131y\u0131z. Hem \u00e7evre hem s\u00fcrd\u00fcr\u00fclebilir ticaret i\u00e7in bu d\u00f6n\u00fc\u015f\u00fcm\u00fc f\u0131rsata \u00e7evirmeliyiz.&nbsp;<\/p>\n","protected":false},"excerpt":{"rendered":"<p>Mersin Ticaret ve Sanayi Odas\u0131 (MTSO) Y\u00f6netim Kurulu Ba\u015fkan\u0131 Hakan Sefa \u00c7ak\u0131r, Bloomberg HT&#8217;de 60 Dakika Program\u0131&#8217;nda Zeynep \u00d6zyol&#8217;un canl\u0131 yay\u0131n konu\u011fu oldu. Sanayide ye\u015fil d\u00f6n\u00fc\u015f\u00fcm\u00fcn konu\u015fuldu\u011fu programda \u00c7ak\u0131r, Mersin&#8217;de 2025&#8217;iMersin Ticaret ve Sanayi Odas\u0131, Mersin&nbsp;Organize Sanayi B\u00f6lgesi ve di\u011fer OSB\u2019lerle birlikte&nbsp;Sanayide Ye\u015fil D\u00f6n\u00fc\u015f\u00fcm Y\u0131l\u0131&nbsp;ilan ettiklerini a\u00e7\u0131klad\u0131. Programdan sat\u0131r ba\u015flar\u0131 \u015f\u00f6yle:&nbsp; SORU: Mersin\u2019in a\u011f\u0131rl\u0131kl\u0131 olarak [&hellip;]<\/p>\n","protected":false},"author":2,"featured_media":38824,"comment_status":"closed","ping_status":"closed","sticky":false,"template":"","format":"standard","meta":{"footnotes":""},"categories":[34,3,5],"tags":[],"class_list":["post-38823","post","type-post","status-publish","format-standard","has-post-thumbnail","hentry","category-flas-haber","category-manset","category-mersin"],"views":6,"_links":{"self":[{"href":"https:\/\/mersinkadingazetesi.com\/index.php?rest_route=\/wp\/v2\/posts\/38823"}],"collection":[{"href":"https:\/\/mersinkadingazetesi.com\/index.php?rest_route=\/wp\/v2\/posts"}],"about":[{"href":"https:\/\/mersinkadingazetesi.com\/index.php?rest_route=\/wp\/v2\/types\/post"}],"author":[{"embeddable":true,"href":"https:\/\/mersinkadingazetesi.com\/index.php?rest_route=\/wp\/v2\/users\/2"}],"replies":[{"embeddable":true,"href":"https:\/\/mersinkadingazetesi.com\/index.php?rest_route=%2Fwp%2Fv2%2Fcomments&post=38823"}],"version-history":[{"count":1,"href":"https:\/\/mersinkadingazetesi.com\/index.php?rest_route=\/wp\/v2\/posts\/38823\/revisions"}],"predecessor-version":[{"id":38825,"href":"https:\/\/mersinkadingazetesi.com\/index.php?rest_route=\/wp\/v2\/posts\/38823\/revisions\/38825"}],"wp:featuredmedia":[{"embeddable":true,"href":"https:\/\/mersinkadingazetesi.com\/index.php?rest_route=\/wp\/v2\/media\/38824"}],"wp:attachment":[{"href":"https:\/\/mersinkadingazetesi.com\/index.php?rest_route=%2Fwp%2Fv2%2Fmedia&parent=38823"}],"wp:term":[{"taxonomy":"category","embeddable":true,"href":"https:\/\/mersinkadingazetesi.com\/index.php?rest_route=%2Fwp%2Fv2%2Fcategories&post=38823"},{"taxonomy":"post_tag","embeddable":true,"href":"https:\/\/mersinkadingazetesi.com\/index.php?rest_route=%2Fwp%2Fv2%2Ftags&post=38823"}],"curies":[{"name":"wp","href":"https:\/\/api.w.org\/{rel}","templated":true}]}}