{"id":38826,"date":"2025-01-19T09:19:34","date_gmt":"2025-01-19T06:19:34","guid":{"rendered":"https:\/\/mersinkadingazetesi.com\/?p=38826"},"modified":"2025-01-19T09:19:34","modified_gmt":"2025-01-19T06:19:34","slug":"kuresel-yelken-toplulugu-bodrumda-bulustu","status":"publish","type":"post","link":"https:\/\/mersinkadingazetesi.com\/?p=38826","title":{"rendered":"K\u00dcRESEL YELKEN TOPLULU\u011eU BODRUM&#8217;DA BULU\u015eTU"},"content":{"rendered":"\n<p><strong>Bodrum&#8217;da heyecan verici yelken m\u00fccadelelerine sahne olacak Tenzor International Cup J\/70 K\u0131\u015f Serisi 2. Ayak yar\u0131\u015flar\u0131, 16 Ocak Per\u015fembe g\u00fcn\u00fc ba\u015flad\u0131.<u><\/u><u><\/u><\/strong><\/p>\n\n\n\n<p>Tenzor Yelken Kul\u00fcb\u00fc T\u00fcrkiye&#8217;nin ev sahipli\u011finde d\u00fczenlenen Tenzor International Cup &#8211; J\/70 A\u00e7\u0131k K\u0131\u015f Serisi 2024-2025&#8217;in 2. Aya\u011f\u0131, 4 g\u00fcn s\u00fcrecek heyecan dolu yar\u0131\u015flara sahne olacak.<\/p>\n\n\n\n<h3 class=\"wp-block-heading\"><a><\/a><strong>K\u00dcRESEL YELKEN TOPLULU\u011eU BODRUM&#8217;DA BULU\u015eTU<u><\/u><u><\/u><\/strong><\/h3>\n\n\n\n<p>Tenzor Yelken Kul\u00fcb\u00fc T\u00fcrkiye CEO&#8217;su Burak Zengin, &#8220;Ba\u015flang\u0131\u00e7tan biti\u015fe kadar b\u00fcy\u00fck yelken m\u00fccadelelerinin tad\u0131n\u0131 \u00e7\u0131karmak i\u00e7in can at\u0131yoruz ve t\u00fcm kat\u0131l\u0131mc\u0131lar\u0131n unutulmaz duygular ya\u015famas\u0131n\u0131 diliyoruz&#8221; \u015feklinde konu\u015ftu.<\/p>\n\n\n\n<h3 class=\"wp-block-heading\"><a><\/a><strong>\u0130LK AYAK GAL\u0130B\u0130 TEKRAR YARI\u015eIYOR<u><\/u><u><\/u><\/strong><\/h3>\n\n\n\n<p>Ocak ay\u0131nda yar\u0131\u015facak tak\u0131mlar aras\u0131nda ilk ayak galibi Igor Rytov&#8217;un ekibi de yer al\u0131yor. Rytov, zirveyi hedefleyerek tekrar yar\u0131\u015facak ve di\u011fer g\u00fc\u00e7l\u00fc rakiplerle m\u00fccadele edecek.<\/p>\n\n\n\n<p>Ge\u00e7en y\u0131l Seri&#8217;de ikinci olarak bitirerek zafere ula\u015famayan &#8220;Bogatyrs&#8221; tak\u0131m\u0131, bu y\u0131l r\u00f6van\u015f i\u00e7in iddial\u0131. Tak\u0131m, yo\u011fun antrenmanlarla bu yar\u0131\u015flara haz\u0131rland\u0131 ve iddias\u0131n\u0131 ortaya koymaya haz\u0131r.<\/p>\n\n\n\n<p>Ba\u015fl\u0131ca rakipleri olan Andrey Pushkin&#8217;in kaptanl\u0131\u011f\u0131n\u0131 yapt\u0131\u011f\u0131 Tenzor Tak\u0131m\u0131 ise mevcut \u015eampiyonluk unvanlar\u0131n\u0131 korumak i\u00e7in m\u00fccadele edecek. Tenzor Tak\u0131m\u0131, tecr\u00fcbeli kadrosu ve g\u00fc\u00e7l\u00fc stratejisiyle yar\u0131\u015flarda \u00f6ne \u00e7\u0131kmay\u0131 hedefliyor.<\/p>\n\n\n\n<h3 class=\"wp-block-heading\"><a><\/a><strong>PODYUM M\u00dcCADELES\u0130<u><\/u><u><\/u><\/strong><\/h3>\n\n\n\n<p>Dolce Vita, Gaswar, Atoll Yelken Tak\u0131m\u0131, Orient Express dahil olmak \u00fczere daha bir\u00e7ok tak\u0131m\u0131n hedefi podyuma \u00e7\u0131kmak. Bu tak\u0131mlar, Tenzor International Cup&#8217;ta ba\u015far\u0131 elde etmek i\u00e7in k\u0131yas\u0131ya m\u00fccadele edecek.<\/p>\n\n\n\n<h3 class=\"wp-block-heading\"><a><\/a><strong>CORINTHIAN B\u00d6L\u00dcM\u00dcNDE HEYECAN<u><\/u><u><\/u><\/strong><\/h3>\n\n\n\n<h3 class=\"wp-block-heading\">Corinthian b\u00f6l\u00fcm\u00fcnde Orient Express, O1 Properties, Ayaz ve Aspat tak\u0131mlar\u0131, en iyi performans\u0131 g\u00f6stererek podyumu kutlamay\u0131 hedefliyor. Corinthian b\u00f6l\u00fcm\u00fc, amat\u00f6r<strong><u><\/u><u><\/u><\/strong><\/h3>\n\n\n\n<h2 class=\"wp-block-heading\"><strong>TENZOR ULUSLARARASI KUPA&#8217;DA \u0130LK G\u00dcN SONU\u00c7LANDI<\/strong><strong><u><\/u><u><\/u><\/strong><\/h2>\n\n\n\n<p>Bodrum Aspat&#8217;ta d\u00fczenlenen Tenzor Uluslararas\u0131 Kupas\u0131&#8217;n\u0131n ikinci aya\u011f\u0131n\u0131n ilk yar\u0131\u015f g\u00fcn\u00fcnde, denizciler zorlu r\u00fczgar ko\u015fullar\u0131yla m\u00fccadele etti. \u00dc\u00e7 yar\u0131\u015f\u0131n tamamland\u0131\u011f\u0131 g\u00fcn sonunda, liderlik Andrey Pushkin&#8217;in kaptanl\u0131\u011f\u0131n\u0131 yapt\u0131\u011f\u0131 Tenzor Tak\u0131m\u0131&#8217;n\u0131n oldu.<\/p>\n\n\n\n<h3 class=\"wp-block-heading\"><strong>DE\u011e\u0130\u015eKEN R\u00dcZG\u00c2RLAR, ZORLU B\u0130R YARI\u015e G\u00dcN\u00dc<u><\/u><u><\/u><\/strong><\/h3>\n\n\n\n<p>Regatta program\u0131nda planlanan ilk \u00fc\u00e7 yar\u0131\u015f, a\u00e7\u0131l\u0131\u015f t\u00f6reni ve kaptanlar brifinginin ard\u0131ndan ba\u015flad\u0131. Karars\u0131z r\u00fczgar ve \u00f6nemli de\u011fi\u015fimler nedeniyle yar\u0131\u015f y\u00f6netim ekibi zorlu bir g\u00f6rev \u00fcstlendi. Regattan\u0131n PRO&#8217;su Can Giray, &#8220;Yar\u0131\u015f\u0131n ilk g\u00fcn\u00fc, r\u00fczgar\u0131n 290 ile 350 derece aras\u0131nda s\u00fcrekli y\u00f6n de\u011fi\u015ftirmesi nedeniyle yar\u0131\u015f y\u00f6netim ekibi i\u00e7in tamamen problem \u00e7\u00f6zmekle ilgiliydi,&#8221; \u015feklinde a\u00e7\u0131klamada bulundu.<\/p>\n\n\n\n<h3 class=\"wp-block-heading\"><strong>TENZOR TAKIMI G\u00dcNE DAMGA VURDU<u><\/u><u><\/u><\/strong><\/h3>\n\n\n\n<p>R\u00fczgar h\u0131zlar\u0131n\u0131n 6 ila 11 knot aras\u0131nda de\u011fi\u015fti\u011fi yar\u0131\u015flarda, r\u00fczgar \u00fcst\u00fc i\u015fareti her yar\u0131\u015fta de\u011fi\u015ftirilmek zorunda kal\u0131nd\u0131. Zorlu ko\u015fullara ra\u011fmen, Andrey Pushkin&#8217;in kaptanl\u0131\u011f\u0131n\u0131 yapt\u0131\u011f\u0131 Tenzor Tak\u0131m\u0131, \u00fc\u00e7 yar\u0131\u015ftan ikisini kazanarak g\u00fcne damga vurdu. Tenzor Tak\u0131m\u0131 taktik\u00e7isi Daniil Odintsov, &#8220;G\u00fcn kolay de\u011fildi, \u00e7\u00fcnk\u00fc r\u00fczgar k\u0131y\u0131dan esiyordu ve \u00e7ok g\u00fc\u00e7l\u00fcyd\u00fc,&#8221; dedi. Odintsov, &#8220;Taktik\u00e7iler i\u00e7in zor bir g\u00fcnd\u00fc, ancak iyi i\u015f \u00e7\u0131kard\u0131k ve sonu\u00e7lardan memnunuz,&#8221; \u015feklinde ekledi.<\/p>\n\n\n\n<h3 class=\"wp-block-heading\"><strong>ATOLL YELKEN TAKIMI \u0130K\u0130NC\u0130 SIRADA<u><\/u><u><\/u><\/strong><\/h3>\n\n\n\n<p>Anatoly Arnautov liderli\u011findeki Atoll Yelken Tak\u0131m\u0131 ise bir yar\u0131\u015f\u0131 kazanarak ve di\u011fer ikisinde ilk 5&#8217;te yer alarak ba\u015far\u0131l\u0131 bir performans sergiledi. \u00dc\u00e7 yar\u0131\u015f sonunda Atoll Yelken Tak\u0131m\u0131, puan durumunda ikinci s\u0131rada yer ald\u0131.<\/p>\n\n\n\n<h3 class=\"wp-block-heading\"><strong>SIKI B\u0130R M\u00dcCADELE<u><\/u><u><\/u><\/strong><\/h3>\n\n\n\n<p>Atoll Yelken Tak\u0131m\u0131&#8217;n\u0131n sadece 2 puan gerisinde, Double V Yelken tak\u0131m\u0131n\u0131n kaptan\u0131 Mikhail Senatorov ve tak\u0131m arkada\u015flar\u0131 g\u00fcn\u00fc tamamlad\u0131. Rus Bogatyrs ve Gaswar tak\u0131mlar\u0131 da genel s\u0131ralamada ilk 5&#8217;te yer ald\u0131. Corinthian b\u00f6l\u00fcm\u00fcnde ise, ilk aya\u011f\u0131n iki lideri olan O1 Properties ve Orient Express tak\u0131mlar\u0131 aras\u0131nda yine s\u0131k\u0131 bir m\u00fccadele ya\u015fand\u0131.<\/p>\n\n\n\n<h3 class=\"wp-block-heading\"><strong>\u0130K\u0130 YARI\u015e G\u00dcN\u00dc DAHA<u><\/u><u><\/u><\/strong><\/h3>\n\n\n\n<p>\u00d6n\u00fcm\u00fczdeki iki yar\u0131\u015f g\u00fcn\u00fc boyunca tak\u0131mlar\u0131 zorlu m\u00fccadeleler bekliyor. Herkes uygun yelken ko\u015fullar\u0131 ve heyecan verici yar\u0131\u015flar konusunda iyimser.<\/p>\n\n\n\n<p><strong>3 yar\u0131\u015ftan sonra Genel Sonu\u00e7lar (ilk 5):<\/strong><\/p>\n\n\n\n<p>1.&nbsp;&nbsp;&nbsp;TENZOR Tak\u0131m\u0131, 5 puan<\/p>\n\n\n\n<p>2.&nbsp;&nbsp;&nbsp;ATOLL Yelken Tak\u0131m\u0131, 10 puan<\/p>\n\n\n\n<p>3.&nbsp;&nbsp;&nbsp;DOUBLE V Yelken Tak\u0131m\u0131, 12 puan<\/p>\n\n\n\n<p>4.&nbsp;&nbsp;&nbsp;RUSSIAN BOGATYRS, 14 puan<\/p>\n\n\n\n<p>5.&nbsp;&nbsp;&nbsp;GASWAR, 15 puan<\/p>\n","protected":false},"excerpt":{"rendered":"<p>Bodrum&#8217;da heyecan verici yelken m\u00fccadelelerine sahne olacak Tenzor International Cup J\/70 K\u0131\u015f Serisi 2. Ayak yar\u0131\u015flar\u0131, 16 Ocak Per\u015fembe g\u00fcn\u00fc ba\u015flad\u0131. Tenzor Yelken Kul\u00fcb\u00fc T\u00fcrkiye&#8217;nin ev sahipli\u011finde d\u00fczenlenen Tenzor International Cup &#8211; J\/70 A\u00e7\u0131k K\u0131\u015f Serisi 2024-2025&#8217;in 2. Aya\u011f\u0131, 4 g\u00fcn s\u00fcrecek heyecan dolu yar\u0131\u015flara sahne olacak. K\u00dcRESEL YELKEN TOPLULU\u011eU BODRUM&#8217;DA BULU\u015eTU Tenzor Yelken Kul\u00fcb\u00fc [&hellip;]<\/p>\n","protected":false},"author":2,"featured_media":38827,"comment_status":"closed","ping_status":"closed","sticky":false,"template":"","format":"standard","meta":{"footnotes":""},"categories":[2,3],"tags":[],"class_list":["post-38826","post","type-post","status-publish","format-standard","has-post-thumbnail","hentry","category-gundem","category-manset"],"views":8,"_links":{"self":[{"href":"https:\/\/mersinkadingazetesi.com\/index.php?rest_route=\/wp\/v2\/posts\/38826"}],"collection":[{"href":"https:\/\/mersinkadingazetesi.com\/index.php?rest_route=\/wp\/v2\/posts"}],"about":[{"href":"https:\/\/mersinkadingazetesi.com\/index.php?rest_route=\/wp\/v2\/types\/post"}],"author":[{"embeddable":true,"href":"https:\/\/mersinkadingazetesi.com\/index.php?rest_route=\/wp\/v2\/users\/2"}],"replies":[{"embeddable":true,"href":"https:\/\/mersinkadingazetesi.com\/index.php?rest_route=%2Fwp%2Fv2%2Fcomments&post=38826"}],"version-history":[{"count":1,"href":"https:\/\/mersinkadingazetesi.com\/index.php?rest_route=\/wp\/v2\/posts\/38826\/revisions"}],"predecessor-version":[{"id":38828,"href":"https:\/\/mersinkadingazetesi.com\/index.php?rest_route=\/wp\/v2\/posts\/38826\/revisions\/38828"}],"wp:featuredmedia":[{"embeddable":true,"href":"https:\/\/mersinkadingazetesi.com\/index.php?rest_route=\/wp\/v2\/media\/38827"}],"wp:attachment":[{"href":"https:\/\/mersinkadingazetesi.com\/index.php?rest_route=%2Fwp%2Fv2%2Fmedia&parent=38826"}],"wp:term":[{"taxonomy":"category","embeddable":true,"href":"https:\/\/mersinkadingazetesi.com\/index.php?rest_route=%2Fwp%2Fv2%2Fcategories&post=38826"},{"taxonomy":"post_tag","embeddable":true,"href":"https:\/\/mersinkadingazetesi.com\/index.php?rest_route=%2Fwp%2Fv2%2Ftags&post=38826"}],"curies":[{"name":"wp","href":"https:\/\/api.w.org\/{rel}","templated":true}]}}