{"id":38838,"date":"2025-01-20T11:36:11","date_gmt":"2025-01-20T08:36:11","guid":{"rendered":"https:\/\/mersinkadingazetesi.com\/?p=38838"},"modified":"2025-01-20T11:36:12","modified_gmt":"2025-01-20T08:36:12","slug":"hafizalara-kazinacak-3-nergis-senligi-7den-70e-unutulmaz-bir-gun-yasatti","status":"publish","type":"post","link":"https:\/\/mersinkadingazetesi.com\/?p=38838","title":{"rendered":"HAFIZALARA KAZINACAK &#8216;3. NERG\u0130S \u015eENL\u0130\u011e\u0130&#8217; 7&#8217;DEN 70&#8217;E UNUTULMAZ B\u0130R G\u00dcN YA\u015eATTI"},"content":{"rendered":"\n<p>Mersin B\u00fcy\u00fck\u015fehir Belediyesi&#8217;nin Tar\u0131msal Hizmetler Dairesi Ba\u015fkanl\u0131\u011f\u0131 b\u00fcnyesinde&nbsp;<strong><em>&#8216;<\/em><\/strong><strong><em>Bu \u015fenlik mis kokuyor&#8217;<\/em><\/strong>&nbsp;slogan\u0131yla bu y\u0131l 3.&#8217;s\u00fcn\u00fc d\u00fczenledi\u011fi&nbsp;<strong>&#8216;Nergis \u015eenli\u011fi&#8217;<\/strong>&nbsp;kat\u0131l\u0131mc\u0131lar\u0131n haf\u0131zalar\u0131na kaz\u0131nacak dopdolu i\u00e7eri\u011fi ile unutulmaz bir g\u00fcn ya\u015fatt\u0131. Nergis \u00e7i\u00e7eklerinin e\u015fsiz kokusunun d\u00f6rt bir yan\u0131 sard\u0131\u011f\u0131, olduk\u00e7a renkli ge\u00e7en \u015fenli\u011fe, g\u00fczel havan\u0131n ve okullar\u0131n ara tatil olmas\u0131n\u0131 f\u0131rsat bilen 20 binden fazla vatanda\u015f ak\u0131n etti.<\/p>\n\n\n\n<p>Tarsus&#8217;a ba\u011fl\u0131 Pir\u00f6merli Mahallesi Kayrenkuyu Mevki&#8217;nde ger\u00e7ekle\u015ftirilen etkinli\u011fe; CHP Mersin Milletvekili Hasan Ufuk \u00c7ak\u0131r, Mersin B\u00fcy\u00fck\u015fehir Belediyesi Genel Sekreter Yard\u0131mc\u0131s\u0131 Ali R\u0131za \u00d6zdemir, CHP Tarsus \u0130l\u00e7e Ba\u015fkan\u0131 Selahattin \u015eahin, CHP&nbsp;Tarsus&nbsp;\u0130l\u00e7e Kad\u0131n Kollar\u0131 Ba\u015fkan\u0131 Figen&nbsp;Ac\u0131yiyen, B\u00fcy\u00fck\u015fehir Belediyesi b\u00fcrokratlar\u0131, mahalle muhtarlar\u0131, \u00fcreticiler, Tarsus ve civar mahallerinin yan\u0131 s\u0131ra Mersin merkezden ve \u00e7evre illerden \u00e7ok say\u0131da vatanda\u015f kat\u0131ld\u0131. \u015eenlik \u00f6ncesi B\u00fcy\u00fck\u015fehir Belediyesi Tar\u0131msal Hizmetler Dairesi Ba\u015fkan\u0131 Sel\u00e7uk \u015eahuto\u011flu, \u00fcretici ve mahallelilerle bir araya gelerek nergis bah\u00e7esinde nergis hasad\u0131 yapt\u0131.<\/p>\n\n\n\n<p><strong>B\u00fcy\u00fck\u015fehir&#8217;in t\u00fcm birimleri sahada memnuniyetle \u00e7al\u0131\u015ft\u0131<\/strong><\/p>\n\n\n\n<p>B\u00fcy\u00fck\u015fehir Belediyesi&#8217;nin t\u00fcm birimleri ile sahada koordineli bir \u015fekilde \u00e7al\u0131\u015ft\u0131\u011f\u0131 \u015fenlik g\u00fcn boyu s\u00fcrerken, her ya\u015ftan kat\u0131l\u0131mc\u0131 \u015fenlikte kendine uygun etkinliklerle doyas\u0131ya e\u011flenme f\u0131rsat\u0131 buldu. Kad\u0131n ve Aile Hizmetleri Dairesi Ba\u015fkanl\u0131\u011f\u0131 b\u00fcnyesinde kurulan onlarca stantta; y\u00f6resel lezzetlerden el i\u015fine do\u011fal ve organik \u00fcr\u00fcnlerden bijuteriye kadar \u00e7e\u015fitli \u00fcr\u00fcnler sat\u0131l\u0131rken, resim ve boyama at\u00f6lyesi ile \u00e7ocuklar, Tarsuslu ressam Nurettin G\u00f6zen ve TADEKA Plastik Sanatlar Kurulu s\u00f6zc\u00fcs\u00fc ressam L\u00fctfi Haso\u011flu e\u015fli\u011finde manzaraya kar\u015f\u0131 resim yapt\u0131lar. \u00c7ocuklar\u0131 sporla bulu\u015fturan Gen\u00e7lik ve Spor Hizmetleri Dairesi Ba\u015fkanl\u0131\u011f\u0131 ekipleri onlar\u0131n keyifli vakit ge\u00e7irmesini sa\u011flarken, \u00e7ocuklar kurulan \u015fi\u015fme oyun alanlar\u0131nda enerjilerini bo\u015faltt\u0131lar.<\/p>\n\n\n\n<p>Vatanda\u015flara, Sosyal Hizmetler Dairesi Ba\u015fkanl\u0131\u011f\u0131 taraf\u0131ndan, i\u00e7erisinde yer alan envai \u00e7e\u015fit baharatlar\u0131yla tad\u0131na doyulmaz kaynar da\u011f\u0131t\u0131m\u0131 yap\u0131l\u0131rken, organizasyona ev sahipli\u011fi yapan Tar\u0131msal Hizmetler Dairesi Ba\u015fkanl\u0131\u011f\u0131 taraf\u0131ndan ger\u00e7ekle\u015ftirilen tar\u0131m at\u00f6lyesinde \u00e7ocuklar da\u011f\u0131t\u0131lan nergis so\u011fan\u0131n\u0131 toprakla bulu\u015fturdu. MESK\u0130 ekipleri su tasarrufu ile ilgili vatanda\u015flar\u0131 bilin\u00e7lendirirken, \u0130klim ve S\u0131f\u0131r At\u0131k Dairesi Ba\u015fkanl\u0131\u011f\u0131&#8217;n\u0131n vazge\u00e7ilmez etkinliklerinden biri olan g\u00fcne\u015f g\u00f6zlem etkinli\u011fi ile g\u00fcne\u015fte meydana gelen leke ve patlamalar\u0131 g\u00f6zlemlediler.<\/p>\n\n\n\n<p>\u015eenlik, ana temas\u0131n\u0131 olu\u015fturan nergisi en iyi kimin dizebilece\u011fi nergis demeti yar\u0131\u015fmas\u0131 ile ba\u015flarken, etkinlikte, B\u00fcy\u00fck\u015fehir Belediyesi Halk Danslar\u0131 Toplulu\u011fu y\u00f6resel danslar\u0131n\u0131 sergiledi. A\u00e7\u0131l\u0131\u015f konu\u015fmalar\u0131 ile devam eden etkinlikte yar\u0131\u015fmada kazananlara \u00f6d\u00fclleri verilirken, B\u00fcy\u00fck\u015fehir Belediyesi T\u00fcrk Halk M\u00fczi\u011fi Toplulu\u011fu&#8217;nun verdi\u011fi konserde ise vatanda\u015flar bol bol oynay\u0131p, halaylar \u00e7ekti.<\/p>\n\n\n\n<p>G\u00fcn\u00fc bereketle ge\u00e7iren esnaf mutlu olurken, nergis \u00fcreticileri de kendilerini daha iyi anlatma ve tan\u0131tma f\u0131rsat\u0131 buldu. Etkinlikte, keyifli zaman ge\u00e7iren ailelerin de y\u00fcz\u00fc g\u00fclerken, bir arada ve ne\u015fe i\u00e7inde olmay\u0131 \u00f6zledi\u011fini ve b\u00f6yle etkinliklere herkesin ihtiyac\u0131 oldu\u011funu dile getiren vatanda\u015flar, b\u00f6ylesine b\u00fcy\u00fck bir organizasyon d\u00fczenledi\u011fi i\u00e7in Ba\u015fkan Vahap Se\u00e7er&#8217;e te\u015fekk\u00fcrlerini ilettiler.<\/p>\n\n\n\n<p><strong>\u00c7ak\u0131r: &#8220;Birlik ve beraberlik i\u00e7inde hep daha ileri gidece\u011fiz&#8221;<\/strong><\/p>\n\n\n\n<p>CHP Mersin Milletvekili Hasan Ufuk \u00c7ak\u0131r, \u00fcreticilerin ya\u015fad\u0131\u011f\u0131 en b\u00fcy\u00fck problemin pazar aray\u0131\u015f\u0131 oldu\u011funu ve \u00fcr\u00fcnlerini daha geni\u015f kitlelerle bulu\u015fturma s\u00fcrecinde kooperatifle\u015fmenin \u00f6nemine de\u011finerek,&nbsp;<strong>&#8220;Bir kooperatif kuraca\u011f\u0131z ve bu kooperatif burada 3-4 k\u00f6y\u00fcn \u00fcr\u00fcnlerini alacak ve bu sayede kimse \u00fcreticilere yanl\u0131\u015f yapamayacak. Birlik ve beraberlik i\u00e7inde hep birlikte daha ileri gidece\u011fiz. Nergis \u015eenli\u011fi&#8217;nin bu y\u0131l 3.&#8217;s\u00fcn\u00fc d\u00fczenleyen B\u00fcy\u00fck\u015fehir Belediye Ba\u015fkan\u0131m\u0131z Vahap Se\u00e7er&#8217;e ve e\u015fi Meral Se\u00e7er&#8217;e, \u00fcreticilerimizin hepsine te\u015fekk\u00fcr ediyorum. Bizim milletimiz kendisine hizmet edeni unutmaz&#8221;<\/strong>&nbsp;ifadelerini kulland\u0131.<\/p>\n\n\n\n<p><strong>\u015eahuto\u011flu: &#8220;Do\u011fan\u0131n ve eme\u011fin g\u00fczelliklerini kutlad\u0131\u011f\u0131m\u0131z 3. Nergis \u015eenli\u011fi&#8217;nde bir araday\u0131z&#8221;<\/strong><\/p>\n\n\n\n<p>B\u00fcy\u00fck\u015fehir Belediyesi Tar\u0131msal Hizmetler Dairesi Ba\u015fkan\u0131 Sel\u00e7uk \u015eahuto\u011flu, do\u011fan\u0131n ve eme\u011fin g\u00fczelliklerini bir araya getiren Nergis \u015eenli\u011fi&#8217;nin bu sene 3.&#8217;s\u00fc ger\u00e7ekle\u015ftirmekten dolay\u0131 olduk\u00e7a mutlu olduklar\u0131n\u0131 belirterek, B\u00fcy\u00fck\u015fehir&#8217;in tar\u0131m\u0131n her koluna \u00e7e\u015fitli destekler sa\u011flad\u0131\u011f\u0131n\u0131 ifade etti. B\u00fcy\u00fck\u015fehir&#8217;in t\u00fcm birimleri ile dopdolu bir program haz\u0131rlad\u0131\u011f\u0131n\u0131 s\u00f6yleyen \u015eahuto\u011flu, vatanda\u015flar\u0131n da \u015fenli\u011fe olan ilgisi hakk\u0131nda,&nbsp;<strong>&#8220;Bu kadar yo\u011fun bir kat\u0131l\u0131m\u0131n ger\u00e7ekle\u015fmi\u015f olmas\u0131n\u0131n Mersin B\u00fcy\u00fck\u015fehir Belediyesi&#8217;nin vatanda\u015flarla ne kadar b\u00fct\u00fcnle\u015fmi\u015f oldu\u011funun ve memnuniyetle \u00e7al\u0131\u015fman\u0131n bir neticesi oldu\u011funu d\u00fc\u015f\u00fcn\u00fcyorum. \u0130yi ki geldiniz, ho\u015f geldiniz. Nergis \u00e7i\u00e7e\u011fi sadece g\u00fczel kokusuyla de\u011fil ayn\u0131 zamanda Mersin&#8217;in bereketli topraklar\u0131n\u0131n bir simgesi haline geliyor. Hepimiz i\u00e7in \u00e7ok \u00f6zel bir anlam ta\u015f\u0131yan bu \u015fenli\u011fin, hem bu g\u00fczelli\u011fi tan\u0131tmak hem de \u00fcreticilerimizi desteklemek ad\u0131na ne kadar k\u0131ymetli oldu\u011funu g\u00f6r\u00fcyoruz&#8221;<\/strong>&nbsp;ifadelerine yer verdi.&nbsp;<\/p>\n\n\n\n<p><strong>&#8220;Mersin&#8217;i daha g\u00fczel ve daha ya\u015fanabilir bir \u015fehir yapmak i\u00e7in \u00e7al\u0131\u015fmaya devam edece\u011fiz&#8221;<\/strong><\/p>\n\n\n\n<p>B\u00fcy\u00fck\u015fehir&#8217;in b\u00f6lgeye has ve co\u011frafi ko\u015fullar\u0131n\u0131 dikkate alarak tar\u0131msal desteklerde bulundu\u011funu vurgulayan \u015eahuto\u011flu, yap\u0131lan \u015fenliklerle bu \u00fcr\u00fcnlerin pazarlanmas\u0131na ve tan\u0131t\u0131lmas\u0131na da katk\u0131 sunduklar\u0131n\u0131 belirtti. Mersin&#8217;in kalk\u0131nmas\u0131nda en \u00f6nemli alanlardan bir tanesinin tar\u0131m oldu\u011funu s\u00f6yleyen \u015eahuto\u011flu,&nbsp;<strong>&#8220;Bu fark\u0131ndal\u0131k ve bilin\u00e7le Mersin B\u00fcy\u00fck\u015fehir Belediye Ba\u015fkan\u0131m\u0131z Vahap Se\u00e7er&#8217;in \u00f6nderli\u011finde, \u00fcreticilerimizin yan\u0131nda olmaya devam edece\u011fiz. Bizler bu \u015fenlikte, hem do\u011fan\u0131n hem de eme\u011fin g\u00fczelli\u011fini kutluyoruz. Mersin&#8217;i daha g\u00fczel, daha bereketli ve daha ya\u015fanabilir bir \u015fehir yapmak i\u00e7in hep birlikte, memnuniyetle \u00e7al\u0131\u015fmaya devam edece\u011fiz&#8221;<\/strong>&nbsp;diyerek s\u00f6zlerini sonland\u0131rd\u0131.<\/p>\n\n\n\n<p>Pir\u00f6mer Mahalle Muhtar\u0131 Ahmet Ate\u015f ise, \u015fenlik sayesinde Pir\u00f6mer&#8217;in en g\u00fczel de\u011ferlerinden biri olan nergisi daha \u00e7ok tan\u0131tma imkan\u0131 bulduklar\u0131n\u0131 s\u00f6yleyerek, B\u00fcy\u00fck\u015fehir Belediyesi&#8217;ne b\u00f6yle bir imkan yaratt\u0131klar\u0131 i\u00e7in te\u015fekk\u00fcr etti. \u00dcniversite \u00f6\u011frencisi ve nergis \u00fcreticisi Reyhan Ate\u015f de, B\u00fcy\u00fck\u015fehir Belediyesi&#8217;nin her kesime dokunan hizmetleri oldu\u011funu aktararak, \u00f6zellikle mahallelerinin en \u00f6nemli ge\u00e7im kaynaklar\u0131ndan biri olan nergisin daha \u00e7ok pazar pay\u0131na ula\u015fmas\u0131 i\u00e7in co\u011frafi i\u015faret tescili al\u0131nmas\u0131 konusunda \u00fcreticilerin B\u00fcy\u00fck\u015fehir&#8217;den talepleri oldu\u011funu dile getirdi ve destek istedi.<\/p>\n\n\n\n<p><strong>Nergis \u00fcreticileri ve esnaf, kazan\u00e7lar\u0131ndan mutlu oldu<\/strong><\/p>\n\n\n\n<p>\u015eenlik sayesinde kazan\u00e7l\u0131 bir g\u00fcn ge\u00e7irdi\u011fini s\u00f6yleyen nergis \u00fcreticisi Kurtulu\u015f D\u00f6nmez,<strong>&nbsp;&#8220;Sabah tezgah\u0131m doluydu ama hepsini satt\u0131m ve \u00fcr\u00fcnlerim bitti. Herkes memnun oldu. Daha \u00f6nce bu nergis \u00fcretim i\u015fini 3-5 aile yap\u0131yordu ama bu \u015fenlik yap\u0131lmaya ba\u015flad\u0131\u011f\u0131ndan beri herkes evinin \u00f6n\u00fcnde nergis yeti\u015ftirmeye ba\u015flad\u0131. \u015eimdi her k\u00f6yde ve herkesin evinin \u00f6n\u00fcnde nergis var ve evlere bir girdi oluyor&#8221;&nbsp;<\/strong>diye konu\u015ftu.<\/p>\n\n\n\n<p>Ailesi nergis \u00fcretimi yapan Kamile \u00d6zdemir ise,&nbsp;<strong>&#8220;\u00c7ok kalabal\u0131k ve \u00e7ok iyiydi. Bu kadar kalabal\u0131k olaca\u011f\u0131n\u0131 d\u00fc\u015f\u00fcnm\u00fcyordum. Kalabal\u0131k her sene daha da art\u0131yor. Nergis \u00fcreticileri \u015fimdiye kadar satamad\u0131\u011f\u0131 nergislerin hepsini satt\u0131lar ve \u00e7ok g\u00fczel bir kazan\u00e7 elde ettiler&#8221;<\/strong>&nbsp;\u015feklinde konu\u015ftu.&nbsp;<\/p>\n\n\n\n<p>\u00dcretici stantlar\u0131nda yer alan ba\u015fka bir esnaf Kerim \u00d6zdemir de,&nbsp;<strong>&#8220;\u00c7ok g\u00fczel sat\u0131\u015flar\u0131m\u0131z oldu. \u00c7ok mutlu olduk. B\u00fct\u00fcn tezgahlar\u0131 gezdim, herkes mutlu ve g\u00fcl\u00fcyordu. \u015eenli\u011fimiz \u00e7ok g\u00fczel ge\u00e7ti. Her y\u0131l geliyorum ama bu sene \u015fenlik daha da kalabal\u0131kt\u0131&#8221;<\/strong>&nbsp;dedi.<\/p>\n\n\n\n<p><strong>7&#8217;den 70&#8217;e herkes, \u015fenli\u011fin tad\u0131n\u0131 doyas\u0131ya \u00e7\u0131kard\u0131<\/strong><\/p>\n\n\n\n<p>Etkinli\u011fe Mersin merkezden kat\u0131lan Meltem G\u00fcnd\u00fcz, ge\u00e7en y\u0131lki etkinli\u011fi \u00e7ok be\u011fenerek bu sene tekrar geldi\u011fini s\u00f6yleyerek,&nbsp;<strong>&#8220;\u00c7ok g\u00fczel bir etkinlikti. Bir \u00f6\u011fretmen olarak \u00f6\u011frencilerime buraya gelmelerini tavsiye ettim. Hem ya\u015fl\u0131s\u0131na hem gencine, her ya\u015fa uygun bir etkinlik. Bu da ayr\u0131ca g\u00fczel. Herkes \u00e7ok e\u011flendi&#8221;&nbsp;<\/strong>dedi.<\/p>\n\n\n\n<p>Etkinli\u011fe Tarsus&#8217;tan kat\u0131lan Rahim Tun\u00e7, \u015fenli\u011fi \u00e7ok be\u011fendi\u011fini ve her \u015feyin m\u00fckemmel ge\u00e7ti\u011fini anlatarak,&nbsp;<strong>&#8220;Belediye ve vatanda\u015f memnuniyeti olarak nereden sorarsan\u0131z sorun her \u015fey m\u00fckemmel. Her \u015fey d\u00fc\u015f\u00fcn\u00fclm\u00fc\u015f. Herkesin y\u00fcz\u00fc g\u00fcl\u00fcyor ve herkesin ne\u015fesi yerinde&#8221;<\/strong>&nbsp;diye konu\u015ftu.<\/p>\n\n\n\n<p>B\u00fcy\u00fck\u015fehir&#8217;in yapt\u0131\u011f\u0131 her etkinli\u011fin \u00e7ok g\u00fczel oldu\u011funu aktaran Serpil K\u00f6sel,&nbsp;<strong>&#8220;Ba\u015fkan\u0131m\u0131z\u0131n yapt\u0131\u011f\u0131 her \u015fey \u00e7ok g\u00fczel ve vatanda\u015flar\u0131na bir\u00e7ok imkan tan\u0131yor. Her \u015fey d\u00fc\u015f\u00fcn\u00fclm\u00fc\u015f. \u0130nsanlar bu k\u00f6y ve yaylarda yap\u0131lan etkinliklerle orada ya\u015fayan insanlar\u0131n kazanc\u0131na destek oluyor. Burada bir hareketlilik oluyor. Bir\u00e7ok el i\u015fi, yiyecek \u00fcr\u00fcn sat\u0131l\u0131yor. Ba\u015fkan\u0131m\u0131z \u00e7ok iyi d\u00fc\u015f\u00fcn\u00fcyor&#8221;&nbsp;<\/strong>ifadelerini kulland\u0131.<\/p>\n\n\n\n<p>\u00c7ocuklardan Fadime Beren Kurt, etkinlikle ilgili d\u00fc\u015f\u00fcncelerini; &#8220;<strong>\u015ei\u015fme balona bindik. Resim \u00e7izdik, y\u00fcz\u00fcm\u00fcz\u00fc boyatt\u0131k. \u00c7ok sevdim ve \u00e7ok mutlu oldum&#8221;<\/strong>&nbsp;diye aktar\u0131rken,&nbsp;&nbsp;Bu\u011flem Nisa Eker ise,&nbsp;<strong>&#8220;Resim \u00e7izdik. Z\u0131plad\u0131k, stantlar\u0131 gezdik. Kendimize nergisten ta\u00e7 ald\u0131k. \u00c7ok mutluyduk ve \u00e7ok g\u00fczel e\u011flendik&#8221;<\/strong>&nbsp;diyerek konu\u015ftu.<\/p>\n","protected":false},"excerpt":{"rendered":"<p>Mersin B\u00fcy\u00fck\u015fehir Belediyesi&#8217;nin Tar\u0131msal Hizmetler Dairesi Ba\u015fkanl\u0131\u011f\u0131 b\u00fcnyesinde&nbsp;&#8216;Bu \u015fenlik mis kokuyor&#8217;&nbsp;slogan\u0131yla bu y\u0131l 3.&#8217;s\u00fcn\u00fc d\u00fczenledi\u011fi&nbsp;&#8216;Nergis \u015eenli\u011fi&#8217;&nbsp;kat\u0131l\u0131mc\u0131lar\u0131n haf\u0131zalar\u0131na kaz\u0131nacak dopdolu i\u00e7eri\u011fi ile unutulmaz bir g\u00fcn ya\u015fatt\u0131. Nergis \u00e7i\u00e7eklerinin e\u015fsiz kokusunun d\u00f6rt bir yan\u0131 sard\u0131\u011f\u0131, olduk\u00e7a renkli ge\u00e7en \u015fenli\u011fe, g\u00fczel havan\u0131n ve okullar\u0131n ara tatil olmas\u0131n\u0131 f\u0131rsat bilen 20 binden fazla vatanda\u015f ak\u0131n etti. Tarsus&#8217;a ba\u011fl\u0131 Pir\u00f6merli [&hellip;]<\/p>\n","protected":false},"author":2,"featured_media":38839,"comment_status":"closed","ping_status":"closed","sticky":false,"template":"","format":"standard","meta":{"footnotes":""},"categories":[3],"tags":[],"class_list":["post-38838","post","type-post","status-publish","format-standard","has-post-thumbnail","hentry","category-manset"],"views":3,"_links":{"self":[{"href":"https:\/\/mersinkadingazetesi.com\/index.php?rest_route=\/wp\/v2\/posts\/38838"}],"collection":[{"href":"https:\/\/mersinkadingazetesi.com\/index.php?rest_route=\/wp\/v2\/posts"}],"about":[{"href":"https:\/\/mersinkadingazetesi.com\/index.php?rest_route=\/wp\/v2\/types\/post"}],"author":[{"embeddable":true,"href":"https:\/\/mersinkadingazetesi.com\/index.php?rest_route=\/wp\/v2\/users\/2"}],"replies":[{"embeddable":true,"href":"https:\/\/mersinkadingazetesi.com\/index.php?rest_route=%2Fwp%2Fv2%2Fcomments&post=38838"}],"version-history":[{"count":1,"href":"https:\/\/mersinkadingazetesi.com\/index.php?rest_route=\/wp\/v2\/posts\/38838\/revisions"}],"predecessor-version":[{"id":38840,"href":"https:\/\/mersinkadingazetesi.com\/index.php?rest_route=\/wp\/v2\/posts\/38838\/revisions\/38840"}],"wp:featuredmedia":[{"embeddable":true,"href":"https:\/\/mersinkadingazetesi.com\/index.php?rest_route=\/wp\/v2\/media\/38839"}],"wp:attachment":[{"href":"https:\/\/mersinkadingazetesi.com\/index.php?rest_route=%2Fwp%2Fv2%2Fmedia&parent=38838"}],"wp:term":[{"taxonomy":"category","embeddable":true,"href":"https:\/\/mersinkadingazetesi.com\/index.php?rest_route=%2Fwp%2Fv2%2Fcategories&post=38838"},{"taxonomy":"post_tag","embeddable":true,"href":"https:\/\/mersinkadingazetesi.com\/index.php?rest_route=%2Fwp%2Fv2%2Ftags&post=38838"}],"curies":[{"name":"wp","href":"https:\/\/api.w.org\/{rel}","templated":true}]}}