{"id":38844,"date":"2025-01-20T11:40:46","date_gmt":"2025-01-20T08:40:46","guid":{"rendered":"https:\/\/mersinkadingazetesi.com\/?p=38844"},"modified":"2025-01-20T11:40:46","modified_gmt":"2025-01-20T08:40:46","slug":"sabanci-vakfi-9-kisa-film-yarismasinin-kanaat-onderi-ruth-gabriel-oldu","status":"publish","type":"post","link":"https:\/\/mersinkadingazetesi.com\/?p=38844","title":{"rendered":"Sabanc\u0131 Vakf\u0131 9. K\u0131sa Film Yar\u0131\u015fmas\u0131\u2019n\u0131n\u00a0Kanaat \u00d6nderi Ruth Gabriel Oldu"},"content":{"rendered":"\n<p>Sabanc\u0131 Vakf\u0131 taraf\u0131ndan bu y\u0131l, iklim de\u011fi\u015fikli\u011finin sebep oldu\u011fu \u201c\u0130klim G\u00f6\u00e7\u00fc\u201d temas\u0131yla d\u00fczenlenen 9. K\u0131sa Film Yar\u0131\u015fmas\u0131\u2019n\u0131n kanaat \u00f6nderli\u011fini \u0130spanyol oyuncu, yap\u0131mc\u0131 ve yazar Ruth Gabriel \u00fcstlendi. 10 filmin finale kald\u0131\u011f\u0131 yar\u0131\u015fman\u0131n \u00f6d\u00fcl t\u00f6reni 5 \u015eubat 2025 tarihinde \u201c\u00c7ok G\u00f6\u00e7 Olmadan \u00c7ek\u201d slogan\u0131yla ger\u00e7ekle\u015ftirilecek.<\/p>\n\n\n\n<p>Toplumsal sorunlara sinema arac\u0131l\u0131\u011f\u0131yla dikkat \u00e7ekmek amac\u0131yla \u201cK\u0131sa Film Uzun Etki\u201d slogan\u0131yla 2016\u2019da ba\u015flat\u0131lan Sabanc\u0131 Vakf\u0131 K\u0131sa Film Yar\u0131\u015fmas\u0131\u2019n\u0131n bu y\u0131lki kanaat \u00f6nderi \u0130spanyol oyuncu Ruth Gabriel oldu. Temas\u0131 iklim de\u011fi\u015fikli\u011finin etkisiyle a\u015f\u0131r\u0131 hava olaylar\u0131 sonucu ya\u015fanan \u201c\u0130klim G\u00f6\u00e7\u00fc\u201d olarak belirlenen ve \u201c\u00c7ok G\u00f6\u00e7 Olmadan \u00c7ek\u201d slogan\u0131yla d\u00fczenlenen yar\u0131\u015fman\u0131n kazananlar\u0131 5 \u015eubat 2025 tarihinde d\u00fczenlenecek \u00f6d\u00fcl t\u00f6reniyle duyurulacak.<\/p>\n\n\n\n<p><strong>Sabanc\u0131 Vakf\u0131 Genel M\u00fcd\u00fcr\u00fc Nevg\u00fcl Bilsel Safkan,&nbsp;<\/strong>\u201c<em>K\u0131sa Film Uzun Etki\u201d slogan\u0131yla 9 y\u0131ld\u0131r d\u00fczenledi\u011fimiz Sabanc\u0131 Vakf\u0131 K\u0131sa Film Yar\u0131\u015fmas\u0131 ile sineman\u0131n yarat\u0131c\u0131 bak\u0131\u015f a\u00e7\u0131s\u0131ndan, etki g\u00fcc\u00fcnden yararlanarak toplumsal konularda fark\u0131ndal\u0131k yaratmay\u0131 hedefliyoruz. Uluslararas\u0131 G\u00f6\u00e7 \u00d6rg\u00fct\u00fc taraf\u0131ndan 2022 y\u0131l\u0131nda yay\u0131nlanan \u201c\u0130klim De\u011fi\u015fikli\u011fi ve Gelecekteki \u0130nsan Hareketlili\u011fi\u201d raporuna g\u00f6re, \u00f6n\u00fcm\u00fczdeki 10 y\u0131lda 1 milyar insan\u0131n deniz seviyesinin y\u00fckselmesi, sel, kurakl\u0131k, a\u015f\u0131r\u0131 s\u0131caklar, g\u0131da g\u00fcvenli\u011fi gibi sorunlarla kar\u015f\u0131 kar\u015f\u0131ya kalabilece\u011fini ortaya koyuyor. B\u00f6ylesi kritik bir meseleyi g\u00fcndeme getirmek ve toplumsal fark\u0131ndal\u0131k yaratmak amac\u0131yla bu y\u0131lki k\u0131sa film yar\u0131\u015fmam\u0131z\u0131n temas\u0131n\u0131 iklim g\u00f6\u00e7\u00fc olarak belirledik. Kanaat \u00f6nderimiz de sanatsal ve toplumsal alandaki g\u00fc\u00e7l\u00fc duru\u015fuyla, \u0130spanyol k\u00fclt\u00fcr hayat\u0131n\u0131n \u00f6nemli sanat\u00e7\u0131lar\u0131ndan Ruth Gabriel oldu. Gabriel\u2019in, sanat\u0131 ve toplumsal fark\u0131ndal\u0131k yaratma konusunda rol\u00fc ile t\u00fcm yar\u0131\u015fmac\u0131lar\u0131m\u0131z i\u00e7in faydal\u0131 bir isim olaca\u011f\u0131na inan\u0131yoruz<\/em>.\u201d dedi.<\/p>\n\n\n\n<p><strong>Ruth Gabriel,&nbsp;<\/strong><em>\u201cEvinizi, ya\u015fad\u0131\u011f\u0131n\u0131z \u015fehri, an\u0131lar\u0131n\u0131z\u0131 kaybetti\u011finizi hayal edebiliyor musunuz? Bu, her y\u0131l milyonlarca insan\u0131n ba\u015f\u0131na geliyor. \u0130nsanlar do\u011fal felaketler nedeniyle hayatlar\u0131n\u0131 geride b\u0131rak\u0131p farkl\u0131 bir b\u00f6lgede her \u015feye s\u0131f\u0131rdan ba\u015flamak zorunda kal\u0131yor. Bu olay, sadece g\u00f6\u00e7 edenleri etkilemekle kalm\u0131yor ayn\u0131 zamanda ekonomiyi sars\u0131yor, \u00e7at\u0131\u015fmalar yarat\u0131yor ve d\u00fcnya \u00e7ap\u0131nda kaynaklar\u0131n t\u00fckenmesine de yol a\u00e7\u0131yor. \u0130klim de\u011fi\u015fikli\u011finin etkilerini hafifletmek i\u00e7in hemen harekete ge\u00e7memiz hayati \u00f6nem ta\u015f\u0131yor. Bunun i\u00e7in yenilenebilir enerjiye yat\u0131r\u0131m yapmak, ekosistemlerimizi korumak ve savunmas\u0131z topluluklar\u0131n dayan\u0131kl\u0131l\u0131\u011f\u0131n\u0131 art\u0131rmak gerekiyor. Bunu yaparak sadece gezegenimizi korumakla kalmaz, ayn\u0131 zamanda herkes i\u00e7in daha g\u00fcvenli ve istikrarl\u0131 bir gelecek de sa\u011flar\u0131z. Daha s\u00fcrd\u00fcr\u00fclebilir bir d\u00fcnya yaratal\u0131m. Tek evimize birlikte sahip \u00e7\u0131kal\u0131m ve ona iyi bakal\u0131m.\u201d&nbsp;<\/em>\u015feklinde konu\u015ftu.<em>&nbsp;<\/em><\/p>\n\n\n\n<p><em>Ruth Gabriel\u2019in video mesaj\u0131<\/em><strong><em>&nbsp;<a href=\"https:\/\/www.youtube.com\/watch?v=R-RdFjGpaL4\" target=\"_blank\" rel=\"noreferrer noopener\">linkten&nbsp;<\/a><\/em><\/strong><em>izlenebiliyor.<\/em><\/p>\n\n\n\n<p><strong>K\u0131sa Film Yar\u0131\u015fmas\u0131 Sanat Y\u00f6netmeni Zeynep Atakan,&nbsp;<\/strong>\u201c<em>Bu y\u0131l 9.&#8217;su ger\u00e7ekle\u015ftirilen yar\u0131\u015fman\u0131n temas\u0131 \u201c\u0130klim g\u00f6\u00e7\u00fc\u201d, \u00e7a\u011f\u0131m\u0131z\u0131n en \u00f6nemli sorunlar\u0131ndan biri olarak \u00f6ne \u00e7\u0131k\u0131yor. Bu konuda \u00fcretilen her bir film bizim i\u00e7in e\u015fsiz ve de\u011ferli. Oyuncu, yap\u0131mc\u0131, yazar Ruth Gabriel&#8217;in bu y\u0131l kanaat \u00f6nderi olmas\u0131 yar\u0131\u015fmaya b\u00fcy\u00fck bir ivme kazand\u0131rd\u0131 ve filmlerin daha geni\u015f kitlelere ula\u015fmas\u0131na katk\u0131 sa\u011flad\u0131. Birbirinden g\u00fczel filmler finale kald\u0131 ve bu filmler \u00fclkemizde ve d\u00fcnyadaki festivallere kat\u0131larak bu \u00f6nemli konuya sanat yoluyla dikkat \u00e7ekmeyi ba\u015faracak.<\/em><em>\u201d&nbsp;<\/em>dedi.<\/p>\n\n\n\n<p><strong>\u0130spanyol Sinemas\u0131n\u0131n G\u00fc\u00e7l\u00fc Kad\u0131n Oyuncu, Yap\u0131mc\u0131, Yazar\u0131 ve Sosyal Aktivist: Ruth Gabriel<\/strong><\/p>\n\n\n\n<p>Sanat\u00e7\u0131 bir aileden gelen Ruth Gabriel, Susam Soka\u011f\u0131\u2019n\u0131n \u0130spanya versiyonunun da aralar\u0131nda oldu\u011fu \u00e7e\u015fitli televizyon programlar\u0131nda rol almaya be\u015f ya\u015f\u0131nda ba\u015flad\u0131. Liseyi ABD ve \u0130talya&#8217;da okudu; \u0130talya\u2019da oyunculuk, klasik tiyatro e\u011fitimi ald\u0131&nbsp;ve&nbsp;Floransa\u2019da Duomo korosunda \u015fark\u0131 s\u00f6yledi.&nbsp;<\/p>\n\n\n\n<p>Madrid&#8217;e d\u00f6nd\u00fckten sonra&nbsp;<em>D\u00ed<\/em><em>as Contados<\/em>&nbsp;filmiyle sinema d\u00fcnyas\u0131nda \u00e7al\u0131\u015fmaya ba\u015flad\u0131 ve bu filmle En \u0130yi Yeni Kad\u0131n Oyuncu Goya \u00d6d\u00fcl\u00fc, La Uni\u00f3n de Actores En&nbsp;\u0130yi Yeni Kad\u0131n Oyuncu \u00d6d\u00fcl\u00fc, Ondas&nbsp;\u00d6d\u00fcl\u00fc, Critical Eye ve Courmayeur Noir Film Festivali&#8217;nde En \u0130yi Kad\u0131n Oyuncu \u00d6d\u00fcl\u00fc\u2019n\u00fc kazand\u0131. Bu noktada ba\u015flayan oyunculuk kariyerinde say\u0131s\u0131z filmde, tiyatro oyununda ve televizyon yap\u0131m\u0131nda rol ald\u0131 ve bir\u00e7ok&nbsp;oyunculuk ve ya\u015fam boyu ba\u015far\u0131 \u00f6d\u00fcl\u00fcne lay\u0131k g\u00f6r\u00fcld\u00fc.&nbsp;<\/p>\n\n\n\n<p>Zampa Audiovisual&nbsp;\u015firketinde yap\u0131mc\u0131 olarak&nbsp;<em>The Lesson, Jerez y el Misterio del Palo Cortado, Jaen, Virgin and Extra ve Goya, The Listening Eye<\/em>&nbsp;gibi bir\u00e7ok kurmaca filmin ve belgeselin yap\u0131mc\u0131l\u0131\u011f\u0131n\u0131 \u00fcstlendi.&nbsp;<\/p>\n\n\n\n<p>Ayn\u0131 zamanda yorumlama ve ileti\u015fim \u00f6\u011fretmeni olan Gabriel&nbsp;IMCINE, FICG, Latido Films, Saint Andrews&nbsp;\u00dcniversitesi, MAFIZ, CIMA Impulsa, Avil\u00e9s Film Festivali DGCINE\u2019nin de aralar\u0131nda oldu\u011fu pek \u00e7ok kurumla i\u015f birli\u011fi yapan bir ileti\u015fim \u00f6\u011frenme program\u0131 olan ECO&#8217;yu (S\u00f6zl\u00fc \u0130leti\u015fim Stratejileri) kurmu\u015ftur.<\/p>\n\n\n\n<p>Yazar olarak&nbsp;<em>Mujeres De Cine<\/em>&nbsp;adl\u0131 kitab\u0131 yay\u0131mlayan Gabriel,&nbsp;<em>After Hours<\/em>&nbsp;adl\u0131 \u015fiir derlemesiyle Madrid Capital antolojisinde yer ald\u0131&nbsp;ve&nbsp;<em>Madre Agua<\/em>&nbsp;adl\u0131 \u015fiiriyle Aljarafesa \u00d6d\u00fcl\u00fc&#8217;n\u00fc kazand\u0131.<\/p>\n\n\n\n<p><strong>J\u00fcri de\u011ferlendirmesinin ard\u0131ndan dereceye girmeye hak kazanan 3 k\u0131sa film belirlenecek<\/strong><\/p>\n\n\n\n<p>Sabanc\u0131 Vakf\u0131 9. K\u0131sa Film Yar\u0131\u015fmas\u0131\u2019nda; G\u00fcl\u015fah Erdur ve Selman S\u00fcer \u201c2032\u201d, Muhammed Emin \u00c7\u0131r\u00e7\u0131r ve Mahmut Enes \u015eahin \u201cArd\u0131m\u0131zda Kalanlar\u201d, Hamide Enise Aytekin \u201cBehind\u201d, \u00c7a\u011fr\u0131 Erdo\u011fdu \u201cBeyaz Geceler\u201d, Sezer Baydar \u201cD\u00f6n\u00fc\u015f ve G\u00f6lgesi\u201d, Zafer Geyikci \u201cKurak Yaz ve Baz\u0131 Felaketler\u201d, Turan G\u00fcng\u00f6r \u201cMinare\u201d, Sinan Kaldan \u201cSadece \u0130ki Dakika\u201d, Deniz Can Arslan \u201cSon Yolculuk\u201d, Hasan H\u00fcseyin Alkan \u201cSon Yuva\u201d adl\u0131 filmleriyle finale kalan sanat\u00e7\u0131lar oldu.<\/p>\n\n\n\n<p>\u00d6n j\u00fcri de\u011ferlendirmesinin ard\u0131ndan, finale kalan 10 filmin ve y\u00f6netmenlerinin isimleri, K\u0131sa Film Platformu web sitesinde (www.kisafilmuzunetki.org) a\u00e7\u0131kland\u0131. Finalistler, usta isimlerle bir araya gelerek onlar\u0131n deneyim ve bilgi birikimlerinden yararlanma f\u0131rsat\u0131 bulacak. J\u00fcri de\u011ferlendirmesinin ard\u0131ndan dereceye girmeye hak kazanan 3 k\u0131sa film belirlenecek.&nbsp;<\/p>\n\n\n\n<p>Yar\u0131\u015fma temas\u0131na en uygun \u015fekilde eserini haz\u0131rlayan, kriterlere uyan, ak\u0131lda kal\u0131c\u0131 ve yarat\u0131c\u0131 bulunan k\u0131sa filmlerin birincisine 60 bin TL, ikincisine 40 bin TL, \u00fc\u00e7\u00fcnc\u00fcs\u00fc ve Sosyal Etki \u00d6d\u00fcl\u00fc kazanan\u0131na da 25 bin TL \u00f6d\u00fcl verilecek. &nbsp;<\/p>\n","protected":false},"excerpt":{"rendered":"<p>Sabanc\u0131 Vakf\u0131 taraf\u0131ndan bu y\u0131l, iklim de\u011fi\u015fikli\u011finin sebep oldu\u011fu \u201c\u0130klim G\u00f6\u00e7\u00fc\u201d temas\u0131yla d\u00fczenlenen 9. K\u0131sa Film Yar\u0131\u015fmas\u0131\u2019n\u0131n kanaat \u00f6nderli\u011fini \u0130spanyol oyuncu, yap\u0131mc\u0131 ve yazar Ruth Gabriel \u00fcstlendi. 10 filmin finale kald\u0131\u011f\u0131 yar\u0131\u015fman\u0131n \u00f6d\u00fcl t\u00f6reni 5 \u015eubat 2025 tarihinde \u201c\u00c7ok G\u00f6\u00e7 Olmadan \u00c7ek\u201d slogan\u0131yla ger\u00e7ekle\u015ftirilecek. Toplumsal sorunlara sinema arac\u0131l\u0131\u011f\u0131yla dikkat \u00e7ekmek amac\u0131yla \u201cK\u0131sa Film Uzun Etki\u201d [&hellip;]<\/p>\n","protected":false},"author":2,"featured_media":38846,"comment_status":"closed","ping_status":"closed","sticky":false,"template":"","format":"standard","meta":{"footnotes":""},"categories":[3],"tags":[],"class_list":["post-38844","post","type-post","status-publish","format-standard","has-post-thumbnail","hentry","category-manset"],"views":6,"_links":{"self":[{"href":"https:\/\/mersinkadingazetesi.com\/index.php?rest_route=\/wp\/v2\/posts\/38844"}],"collection":[{"href":"https:\/\/mersinkadingazetesi.com\/index.php?rest_route=\/wp\/v2\/posts"}],"about":[{"href":"https:\/\/mersinkadingazetesi.com\/index.php?rest_route=\/wp\/v2\/types\/post"}],"author":[{"embeddable":true,"href":"https:\/\/mersinkadingazetesi.com\/index.php?rest_route=\/wp\/v2\/users\/2"}],"replies":[{"embeddable":true,"href":"https:\/\/mersinkadingazetesi.com\/index.php?rest_route=%2Fwp%2Fv2%2Fcomments&post=38844"}],"version-history":[{"count":1,"href":"https:\/\/mersinkadingazetesi.com\/index.php?rest_route=\/wp\/v2\/posts\/38844\/revisions"}],"predecessor-version":[{"id":38847,"href":"https:\/\/mersinkadingazetesi.com\/index.php?rest_route=\/wp\/v2\/posts\/38844\/revisions\/38847"}],"wp:featuredmedia":[{"embeddable":true,"href":"https:\/\/mersinkadingazetesi.com\/index.php?rest_route=\/wp\/v2\/media\/38846"}],"wp:attachment":[{"href":"https:\/\/mersinkadingazetesi.com\/index.php?rest_route=%2Fwp%2Fv2%2Fmedia&parent=38844"}],"wp:term":[{"taxonomy":"category","embeddable":true,"href":"https:\/\/mersinkadingazetesi.com\/index.php?rest_route=%2Fwp%2Fv2%2Fcategories&post=38844"},{"taxonomy":"post_tag","embeddable":true,"href":"https:\/\/mersinkadingazetesi.com\/index.php?rest_route=%2Fwp%2Fv2%2Ftags&post=38844"}],"curies":[{"name":"wp","href":"https:\/\/api.w.org\/{rel}","templated":true}]}}