{"id":38860,"date":"2025-01-20T15:51:35","date_gmt":"2025-01-20T12:51:35","guid":{"rendered":"https:\/\/mersinkadingazetesi.com\/?p=38860"},"modified":"2025-01-20T15:51:35","modified_gmt":"2025-01-20T12:51:35","slug":"deva-partili-ekmen-ak-parti-milletvekilerine-babacanin-sozlerini-hatirlatti-ekonomiyi-duzeltmek-istiyorsaniz-adalete-olan-guveni-tesis-edin","status":"publish","type":"post","link":"https:\/\/mersinkadingazetesi.com\/?p=38860","title":{"rendered":"DEVA Partili Ekmen, AK Parti milletvekilerine Babacan\u2019\u0131n s\u00f6zlerini hat\u0131rlatt\u0131: Ekonomiyi d\u00fczeltmek istiyorsan\u0131z, adalete olan g\u00fcveni tesis edin!\u00a0"},"content":{"rendered":"\n<figure class=\"wp-block-table\"><table class=\"has-fixed-layout\"><tbody><tr><td><strong>DEVA Partisi Genel Ba\u015fkan Yard\u0131mc\u0131s\u0131 Mehmet Emin Ekmen, DEVA Partisi\u2019nin hukuk ve temel haklar konusundaki \u00e7al\u0131\u015fmalar\u0131na i\u015faret ederek \u201dGenel Ba\u015fkan\u0131m\u0131z Say\u0131n Ali Babacan s\u00fcrekli \u015funu ifade ediyor;&nbsp;<\/strong><strong>\u2018<\/strong><strong>Ekonomiyi d\u00fczeltmek istiyorsan\u0131z hukuka, yarg\u0131ya, adalet sistemine olan g\u00fcveni tesis etmeniz laz\u0131m. Say\u0131n Mehmet \u015eim\u015fek geldi, herkes \u015f\u00f6yle d\u00fc\u015f\u00fcn\u00fcyordu: Ali Babacan&#8217;la ayn\u0131 gelenekten geliyorlar, ayn\u0131 tedbirleri alacaklar\u2026 Ne oldu? Yirmi ay ge\u00e7ti, T\u00dc\u0130K verilerine g<\/strong><strong>\u00f6<\/strong><strong>re enflasyon y\u00fckseldi, d\u00fc\u015f<\/strong><strong>medi&nbsp;<\/strong><strong>\u00e7\u00fcnk\u00fc hukuka, adalete, yarg\u0131ya g\u00fcven yok\u201d dedi.<\/strong>&nbsp;DEVA Partisi Genel Ba\u015fkan Yard\u0131mc\u0131s\u0131 ve Mersin Milletvekili Mehmet Emin Ekmen,<strong>&nbsp;<\/strong>T\u00fcrkiye Adalet Akademisi hakk\u0131ndaki kanun teklifi ile ilgili T\u00fcrkiye B\u00fcy\u00fck Millet Meclisi (TBMM) Genel Kurulunda konu\u015ftu.&nbsp;&nbsp;<strong>Ekonomiyi d\u00fczeltmek istiyorsan\u0131z adalete olan g\u00fcveni tesis edin<\/strong><strong>!<\/strong>Ekonomiyle adalet sisteminin birbiriyle ba\u011flant\u0131l\u0131 oldu\u011funu s\u00f6yleyen Ekmen, \u201cGenel Ba\u015fkan\u0131m\u0131z Say\u0131n Ali Babacan s\u00fcrekli \u015funu ifade ediyor;&nbsp;\u2018ekonomiyi d\u00fczeltmek i\u00e7in \u00e7ok bir \u015fey yapman\u0131za gerek yok, orada bir sistem kurars\u0131n\u0131z, y\u00fcr\u00fcr ama ekonomiyi d\u00fczeltmek istiyorsan\u0131z hukuka, yarg\u0131ya, adalet sistemine olan g\u00fcveni tesis etmeniz laz\u0131m.\u2019&nbsp;Say\u0131n Mehmet \u015eim\u015fek geldi, herkes \u015f\u00f6yle d\u00fc\u015f\u00fcn\u00fcyordu: Ali Babacan&#8217;la ayn\u0131 gelenekten geliyorlar, ayn\u0131 tedbirleri alacaklar; ho\u015f, bu al\u0131nan tedbirlerde fakir fukara, asgari \u00fccretli, en alt gelir grubu yok, sosyal destek programlar\u0131 yok, devletin sosyal sorumlulu\u011fu yok ama makro anlamda finansal g\u00f6stergelerle ilgili baz\u0131 tedbirler var. Ne oldu? Yirmi ay ge\u00e7ti, T\u00dc\u0130K verilerine g\u00f6re enflasyon y\u00fckseldi, d\u00fc\u015fmedi;&nbsp;\u00e7\u00fcnk\u00fc hukuka, adalete, yarg\u0131ya g\u00fcven yok\u201d ifadelerini kulland\u0131.<br><br><strong>Ekmen, DEVA Partisi\u2019nin eylem planlar\u0131na dikkat \u00e7ekti<\/strong>DEVA Partisi\u2019nin hukuk ve temel haklar konusunda yapt\u0131\u011f\u0131 \u00e7al\u0131\u015fmalara dikkati \u00e7eken Ekmen, \u015funlar\u0131 kaydetti:&nbsp;&nbsp;\u201cPartimizin eylem planlar\u0131 aras\u0131nda en kal\u0131n olan\u0131 Temel Haklar Eylem Plan\u0131. Ayr\u0131ca 2 tane de adalet plan\u0131 var! Sadece Temel Haklar Eylem Plan\u0131 tam 168 sayfa arkada\u015flar!&nbsp;\u00dcstelik bizimkiler tasarruf olsun diye kar\u0131nca duas\u0131 gibi k\u00fc\u00e7\u00fck k\u00fc\u00e7\u00fck yazm\u0131\u015flar, odalar\u0131n\u0131za g\u00f6nderdik, belki merak edip bakm\u0131\u015fs\u0131n\u0131zd\u0131r, tam 168 sayfa. Bu kadar incelikli ve derin \u00e7al\u0131\u015fmalar\u0131 T\u00fcrkiye&#8217;nin ne kadar b\u00fcy\u00fck problemlerinin oldu\u011funu g\u00f6zler&nbsp;\u00f6n\u00fcne seriyor. Ke\u015fke bu problemler olmasayd\u0131 da biz bu raporlar\u0131 haz\u0131rlamasayd\u0131k. Ama maalesef nereden tutsak ma\u011fduriyetler, sorunlar, problemler ve i\u015f bilememezlikler. En az\u0131ndan kapsaml\u0131 \u015fekilde partimizin haz\u0131rlad\u0131\u011f\u0131 raporlara ve programlara bakarsan\u0131z \u00fclkenin hayr\u0131na olacakt\u0131r.\u201c<\/td><\/tr><\/tbody><\/table><\/figure>\n","protected":false},"excerpt":{"rendered":"<p>DEVA Partisi Genel Ba\u015fkan Yard\u0131mc\u0131s\u0131 Mehmet Emin Ekmen, DEVA Partisi\u2019nin hukuk ve temel haklar konusundaki \u00e7al\u0131\u015fmalar\u0131na i\u015faret ederek \u201dGenel Ba\u015fkan\u0131m\u0131z Say\u0131n Ali Babacan s\u00fcrekli \u015funu ifade ediyor;&nbsp;\u2018Ekonomiyi d\u00fczeltmek istiyorsan\u0131z hukuka, yarg\u0131ya, adalet sistemine olan g\u00fcveni tesis etmeniz laz\u0131m. Say\u0131n Mehmet \u015eim\u015fek geldi, herkes \u015f\u00f6yle d\u00fc\u015f\u00fcn\u00fcyordu: Ali Babacan&#8217;la ayn\u0131 gelenekten geliyorlar, ayn\u0131 tedbirleri alacaklar\u2026 Ne oldu? [&hellip;]<\/p>\n","protected":false},"author":2,"featured_media":38861,"comment_status":"closed","ping_status":"closed","sticky":false,"template":"","format":"standard","meta":{"footnotes":""},"categories":[3,5],"tags":[],"class_list":["post-38860","post","type-post","status-publish","format-standard","has-post-thumbnail","hentry","category-manset","category-mersin"],"views":6,"_links":{"self":[{"href":"https:\/\/mersinkadingazetesi.com\/index.php?rest_route=\/wp\/v2\/posts\/38860"}],"collection":[{"href":"https:\/\/mersinkadingazetesi.com\/index.php?rest_route=\/wp\/v2\/posts"}],"about":[{"href":"https:\/\/mersinkadingazetesi.com\/index.php?rest_route=\/wp\/v2\/types\/post"}],"author":[{"embeddable":true,"href":"https:\/\/mersinkadingazetesi.com\/index.php?rest_route=\/wp\/v2\/users\/2"}],"replies":[{"embeddable":true,"href":"https:\/\/mersinkadingazetesi.com\/index.php?rest_route=%2Fwp%2Fv2%2Fcomments&post=38860"}],"version-history":[{"count":1,"href":"https:\/\/mersinkadingazetesi.com\/index.php?rest_route=\/wp\/v2\/posts\/38860\/revisions"}],"predecessor-version":[{"id":38862,"href":"https:\/\/mersinkadingazetesi.com\/index.php?rest_route=\/wp\/v2\/posts\/38860\/revisions\/38862"}],"wp:featuredmedia":[{"embeddable":true,"href":"https:\/\/mersinkadingazetesi.com\/index.php?rest_route=\/wp\/v2\/media\/38861"}],"wp:attachment":[{"href":"https:\/\/mersinkadingazetesi.com\/index.php?rest_route=%2Fwp%2Fv2%2Fmedia&parent=38860"}],"wp:term":[{"taxonomy":"category","embeddable":true,"href":"https:\/\/mersinkadingazetesi.com\/index.php?rest_route=%2Fwp%2Fv2%2Fcategories&post=38860"},{"taxonomy":"post_tag","embeddable":true,"href":"https:\/\/mersinkadingazetesi.com\/index.php?rest_route=%2Fwp%2Fv2%2Ftags&post=38860"}],"curies":[{"name":"wp","href":"https:\/\/api.w.org\/{rel}","templated":true}]}}