{"id":38865,"date":"2025-01-21T11:16:01","date_gmt":"2025-01-21T08:16:01","guid":{"rendered":"https:\/\/mersinkadingazetesi.com\/?p=38865"},"modified":"2025-01-21T11:16:02","modified_gmt":"2025-01-21T08:16:02","slug":"silifke-belediyesinden-somestr-icin-cocuk-festivali","status":"publish","type":"post","link":"https:\/\/mersinkadingazetesi.com\/?p=38865","title":{"rendered":"S\u0130L\u0130FKE BELED\u0130YES\u0130&#8217;NDEN S\u00d6MESTR \u0130\u00c7\u0130N \u00c7OCUK FEST\u0130VAL\u0130"},"content":{"rendered":"\n<p>&nbsp;&nbsp;&nbsp;&nbsp;&nbsp;&nbsp;&nbsp;&nbsp;&nbsp;&nbsp;&nbsp; Silifke Belediyesi, s\u00f6mestr tatili i\u00e7in bir hafta s\u00fcrecek \u00c7ocuk Festivali\u2019ni ba\u015flatt\u0131. Etkinlik, 20-29 Ocak tarihleri aras\u0131nda kent merkezi ve mahallelerde d\u00fczenlenecek.&nbsp;<\/p>\n\n\n\n<p>&nbsp;&nbsp;&nbsp;&nbsp;&nbsp;&nbsp;&nbsp;&nbsp;&nbsp;&nbsp;&nbsp; G\u00f6ksu Park\u0131\u2019nda d\u00fczenlenen&nbsp;Ara Tatil \u00c7ocuk Festivali kapsam\u0131nda sahne g\u00f6sterileri, maskot karakterler, konserler, tiyatrolar, film g\u00f6sterileri, \u00e7ocuk at\u00f6lyeleri, animasyon g\u00f6sterileri ve daha akl\u0131n\u0131za gelebilecek pek \u00e7ok aktivite yer al\u0131yor.<\/p>\n\n\n\n<p><em>Ba\u015fkan Turgut, &#8216;\u00c7ocuklar\u0131m\u0131z\u0131n mutlulu\u011fu her \u015feye de\u011fer\u2019<\/em><\/p>\n\n\n\n<p>&nbsp;&nbsp;&nbsp;&nbsp;&nbsp;&nbsp;&nbsp;&nbsp;&nbsp;&nbsp;&nbsp; Ara Tatil \u00c7ocuk Festivalinin yo\u011fun bir kat\u0131l\u0131m ile ba\u015flad\u0131\u011f\u0131n\u0131 belirten Silifke Belediye Ba\u015fkan\u0131 Dr. Mustafa Turgut, \u2018\u00c7ocuklar\u0131m\u0131z\u0131n mutlulu\u011fu her \u015feye de\u011fer. \u00c7ocuklar\u0131m\u0131za karne hediyesi olarak g\u00fczel bir s\u00fcrpriz haz\u0131rlad\u0131k. Onlar\u0131n e\u011flenip \u00f6\u011frenebilece\u011fi, farkl\u0131 becerilerini geli\u015ftirebilecekleri ve bol bol stres atabilecekleri birbirinden g\u00fczel etkinlikler haz\u0131rlad\u0131k. Bilgisayar ve tablet ba\u015f\u0131nda vakit ge\u00e7irmek yerine burada aileleriyle birlikte keyifli ve mutlu bir zaman ge\u00e7iriyorlar. Sadece kent merkezimizde de\u011fil her g\u00fcn farkl\u0131 mahallelerimizde bir hafta boyunca s\u00fcrecek \u00c7ocuk Festivalimize kat\u0131l\u0131mlar bir hayli yo\u011fun.. \u00c7ocuklar\u0131m\u0131z i\u00e7in hem e\u011flenceli hem \u00f6\u011fretici bu organizasyonlar\u0131m\u0131z\u0131 ileriye do\u011fru daha geni\u015f ve kapsaml\u0131s\u0131n\u0131 ger\u00e7ekle\u015ftirmeyi planl\u0131yoruz. Ara tatile giren t\u00fcm \u00e7ocuklar\u0131m\u0131z\u0131 ve ailelerini etkinliklerimize bekliyoruz\u2019 dedi.<\/p>\n\n\n\n<p>&nbsp;&nbsp;&nbsp;&nbsp;&nbsp;&nbsp;&nbsp;&nbsp;&nbsp;&nbsp;&nbsp; Ba\u015fkan Turgut, ailelerin de \u00e7ocuklar\u0131yla birlikte vakit ge\u00e7irebilece\u011fi bu t\u00fcr etkinliklerin devam edece\u011fini belirterek, \u2018Ara tatili, yaz \u015fenlikleri ve Ramazan etkinlikleri gibi programlarla vatanda\u015flar\u0131m\u0131z\u0131 daha fazla bir araya getirmeye devam edece\u011fiz\u2019 dedi.&nbsp;<\/p>\n\n\n\n<p><em>\u00d6\u011frenci ailelerinden te\u015fekk\u00fcr<\/em><\/p>\n\n\n\n<p>&nbsp;&nbsp;&nbsp;&nbsp;&nbsp;&nbsp;&nbsp;&nbsp;&nbsp;&nbsp;&nbsp; Etkinli\u011fe \u00e7ocuklar\u0131yla kat\u0131lan Havva S\u00f6yler, \u2018Belediyemize ve ba\u015fkan\u0131m\u0131za te\u015fekk\u00fcr ediyoruz. \u00c7ocuk festivalinde \u00e7ocuklar\u0131m\u0131z doyas\u0131ya e\u011flendiler ve mutlu oldular. Her \u015fey \u00e7ok g\u00fczel d\u00fc\u015f\u00fcn\u00fclm\u00fc\u015f. Ayn\u0131 zamanda \u00e7ocuklar\u0131m\u0131z birbirleriyle kayna\u015f\u0131yor ve e\u011fleniyorlar. Eme\u011fi ge\u00e7en herkese te\u015fekk\u00fcr ediyorum\u2019 dedi.<\/p>\n\n\n\n<p>&nbsp;&nbsp;&nbsp;&nbsp;&nbsp;&nbsp;&nbsp;&nbsp;&nbsp;&nbsp;&nbsp; Festival etkinlikleri kapsam\u0131nda Belediye Ba\u015fkan\u0131 Dr. Mustafa Turgut ile bol bol foto\u011fraf \u00e7ektiren \u00e7ocuklara ve ailelerine, Ba\u015fkan Turgut kendi elleriyle yapt\u0131\u011f\u0131 pi\u015fmaniyeleri ikram etti.<\/p>\n","protected":false},"excerpt":{"rendered":"<p>&nbsp;&nbsp;&nbsp;&nbsp;&nbsp;&nbsp;&nbsp;&nbsp;&nbsp;&nbsp;&nbsp; Silifke Belediyesi, s\u00f6mestr tatili i\u00e7in bir hafta s\u00fcrecek \u00c7ocuk Festivali\u2019ni ba\u015flatt\u0131. Etkinlik, 20-29 Ocak tarihleri aras\u0131nda kent merkezi ve mahallelerde d\u00fczenlenecek.&nbsp; &nbsp;&nbsp;&nbsp;&nbsp;&nbsp;&nbsp;&nbsp;&nbsp;&nbsp;&nbsp;&nbsp; G\u00f6ksu Park\u0131\u2019nda d\u00fczenlenen&nbsp;Ara Tatil \u00c7ocuk Festivali kapsam\u0131nda sahne g\u00f6sterileri, maskot karakterler, konserler, tiyatrolar, film g\u00f6sterileri, \u00e7ocuk at\u00f6lyeleri, animasyon g\u00f6sterileri ve daha akl\u0131n\u0131za gelebilecek pek \u00e7ok aktivite yer al\u0131yor. Ba\u015fkan Turgut, &#8216;\u00c7ocuklar\u0131m\u0131z\u0131n mutlulu\u011fu [&hellip;]<\/p>\n","protected":false},"author":2,"featured_media":38866,"comment_status":"closed","ping_status":"closed","sticky":false,"template":"","format":"standard","meta":{"footnotes":""},"categories":[3],"tags":[],"class_list":["post-38865","post","type-post","status-publish","format-standard","has-post-thumbnail","hentry","category-manset"],"views":7,"_links":{"self":[{"href":"https:\/\/mersinkadingazetesi.com\/index.php?rest_route=\/wp\/v2\/posts\/38865"}],"collection":[{"href":"https:\/\/mersinkadingazetesi.com\/index.php?rest_route=\/wp\/v2\/posts"}],"about":[{"href":"https:\/\/mersinkadingazetesi.com\/index.php?rest_route=\/wp\/v2\/types\/post"}],"author":[{"embeddable":true,"href":"https:\/\/mersinkadingazetesi.com\/index.php?rest_route=\/wp\/v2\/users\/2"}],"replies":[{"embeddable":true,"href":"https:\/\/mersinkadingazetesi.com\/index.php?rest_route=%2Fwp%2Fv2%2Fcomments&post=38865"}],"version-history":[{"count":1,"href":"https:\/\/mersinkadingazetesi.com\/index.php?rest_route=\/wp\/v2\/posts\/38865\/revisions"}],"predecessor-version":[{"id":38867,"href":"https:\/\/mersinkadingazetesi.com\/index.php?rest_route=\/wp\/v2\/posts\/38865\/revisions\/38867"}],"wp:featuredmedia":[{"embeddable":true,"href":"https:\/\/mersinkadingazetesi.com\/index.php?rest_route=\/wp\/v2\/media\/38866"}],"wp:attachment":[{"href":"https:\/\/mersinkadingazetesi.com\/index.php?rest_route=%2Fwp%2Fv2%2Fmedia&parent=38865"}],"wp:term":[{"taxonomy":"category","embeddable":true,"href":"https:\/\/mersinkadingazetesi.com\/index.php?rest_route=%2Fwp%2Fv2%2Fcategories&post=38865"},{"taxonomy":"post_tag","embeddable":true,"href":"https:\/\/mersinkadingazetesi.com\/index.php?rest_route=%2Fwp%2Fv2%2Ftags&post=38865"}],"curies":[{"name":"wp","href":"https:\/\/api.w.org\/{rel}","templated":true}]}}