{"id":38871,"date":"2025-01-21T11:20:36","date_gmt":"2025-01-21T08:20:36","guid":{"rendered":"https:\/\/mersinkadingazetesi.com\/?p=38871"},"modified":"2025-01-21T11:20:36","modified_gmt":"2025-01-21T08:20:36","slug":"erdemli-belediyesi-kent-lokantasi-erbel-hizmete-acildi","status":"publish","type":"post","link":"https:\/\/mersinkadingazetesi.com\/?p=38871","title":{"rendered":"ERDEML\u0130 BELED\u0130YES\u0130 KENT LOKANTASI (ERBEL)\u00a0H\u0130ZMETE A\u00c7ILDI"},"content":{"rendered":"\n<p>Mersin Erdemli Belediyesi projeleri aras\u0131nda olan Erdemli Belediye Lokantas\u0131 (ERBEL) a\u00e7\u0131ld\u0131. Sosyal Belediyecili\u011fin en g\u00fczel projelerini hayata ge\u00e7iren Erdemli Belediyesi \u00fc\u00e7 \u00e7e\u015fit yeme\u011fi 80 TL&#8217;ye haftan\u0131n alt\u0131 g\u00fcn\u00fc vatanda\u015flar\u0131n hizmetine sunarak bir ilki daha ger\u00e7ekle\u015ftirdi.<\/p>\n\n\n\n<p><br>Sosyal belediyecilik anlay\u0131\u015f\u0131n\u0131 hayat\u0131n her an\u0131na aktaran Erdemli Belediyesi bu defa da Erdemli Belediye Lokantalar\u0131n\u0131 (ERBEL) hizmete a\u00e7t\u0131. \u0130lk \u015fubenin a\u00e7\u0131l\u0131\u015f\u0131na vatanda\u015flar ise yo\u011fun ilgi g\u00f6sterdi.<\/p>\n\n\n\n<p><br>Erdemli Gastronomi Merkezi (EGAM)&#8217;de kendi b\u00fcnyesinde alan\u0131nda uzman a\u015f\u00e7\u0131lar\u0131 taraf\u0131ndan yemekleri haz\u0131rlayan Erdemli Belediyesi 3 \u00e7e\u015fit yemek 80TL gibi uygun bir fiyatla vatanda\u015flar\u0131n hizmetine sundu.<\/p>\n\n\n\n<p><br>\u0130lk g\u00fcn a\u00e7\u0131l\u0131\u015fa binin \u00fczerinde vatanda\u015f kat\u0131l\u0131rken Erdemli Belediye Ba\u015fkan\u0131 Mustafa Kara \u015fubelerin kentin d\u00f6rt bir taraf\u0131na yay\u0131laca\u011f\u0131n\u0131 ifade etti. Ba\u015fkan Mustafa Kara, &#8221;Sosyal belediyecili\u011fin en g\u00fczel \u00f6rneklerinden bir tanesi ERBEL Lokantam\u0131z\u0131 bug\u00fcn itibariyle hizmete a\u00e7t\u0131k. Haftan\u0131n alt\u0131 g\u00fcn\u00fc vatanda\u015flar\u0131m\u0131za hizmet verecek. Tabi kendi personellerimiz kendi a\u015f\u00e7\u0131lar\u0131m\u0131z \u00fcretilen yemekler, vatanda\u015flar\u0131m\u0131z\u0131n hizmetine sunulacak. Sosyal belediyecili\u011fin g\u00fczel bir \u00f6rne\u011fi. \u0130n\u015fallah ERBEL Lokantas\u0131&#8217;n\u0131n ikincisini ve ERBEL Restaurantlar\u0131&#8217;n\u0131 da yak\u0131n zamanda kavu\u015fturmu\u015f olaca\u011f\u0131z. Erdemlimize, Mersinimize hay\u0131rl\u0131 u\u011furlu olsun. \u00dc\u00e7 \u00e7e\u015fit yemek 80 TL olacak. Hay\u0131rl\u0131 u\u011furlu olsun&#8221; diye konu\u015ftu.<\/p>\n\n\n\n<p><br>Kaliteli hizmeti uygun fiyata alman\u0131n mutlulu\u011funu ya\u015fayan vatanda\u015flar ise durumdan olduk\u00e7a memnun.<br>Memnuniyetini ifade eden S\u00fcleyman G\u00f6kmen, &#8221; Yap\u0131lan hizmetlerden dolay\u0131 \u00e7ok te\u015fekk\u00fcr ediyoruz. Hay\u0131rl\u0131 u\u011furlu olsun&#8221; diye konu\u015ftu.<\/p>\n\n\n\n<p><br>Mikail Kepez ise &#8221; Bu faaliyetlerden \u00e7ok memnunuz. Erdemli&#8217;de ilk defa yap\u0131ld\u0131\u011f\u0131 i\u00e7in Mustafa Kara Ba\u015fkan\u0131m\u0131za te\u015fekk\u00fcrler ederiz&#8221; diye konu\u015ftu.<\/p>\n\n\n\n<p><br>Zeynep \u015een ise &#8221;Fiyat\u0131, kalitesi, el lezzeti \u00e7ok g\u00fczel&#8221; diye konu\u015ftu.<br>Mahalle muhtarlar\u0131 ise durumdan olduk\u00e7a memnun. Barbaros Mahalle Muhtar\u0131 Ali D\u00f6nmez,&#8221; Var ol Mustafa Kara Ba\u015fkan diyoruz. Allah raz\u0131 olsun. Buraya gelen herkes \u00fc\u00e7 \u00e7e\u015fit yeme\u011fe 80 lira vererek c\u00fczi bir rakamla karn\u0131n\u0131 doyurabilecek. Ba\u015fkan\u0131m te\u015fekk\u00fcr ediyoruz, Erdemli sizi seviyor&#8221; diye konu\u015ftu.<\/p>\n\n\n\n<p><br>K\u0131zkalesi Mahalle Muhtar\u0131 Murat Kale ise,&#8221; Ba\u015fkan\u0131m\u0131za te\u015fekk\u00fcr ediyoruz. Erdemlinin ihtiyac\u0131yd\u0131 b\u00f6yle bir hizmet. Belediye taraf\u0131ndan yap\u0131lmas\u0131 da ayr\u0131yeten \u00e7ok g\u00fczel \u00e7ok anlaml\u0131. \u00c7ok lezzetli yani. \u00dc\u00e7 \u00e7e\u015fit alternatif var. Pilav, i\u00e7ecek, yemek ana men\u00fc. \u00c7ok g\u00fczel, ho\u015fumuza gitti. Ba\u015fkan\u0131m\u0131za tekrardan te\u015fekk\u00fcr ediyoruz&#8221; diye konu\u015ftu.<\/p>\n\n\n\n<p><br>\u00d6te yandan Erdemli Belediye Lokantas\u0131 (ERBEL) haftan\u0131n alt\u0131 g\u00fcn\u00fc vatanda\u015flara hizmet verecek. G\u00fcnl\u00fck men\u00fcleri takip etmek isteyen vatanda\u015flar ise Erdemli Belediyesi Lokantas\u0131 (ERBEL)&#8217;in sosyal medya hesaplar\u0131ndan takip edebiliyor.<\/p>\n","protected":false},"excerpt":{"rendered":"<p>Mersin Erdemli Belediyesi projeleri aras\u0131nda olan Erdemli Belediye Lokantas\u0131 (ERBEL) a\u00e7\u0131ld\u0131. Sosyal Belediyecili\u011fin en g\u00fczel projelerini hayata ge\u00e7iren Erdemli Belediyesi \u00fc\u00e7 \u00e7e\u015fit yeme\u011fi 80 TL&#8217;ye haftan\u0131n alt\u0131 g\u00fcn\u00fc vatanda\u015flar\u0131n hizmetine sunarak bir ilki daha ger\u00e7ekle\u015ftirdi. Sosyal belediyecilik anlay\u0131\u015f\u0131n\u0131 hayat\u0131n her an\u0131na aktaran Erdemli Belediyesi bu defa da Erdemli Belediye Lokantalar\u0131n\u0131 (ERBEL) hizmete a\u00e7t\u0131. \u0130lk \u015fubenin [&hellip;]<\/p>\n","protected":false},"author":2,"featured_media":38872,"comment_status":"closed","ping_status":"closed","sticky":false,"template":"","format":"standard","meta":{"footnotes":""},"categories":[3],"tags":[],"class_list":["post-38871","post","type-post","status-publish","format-standard","has-post-thumbnail","hentry","category-manset"],"views":9,"_links":{"self":[{"href":"https:\/\/mersinkadingazetesi.com\/index.php?rest_route=\/wp\/v2\/posts\/38871"}],"collection":[{"href":"https:\/\/mersinkadingazetesi.com\/index.php?rest_route=\/wp\/v2\/posts"}],"about":[{"href":"https:\/\/mersinkadingazetesi.com\/index.php?rest_route=\/wp\/v2\/types\/post"}],"author":[{"embeddable":true,"href":"https:\/\/mersinkadingazetesi.com\/index.php?rest_route=\/wp\/v2\/users\/2"}],"replies":[{"embeddable":true,"href":"https:\/\/mersinkadingazetesi.com\/index.php?rest_route=%2Fwp%2Fv2%2Fcomments&post=38871"}],"version-history":[{"count":1,"href":"https:\/\/mersinkadingazetesi.com\/index.php?rest_route=\/wp\/v2\/posts\/38871\/revisions"}],"predecessor-version":[{"id":38873,"href":"https:\/\/mersinkadingazetesi.com\/index.php?rest_route=\/wp\/v2\/posts\/38871\/revisions\/38873"}],"wp:featuredmedia":[{"embeddable":true,"href":"https:\/\/mersinkadingazetesi.com\/index.php?rest_route=\/wp\/v2\/media\/38872"}],"wp:attachment":[{"href":"https:\/\/mersinkadingazetesi.com\/index.php?rest_route=%2Fwp%2Fv2%2Fmedia&parent=38871"}],"wp:term":[{"taxonomy":"category","embeddable":true,"href":"https:\/\/mersinkadingazetesi.com\/index.php?rest_route=%2Fwp%2Fv2%2Fcategories&post=38871"},{"taxonomy":"post_tag","embeddable":true,"href":"https:\/\/mersinkadingazetesi.com\/index.php?rest_route=%2Fwp%2Fv2%2Ftags&post=38871"}],"curies":[{"name":"wp","href":"https:\/\/api.w.org\/{rel}","templated":true}]}}