{"id":38881,"date":"2025-01-21T11:29:24","date_gmt":"2025-01-21T08:29:24","guid":{"rendered":"https:\/\/mersinkadingazetesi.com\/?p=38881"},"modified":"2025-01-21T11:29:25","modified_gmt":"2025-01-21T08:29:25","slug":"hpv-asisi-ucretsiz-olmalidir","status":"publish","type":"post","link":"https:\/\/mersinkadingazetesi.com\/?p=38881","title":{"rendered":"HPV A\u015eISI \u00dcCRETS\u0130Z OLMALIDIR"},"content":{"rendered":"\n<p>Mersin Barosu Kad\u0131n Haklar\u0131 Merkezimiz taraf\u0131ndan Rahim A\u011fz\u0131 Kanseri Fark\u0131ndal\u0131k Ay\u0131 kapsam\u0131nda \u201cKad\u0131n\u0131n Cinsel Sa\u011fl\u0131\u011f\u0131 ve Haklar\u0131\u201d konulu sempozyum d\u00fczenlendi.<\/p>\n\n\n\n<p>Mersin Barosu Kad\u0131n Haklar\u0131 Merkezi Ba\u015fkan\u0131 Av. G\u00fclce Dida \u00c7avdar\u2019\u0131n moderat\u00f6rl\u00fc\u011f\u00fcnde d\u00fczenlenen sempozyuma konu\u015fmac\u0131 olarak kat\u0131lan \u0130zmir Buca Seyfi Demirsoy Kad\u0131n Hastal\u0131klar\u0131 ve Do\u011fum Op. Dr. Ozan Can Polat,\u201d Cinsel yolla bula\u015fan hastal\u0131klar, cinsel sa\u011fl\u0131\u011f\u0131n \u00f6nemi, HPV tan\u0131 s\u00fcreci, HPV bula\u015f yollar\u0131, HPV enfeksiyonunun servikal kanserlerle ili\u015fkisi, rahim a\u011fz\u0131 kanseri belirtileri, erken te\u015fhis, tedavi y\u00f6ntemleri\u201d, Uzm. Kln. Psk. S\u0131la D\u00fckel, \u201cCinsel yolla bula\u015fan hastal\u0131klar ve travma, cinsel yolla bula\u015fan hastal\u0131klar\u0131n kad\u0131n ruh sa\u011fl\u0131\u011f\u0131 \u00fczerindeki psikososyal etkileri, cinsel sa\u011fl\u0131k e\u011fitimi ve bilin\u00e7lendirme, cinsel sa\u011fl\u0131k e\u011fitiminin \u00f6nemi\u201d, \u00d6nce \u00c7ocuklar ve Kad\u0131nlar Derne\u011fi G\u00f6n\u00fcll\u00fc Avukat\u0131 Derya Demir, \u201cSa\u011fl\u0131k ve ya\u015fam hakk\u0131, HPV a\u015f\u0131s\u0131 neden \u00fccretsiz olmal\u0131d\u0131r? HPV a\u015f\u0131s\u0131n\u0131n bedelinin iadesi i\u00e7in hukuksal s\u00fcre\u00e7 ve y\u00f6ntemleri\u201d konular\u0131nda bilgilendirme yapt\u0131.<\/p>\n\n\n\n<p>Mersin Barosu y\u00f6netim kurulu \u00fcyelerimiz Mersin B\u00fcy\u00fck\u015fehir Belediyesi Kad\u0131n ve Aile Hizmetleri Dairesi Ba\u015fkanl\u0131\u011f\u0131 Kad\u0131n \u015eube M\u00fcd\u00fcr\u00fc Edibe Sahil, avukatlar\u0131n ve vatanda\u015flar\u0131n kat\u0131l\u0131m\u0131yla, Mersin B\u00fcy\u00fck\u015fehir Belediyesi Kongre ve Sergi Saray\u0131\u2019nda ger\u00e7ekle\u015fen sempozyumun a\u00e7\u0131l\u0131\u015f konu\u015fmas\u0131n\u0131 yapan Mersin Barosu y\u00f6netim kurulu \u00fcyemiz Av. \u00c7i\u011fdem Ata\u015f Er\u00e7olak, rahim a\u011fz\u0131 kanseri fark\u0131ndal\u0131k ay\u0131 kapsam\u0131nda, daha \u00f6nceki y\u0131llarda oldu\u011fu gibi bu y\u0131l da HPV a\u015f\u0131s\u0131n\u0131n \u00fccretsiz olmas\u0131 i\u00e7in y\u00fcr\u00fct\u00fclen \u00e7al\u0131\u015fmalara katk\u0131 sunmaktan mutluluk duydu\u011funu ifade ederek, Mersin Barosu olarak, HPV a\u015f\u0131s\u0131n\u0131n \u00fccretsiz olana kadar t\u00fcm yasal zorunluluklar\u0131 yerine getireceklerini s\u00f6yledi.<\/p>\n\n\n\n<p>Mersin Barosu Kad\u0131n Haklar\u0131 Merkezi Ba\u015fkan\u0131m\u0131z Av. G\u00fclce Dida \u00c7avdar konu\u015fmas\u0131nda, cinsel e\u011fitimin okullarda m\u00fcfredata konulmas\u0131 gerekti\u011fini belirterek, \u201cBireyin en temel hakk\u0131 olan sa\u011fl\u0131k hakk\u0131 ve ya\u015fam hakk\u0131 kapsam\u0131nda, cinsel sa\u011fl\u0131\u011f\u0131n cinsel tabular\u0131n y\u0131k\u0131lmas\u0131 ve do\u011fru bilgiye eri\u015fimle ba\u015far\u0131l\u0131 bir \u015fekilde desteklenebilece\u011fini d\u00fc\u015f\u00fcn\u00fcyoruz\u201d dedi.<\/p>\n\n\n\n<p>\u0130nteraktif kat\u0131l\u0131m\u0131n sa\u011fland\u0131\u011f\u0131 sempozyumun sonunda panelistlere te\u015fekk\u00fcr plaketi takdim edildi.<\/p>\n","protected":false},"excerpt":{"rendered":"<p>Mersin Barosu Kad\u0131n Haklar\u0131 Merkezimiz taraf\u0131ndan Rahim A\u011fz\u0131 Kanseri Fark\u0131ndal\u0131k Ay\u0131 kapsam\u0131nda \u201cKad\u0131n\u0131n Cinsel Sa\u011fl\u0131\u011f\u0131 ve Haklar\u0131\u201d konulu sempozyum d\u00fczenlendi. Mersin Barosu Kad\u0131n Haklar\u0131 Merkezi Ba\u015fkan\u0131 Av. G\u00fclce Dida \u00c7avdar\u2019\u0131n moderat\u00f6rl\u00fc\u011f\u00fcnde d\u00fczenlenen sempozyuma konu\u015fmac\u0131 olarak kat\u0131lan \u0130zmir Buca Seyfi Demirsoy Kad\u0131n Hastal\u0131klar\u0131 ve Do\u011fum Op. Dr. Ozan Can Polat,\u201d Cinsel yolla bula\u015fan hastal\u0131klar, cinsel sa\u011fl\u0131\u011f\u0131n [&hellip;]<\/p>\n","protected":false},"author":2,"featured_media":38882,"comment_status":"closed","ping_status":"closed","sticky":false,"template":"","format":"standard","meta":{"footnotes":""},"categories":[3],"tags":[],"class_list":["post-38881","post","type-post","status-publish","format-standard","has-post-thumbnail","hentry","category-manset"],"views":8,"_links":{"self":[{"href":"https:\/\/mersinkadingazetesi.com\/index.php?rest_route=\/wp\/v2\/posts\/38881"}],"collection":[{"href":"https:\/\/mersinkadingazetesi.com\/index.php?rest_route=\/wp\/v2\/posts"}],"about":[{"href":"https:\/\/mersinkadingazetesi.com\/index.php?rest_route=\/wp\/v2\/types\/post"}],"author":[{"embeddable":true,"href":"https:\/\/mersinkadingazetesi.com\/index.php?rest_route=\/wp\/v2\/users\/2"}],"replies":[{"embeddable":true,"href":"https:\/\/mersinkadingazetesi.com\/index.php?rest_route=%2Fwp%2Fv2%2Fcomments&post=38881"}],"version-history":[{"count":1,"href":"https:\/\/mersinkadingazetesi.com\/index.php?rest_route=\/wp\/v2\/posts\/38881\/revisions"}],"predecessor-version":[{"id":38883,"href":"https:\/\/mersinkadingazetesi.com\/index.php?rest_route=\/wp\/v2\/posts\/38881\/revisions\/38883"}],"wp:featuredmedia":[{"embeddable":true,"href":"https:\/\/mersinkadingazetesi.com\/index.php?rest_route=\/wp\/v2\/media\/38882"}],"wp:attachment":[{"href":"https:\/\/mersinkadingazetesi.com\/index.php?rest_route=%2Fwp%2Fv2%2Fmedia&parent=38881"}],"wp:term":[{"taxonomy":"category","embeddable":true,"href":"https:\/\/mersinkadingazetesi.com\/index.php?rest_route=%2Fwp%2Fv2%2Fcategories&post=38881"},{"taxonomy":"post_tag","embeddable":true,"href":"https:\/\/mersinkadingazetesi.com\/index.php?rest_route=%2Fwp%2Fv2%2Ftags&post=38881"}],"curies":[{"name":"wp","href":"https:\/\/api.w.org\/{rel}","templated":true}]}}