{"id":38884,"date":"2025-01-21T11:31:58","date_gmt":"2025-01-21T08:31:58","guid":{"rendered":"https:\/\/mersinkadingazetesi.com\/?p=38884"},"modified":"2025-01-21T11:31:58","modified_gmt":"2025-01-21T08:31:58","slug":"ankaradan-petrol-platformuna-veto","status":"publish","type":"post","link":"https:\/\/mersinkadingazetesi.com\/?p=38884","title":{"rendered":"Ankara&#8217;dan Petrol Platformuna Veto"},"content":{"rendered":"\n<p>\u00c7evre ve insan sa\u011fl\u0131\u011f\u0131n\u0131 tehdit eden petrol platformu projesine h\u00fck\u00fcmetten &#8216;k\u0131rm\u0131z\u0131 kart&#8217;. CHP Akdeniz \u0130l\u00e7e Ba\u015fkan\u0131 Semih Palamut, Ankara&#8217;n\u0131n bu duru\u015funu &#8216;\u00f6nemli bir ad\u0131m&#8217; olarak de\u011ferlendirdi.<\/p>\n\n\n\n<p>&#8220;\u00c7EVREYE ZARAR VERECEK PROJELER\u0130 KABUL ETM\u0130YORUZ&#8221;<\/p>\n\n\n\n<p>Cumhuriyet Halk Partisi (CHP) Akdeniz \u0130l\u00e7e Ba\u015fkan\u0131 Semih Palamut, b\u00f6lgede yap\u0131lmas\u0131 planlanan petrol platformu projesine y\u00f6nelik Ankara&#8217;n\u0131n olumsuz yakla\u015f\u0131m\u0131n\u0131 destekleyen a\u00e7\u0131klamalarda bulundu. Ba\u015fkan Palamut, s\u00f6z konusu projenin \u00e7evreye geri d\u00f6n\u00fc\u015f\u00fc m\u00fcmk\u00fcn olmayan zararlar verece\u011fini belirtti. &nbsp;<\/p>\n\n\n\n<p>Ba\u015fkan Palamut, yapt\u0131\u011f\u0131 a\u00e7\u0131klamada \u015fu ifadeleri kulland\u0131: &#8220;Bu t\u00fcr projeler, sadece do\u011fam\u0131za de\u011fil, b\u00f6lgede ya\u015fayan t\u00fcm vatanda\u015flar\u0131m\u0131z\u0131n sa\u011fl\u0131\u011f\u0131na ve gelece\u011fine zarar verecektir. Ankara&#8217;n\u0131n bu projeye &#8216;k\u0131rm\u0131z\u0131 kart&#8217; g\u00f6stermesi, \u00e7evreye duyarl\u0131 bir yakla\u015f\u0131m sergilemesi bak\u0131m\u0131ndan \u00f6nemlidir.&#8221; Petrol platformunun \u00e7evre \u00fczerindeki etkilerine de\u011finen Ba\u015fkan Palamut, bilimsel raporlar\u0131n ve uzman g\u00f6r\u00fc\u015flerinin dikkate al\u0131nmas\u0131 gerekti\u011fini belirtti. &nbsp;<\/p>\n\n\n\n<p>&#8220;M\u00dcCADELEM\u0130Z SONUNA KADAR DEVAM EDECEK&#8221;<\/p>\n\n\n\n<p>Ba\u015fkan Palamut, yerel halk ve \u00e7evre \u00f6rg\u00fctlerinin projeye kar\u015f\u0131 uzun s\u00fcredir tepkilerini dile getirdi\u011fini hat\u0131rlatarak, bu m\u00fccadelenin s\u00fcrd\u00fcr\u00fclece\u011finin alt\u0131n\u0131 \u00e7izdi. Ba\u015fkan Palamut, &#8220;Sadece bug\u00fcn\u00fc de\u011fil, gelece\u011fimizi de d\u00fc\u015f\u00fcnmek zorunday\u0131z. Bu proje, b\u00f6lgemizdeki do\u011fal ya\u015fam\u0131 ve tar\u0131m\u0131 yok etme tehlikesi ta\u015f\u0131yor. Biz, halk\u0131m\u0131zla birlikte bu s\u00fcrecin takip\u00e7isi olaca\u011f\u0131z.&#8221; &nbsp;ifadelerini kulland\u0131. &nbsp;<\/p>\n\n\n\n<p>YEREL HALKA DAYANI\u015eMA \u00c7A\u011eRISI<\/p>\n\n\n\n<p>Ba\u015fkan Palamut, a\u00e7\u0131klamalar\u0131nda t\u00fcm siyasi partilere ve sivil toplum kurulu\u015flar\u0131na birlik \u00e7a\u011fr\u0131s\u0131 yaparak, do\u011fay\u0131 koruma m\u00fccadelesinin siyaset \u00fcst\u00fc bir konu oldu\u011funu ifade etti. &#8220;Bu s\u00fcre\u00e7te yaln\u0131zca CHP olarak de\u011fil, t\u00fcm toplumsal kesimlerin birlikte hareket etmesi gerekiyor. Do\u011fam\u0131z bizim ortak gelece\u011fimizdir.&#8221; \u015feklinde konu\u015ftu.<\/p>\n","protected":false},"excerpt":{"rendered":"<p>\u00c7evre ve insan sa\u011fl\u0131\u011f\u0131n\u0131 tehdit eden petrol platformu projesine h\u00fck\u00fcmetten &#8216;k\u0131rm\u0131z\u0131 kart&#8217;. CHP Akdeniz \u0130l\u00e7e Ba\u015fkan\u0131 Semih Palamut, Ankara&#8217;n\u0131n bu duru\u015funu &#8216;\u00f6nemli bir ad\u0131m&#8217; olarak de\u011ferlendirdi. &#8220;\u00c7EVREYE ZARAR VERECEK PROJELER\u0130 KABUL ETM\u0130YORUZ&#8221; Cumhuriyet Halk Partisi (CHP) Akdeniz \u0130l\u00e7e Ba\u015fkan\u0131 Semih Palamut, b\u00f6lgede yap\u0131lmas\u0131 planlanan petrol platformu projesine y\u00f6nelik Ankara&#8217;n\u0131n olumsuz yakla\u015f\u0131m\u0131n\u0131 destekleyen a\u00e7\u0131klamalarda bulundu. Ba\u015fkan [&hellip;]<\/p>\n","protected":false},"author":2,"featured_media":38885,"comment_status":"closed","ping_status":"closed","sticky":false,"template":"","format":"standard","meta":{"footnotes":""},"categories":[3],"tags":[],"class_list":["post-38884","post","type-post","status-publish","format-standard","has-post-thumbnail","hentry","category-manset"],"views":4,"_links":{"self":[{"href":"https:\/\/mersinkadingazetesi.com\/index.php?rest_route=\/wp\/v2\/posts\/38884"}],"collection":[{"href":"https:\/\/mersinkadingazetesi.com\/index.php?rest_route=\/wp\/v2\/posts"}],"about":[{"href":"https:\/\/mersinkadingazetesi.com\/index.php?rest_route=\/wp\/v2\/types\/post"}],"author":[{"embeddable":true,"href":"https:\/\/mersinkadingazetesi.com\/index.php?rest_route=\/wp\/v2\/users\/2"}],"replies":[{"embeddable":true,"href":"https:\/\/mersinkadingazetesi.com\/index.php?rest_route=%2Fwp%2Fv2%2Fcomments&post=38884"}],"version-history":[{"count":1,"href":"https:\/\/mersinkadingazetesi.com\/index.php?rest_route=\/wp\/v2\/posts\/38884\/revisions"}],"predecessor-version":[{"id":38886,"href":"https:\/\/mersinkadingazetesi.com\/index.php?rest_route=\/wp\/v2\/posts\/38884\/revisions\/38886"}],"wp:featuredmedia":[{"embeddable":true,"href":"https:\/\/mersinkadingazetesi.com\/index.php?rest_route=\/wp\/v2\/media\/38885"}],"wp:attachment":[{"href":"https:\/\/mersinkadingazetesi.com\/index.php?rest_route=%2Fwp%2Fv2%2Fmedia&parent=38884"}],"wp:term":[{"taxonomy":"category","embeddable":true,"href":"https:\/\/mersinkadingazetesi.com\/index.php?rest_route=%2Fwp%2Fv2%2Fcategories&post=38884"},{"taxonomy":"post_tag","embeddable":true,"href":"https:\/\/mersinkadingazetesi.com\/index.php?rest_route=%2Fwp%2Fv2%2Ftags&post=38884"}],"curies":[{"name":"wp","href":"https:\/\/api.w.org\/{rel}","templated":true}]}}