{"id":38896,"date":"2025-01-21T15:20:02","date_gmt":"2025-01-21T12:20:02","guid":{"rendered":"https:\/\/mersinkadingazetesi.com\/?p=38896"},"modified":"2025-01-21T15:20:03","modified_gmt":"2025-01-21T12:20:03","slug":"deva-partili-ekmen-cezasizlik-hissini-ortadan-kaldiracak-duzenlemelere-ihtiyac-var","status":"publish","type":"post","link":"https:\/\/mersinkadingazetesi.com\/?p=38896","title":{"rendered":"DEVA Partili Ekmen: Cezas\u0131zl\u0131k hissini ortadan kald\u0131racak d\u00fczenlemelere ihtiya\u00e7 var!\u00a0"},"content":{"rendered":"\n<figure class=\"wp-block-table\"><table class=\"has-fixed-layout\"><tbody><tr><td><strong>DEVA Partisi Genel Ba\u015fkan Yard\u0131mc\u0131s\u0131 Mehmet Emin Ekmen, toplumda yarg\u0131ya ve hukuka olan g\u00fcvenin ciddi \u015fekilde azald\u0131\u011f\u0131na dikkat \u00e7ekerek, su\u00e7lularda &nbsp;<\/strong><strong>\u201c<\/strong><strong>cezas\u0131zl\u0131k hissinin\u201d artt\u0131\u011f\u0131n\u0131 vurgulad\u0131. Baz\u0131 g\u00fcnlerde yirmi d<\/strong><strong>\u00f6<\/strong><strong>rt saatte 15-16 ki\u015finin basit meseleler y\u00fcz\u00fc<\/strong><strong>nden&nbsp;<\/strong><strong>\u00f6<\/strong><strong>ld\u00fcr\u00fclebildi\u011fini&nbsp;<\/strong><strong>dile getiren&nbsp;<\/strong><strong>Ekmen,&nbsp;<\/strong><strong>\u201c<\/strong><strong>Su\u00e7 i\u015fleyenler&nbsp;<\/strong><strong>\u2018<\/strong><strong>bana bir \u015fey olmaz, bir y\u0131l yatar a\u00e7\u0131k cezaevine ge\u00e7erim, oradan da \u00e7\u0131kar\u0131m\u2019 diye d\u00fc\u015f\u00fcn\u00fcyor. Bu cezas\u0131zl\u0131k hissini ortadan kald\u0131racak bir d\u00fczenlemeye bir an&nbsp;<\/strong><strong>\u00f6<\/strong><strong>nce&nbsp;<\/strong><strong>\u015fiddetle ihtiya\u00e7 var\u201d dedi.<\/strong>&nbsp;DEVA Partisi Genel Ba\u015fkan Yard\u0131mc\u0131s\u0131 ve Mersin Milletvekili Mehmet Emin Ekmen, T\u00fcrkiye Adalet Akademisi hakk\u0131ndaki kanun teklifi ile ilgili T\u00fcrkiye B\u00fcy\u00fck Millet Meclisi (TBMM) Genel Kurulunda konu\u015ftu.&nbsp;<strong>Taahh\u00fctler Meclise getirilmiyor!&nbsp;<\/strong>Eski Adalet Bakan\u0131 Abd\u00fclhamit G\u00fcl ile mevcut Adalet Bakan\u0131&nbsp;Y\u0131lmaz Tun\u00e7\u2019un a\u00e7\u0131klad\u0131\u011f\u0131 reform niteli\u011findeki d\u00fczenlemelerin dahi Meclisin g\u00fcndemine gelmedi\u011fini ifade eden Ekmen,&nbsp;\u201cBa\u015fta hasta, h\u00fck\u00fcml\u00fc ve tutuklular olmak \u00fczere, bir\u00e7ok d\u00fczenleme o metinlerde bir taahh\u00fct olarak yer alm\u0131\u015f olmas\u0131na ra\u011fmen Meclise getirilmiyor. Bazen yirmi d\u00f6rt saat i\u00e7erisinde 15-16 ki\u015finin basit bir meselede muhatab\u0131n\u0131 \u00f6ld\u00fcrd\u00fc\u011f\u00fcn\u00fc g\u00f6r\u00fcyoruz. \u00c7\u00fcnk\u00fc adalete g\u00fcveni yok, benim sorunum yarg\u0131ya giderse \u00e7\u00f6z\u00fclecek diye bir g\u00fcven yok\u201d ifadelerini kulland\u0131.&nbsp;&nbsp;<strong>Cezas\u0131zl\u0131k hissi var!<\/strong>Toplumda kuvvetli bir cezas\u0131zl\u0131k hissinin oldu\u011funa dikkat \u00e7eken Ekmen, \u015funlar\u0131 s\u00f6yledi:&nbsp;&nbsp;\u201cSu\u00e7 i\u015fleyenler&nbsp;\u2018bana bir \u015fey olmaz, bir y\u0131l yatar a\u00e7\u0131k cezaevine ge\u00e7erim, oradan da \u00e7\u0131kar\u0131m.\u2019Diye d\u00fc\u015f\u00fcn\u00fcyor. Bu cezas\u0131zl\u0131k hissini ortadan kald\u0131racak bir d\u00fczenlemeye bir an&nbsp;\u00f6nce&nbsp;\u015fiddetle ihtiya\u00e7 var.&nbsp;\u2018Adalet\u2019&nbsp;dedi\u011fimiz konu ekmekten, sudan ve her \u015feyden daha&nbsp;\u00f6nemli.\u201d&nbsp;<strong>\u0130STANBUL BAROSU\u2019NA A\u00c7ILAN DAVA YANLI\u015e!<\/strong>Ekmen, \u201c\u0130kinci barolar\u0131 kurdunuz, hakkaniyete ayk\u0131r\u0131 bir \u015fekilde b\u00fct\u00e7elerin&nbsp;\u00f6nemli bir k\u0131sm\u0131 buraya tahsis ettiniz. H\u00e2l\u00e2 niye bu barolarla u\u011fra\u015f\u0131yorsunuz? Bug\u00fcn \u0130stanbul barosu aleyhine a\u00e7\u0131lan davanameyi koyun, Anayasa Mahkemesinin fikir ve ifade&nbsp;\u00f6zg\u00fcrl\u00fc\u011f\u00fc ilkelerini koyun; davaname o testten ge\u00e7mez\u201d de\u011ferlendirmesinde bulundu.<\/td><\/tr><\/tbody><\/table><\/figure>\n","protected":false},"excerpt":{"rendered":"<p>DEVA Partisi Genel Ba\u015fkan Yard\u0131mc\u0131s\u0131 Mehmet Emin Ekmen, toplumda yarg\u0131ya ve hukuka olan g\u00fcvenin ciddi \u015fekilde azald\u0131\u011f\u0131na dikkat \u00e7ekerek, su\u00e7lularda &nbsp;\u201ccezas\u0131zl\u0131k hissinin\u201d artt\u0131\u011f\u0131n\u0131 vurgulad\u0131. Baz\u0131 g\u00fcnlerde yirmi d\u00f6rt saatte 15-16 ki\u015finin basit meseleler y\u00fcz\u00fcnden&nbsp;\u00f6ld\u00fcr\u00fclebildi\u011fini&nbsp;dile getiren&nbsp;Ekmen,&nbsp;\u201cSu\u00e7 i\u015fleyenler&nbsp;\u2018bana bir \u015fey olmaz, bir y\u0131l yatar a\u00e7\u0131k cezaevine ge\u00e7erim, oradan da \u00e7\u0131kar\u0131m\u2019 diye d\u00fc\u015f\u00fcn\u00fcyor. Bu cezas\u0131zl\u0131k hissini ortadan kald\u0131racak [&hellip;]<\/p>\n","protected":false},"author":2,"featured_media":38861,"comment_status":"closed","ping_status":"closed","sticky":false,"template":"","format":"standard","meta":{"footnotes":""},"categories":[3],"tags":[],"class_list":["post-38896","post","type-post","status-publish","format-standard","has-post-thumbnail","hentry","category-manset"],"views":4,"_links":{"self":[{"href":"https:\/\/mersinkadingazetesi.com\/index.php?rest_route=\/wp\/v2\/posts\/38896"}],"collection":[{"href":"https:\/\/mersinkadingazetesi.com\/index.php?rest_route=\/wp\/v2\/posts"}],"about":[{"href":"https:\/\/mersinkadingazetesi.com\/index.php?rest_route=\/wp\/v2\/types\/post"}],"author":[{"embeddable":true,"href":"https:\/\/mersinkadingazetesi.com\/index.php?rest_route=\/wp\/v2\/users\/2"}],"replies":[{"embeddable":true,"href":"https:\/\/mersinkadingazetesi.com\/index.php?rest_route=%2Fwp%2Fv2%2Fcomments&post=38896"}],"version-history":[{"count":1,"href":"https:\/\/mersinkadingazetesi.com\/index.php?rest_route=\/wp\/v2\/posts\/38896\/revisions"}],"predecessor-version":[{"id":38897,"href":"https:\/\/mersinkadingazetesi.com\/index.php?rest_route=\/wp\/v2\/posts\/38896\/revisions\/38897"}],"wp:featuredmedia":[{"embeddable":true,"href":"https:\/\/mersinkadingazetesi.com\/index.php?rest_route=\/wp\/v2\/media\/38861"}],"wp:attachment":[{"href":"https:\/\/mersinkadingazetesi.com\/index.php?rest_route=%2Fwp%2Fv2%2Fmedia&parent=38896"}],"wp:term":[{"taxonomy":"category","embeddable":true,"href":"https:\/\/mersinkadingazetesi.com\/index.php?rest_route=%2Fwp%2Fv2%2Fcategories&post=38896"},{"taxonomy":"post_tag","embeddable":true,"href":"https:\/\/mersinkadingazetesi.com\/index.php?rest_route=%2Fwp%2Fv2%2Ftags&post=38896"}],"curies":[{"name":"wp","href":"https:\/\/api.w.org\/{rel}","templated":true}]}}