{"id":38913,"date":"2025-01-22T11:57:24","date_gmt":"2025-01-22T08:57:24","guid":{"rendered":"https:\/\/mersinkadingazetesi.com\/?p=38913"},"modified":"2025-01-22T11:57:25","modified_gmt":"2025-01-22T08:57:25","slug":"covid-19-influenza-ve-mevsimsel-enfeksiyonlara-karsi-alinmasi-gereken-tebbirler-siralandi","status":"publish","type":"post","link":"https:\/\/mersinkadingazetesi.com\/?p=38913","title":{"rendered":"COV\u0130D-19, INFLUENZA VE MEVS\u0130MSEL ENFEKS\u0130YONLARA KAR\u015eI ALINMASI GEREKEN TEBB\u0130RLER SIRALANDI"},"content":{"rendered":"\n<p>Mersin B\u00fcy\u00fck\u015fehir Belediyesi Sa\u011fl\u0131k \u0130\u015fleri Dairesi Ba\u015fkanl\u0131\u011f\u0131&#8217;na ba\u011fl\u0131 Halk Sa\u011fl\u0131\u011f\u0131 ve Denetim \u015eube M\u00fcd\u00fcr\u00fc Uzman Dr. Bahar G\u00fclcay \u00c7at, son d\u00f6nemde \u00fcst solunum yolu enfeksiyonlar\u0131n\u0131n pik yapt\u0131\u011f\u0131na dikkat \u00e7ekerek, vatanda\u015flar\u0131 bu d\u00f6nemde daha dikkatli olmaya \u00e7a\u011f\u0131rd\u0131. \u00d6zellikle COVID-19, influenza ve mevsimsel \u00fcst solunum yolu enfeksiyonlar\u0131n\u0131n bir arada yayg\u0131nla\u015ft\u0131\u011f\u0131n\u0131 belirten Dr. \u00c7at, bu 3 vir\u00fcs\u00fcn bir arada bulunmas\u0131n\u0131n, halk sa\u011fl\u0131\u011f\u0131 a\u00e7\u0131s\u0131ndan tehdit olu\u015fturdu\u011funu vurgulad\u0131.<\/p>\n\n\n\n<p>Dr. \u00c7at: &#8220;Covid 19, influenza ve \u00fcst solunum yolu enfeksiyonlar\u0131 yayg\u0131n bir \u015fekilde g\u00f6r\u00fcl\u00fcyor&#8221;<\/p>\n\n\n\n<p>Halk Sa\u011fl\u0131\u011f\u0131 ve Denetim \u015eube M\u00fcd\u00fcr\u00fc Uzman Dr. Bahar G\u00fclcay \u00c7at, &#8220;\u0130nsanlar ak\u0131n ak\u0131n acil servisleri dolduruyor. Baz\u0131 literat\u00fcrlerde de kombo vir\u00fcs \u015feklinde tan\u0131mlan\u0131yor. \u015eu an hem COVID-19 vir\u00fcs\u00fc, hem influenza, hem de mevsimsel \u00fcst solunum yolu enfeksiyonu vir\u00fcsleri yayg\u0131n bir \u015fekilde g\u00f6r\u00fcl\u00fcyor. Bu vir\u00fcslerin bir arada olmas\u0131; y\u00fcksek ate\u015f, \u00f6ks\u00fcr\u00fck, bo\u011faz a\u011fr\u0131s\u0131 ve kas-eklem a\u011fr\u0131lar\u0131 gibi \u015fikayetlere yol a\u00e7\u0131yor. \u0130nsanlar, bu sebeplerle acil servislere ba\u015fvuruyorlar&#8221; dedi.<\/p>\n\n\n\n<p>Uzm. Dr. \u00c7at, k\u0131\u015f aylar\u0131nda kapal\u0131 alanlarda daha fazla vakit ge\u00e7irildi\u011fini ve bu ortamlarda dikkat edilmesi gereken \u00f6nlemleri s\u0131ralad\u0131. \u00c7at, &#8220;Kapal\u0131 alanlar\u0131n s\u0131k s\u0131k havaland\u0131r\u0131lmas\u0131 ve sosyal mesafeye dikkat edilmesini \u00f6neriyoruz. \u00d6zellikle kalabal\u0131k alanlara gireceksek, maske kullan\u0131m\u0131 salg\u0131n d\u00f6neminde \u00f6zellikle \u00e7ok \u00f6nemli ve \u00e7ok etkin bir y\u00f6ntem. Beslenmemize \u00e7ok ciddi anlamda dikkat etmemiz gerekiyor. Ba\u011f\u0131\u015f\u0131kl\u0131\u011f\u0131 y\u00fcksek tutan portakal, mandalina gibi C vitamini y\u00fcksek mevsim yiyeceklerini t\u00fcketmeyi \u00f6neriyoruz&#8221; diye konu\u015ftu.<\/p>\n\n\n\n<p>Kronik hastal\u0131klar\u0131 olanlar, ya\u015fl\u0131lar ve \u00e7ocuklar mutlaka korunmal\u0131<\/p>\n\n\n\n<p>Hastal\u0131k belirtileri g\u00f6steren ki\u015filerin mutlaka aile hekimi veya bir sa\u011fl\u0131k kurulu\u015funa ba\u015fvurmas\u0131 gerekti\u011fini belirten Uzm. Dr. \u00c7at, &#8220;\u00d6zellikle kronik hastal\u0131\u011f\u0131 olanlar ve \u00e7ocuk ya\u015f grubundakilerin korunmas\u0131n\u0131 \u00f6neriyoruz. \u00c7\u00fcnk\u00fc bu ki\u015filerde enfeksiyonlar ev istirahat ile tedavi olabilecekken tansiyon, \u015feker, kanser gibi ba\u011f\u0131\u015f\u0131kl\u0131k sistemini s\u0131k\u0131nt\u0131ya sokan hastal\u0131klara sahip olanlarda hastaneye yat\u0131\u015f gerekebiliyor&#8221; ifadelerine yer verdi.<\/p>\n\n\n\n<p>Ayr\u0131ca evde vir\u00fcs kapan bir ki\u015fi varsa, \u00f6zellikle kronik hastal\u0131\u011f\u0131 bulunanlar, ya\u015fl\u0131 bireyler ve \u00e7ocuklar i\u00e7in sosyal mesafeye dikkat edilmesi gerekti\u011fini belirten Uzm. Dr. \u00c7at, &#8220;Kendimizi izole etmek, onlar\u0131n yan\u0131na girmemiz gerekti\u011fi zamanlarda da mutlaka maske kullanmay\u0131 \u00f6neriyoruz&#8221; \u015feklinde uyar\u0131larda bulundu.<\/p>\n","protected":false},"excerpt":{"rendered":"<p>Mersin B\u00fcy\u00fck\u015fehir Belediyesi Sa\u011fl\u0131k \u0130\u015fleri Dairesi Ba\u015fkanl\u0131\u011f\u0131&#8217;na ba\u011fl\u0131 Halk Sa\u011fl\u0131\u011f\u0131 ve Denetim \u015eube M\u00fcd\u00fcr\u00fc Uzman Dr. Bahar G\u00fclcay \u00c7at, son d\u00f6nemde \u00fcst solunum yolu enfeksiyonlar\u0131n\u0131n pik yapt\u0131\u011f\u0131na dikkat \u00e7ekerek, vatanda\u015flar\u0131 bu d\u00f6nemde daha dikkatli olmaya \u00e7a\u011f\u0131rd\u0131. \u00d6zellikle COVID-19, influenza ve mevsimsel \u00fcst solunum yolu enfeksiyonlar\u0131n\u0131n bir arada yayg\u0131nla\u015ft\u0131\u011f\u0131n\u0131 belirten Dr. \u00c7at, bu 3 vir\u00fcs\u00fcn bir [&hellip;]<\/p>\n","protected":false},"author":2,"featured_media":38914,"comment_status":"closed","ping_status":"closed","sticky":false,"template":"","format":"standard","meta":{"footnotes":""},"categories":[3,9],"tags":[],"class_list":["post-38913","post","type-post","status-publish","format-standard","has-post-thumbnail","hentry","category-manset","category-saglik"],"views":3,"_links":{"self":[{"href":"https:\/\/mersinkadingazetesi.com\/index.php?rest_route=\/wp\/v2\/posts\/38913"}],"collection":[{"href":"https:\/\/mersinkadingazetesi.com\/index.php?rest_route=\/wp\/v2\/posts"}],"about":[{"href":"https:\/\/mersinkadingazetesi.com\/index.php?rest_route=\/wp\/v2\/types\/post"}],"author":[{"embeddable":true,"href":"https:\/\/mersinkadingazetesi.com\/index.php?rest_route=\/wp\/v2\/users\/2"}],"replies":[{"embeddable":true,"href":"https:\/\/mersinkadingazetesi.com\/index.php?rest_route=%2Fwp%2Fv2%2Fcomments&post=38913"}],"version-history":[{"count":1,"href":"https:\/\/mersinkadingazetesi.com\/index.php?rest_route=\/wp\/v2\/posts\/38913\/revisions"}],"predecessor-version":[{"id":38915,"href":"https:\/\/mersinkadingazetesi.com\/index.php?rest_route=\/wp\/v2\/posts\/38913\/revisions\/38915"}],"wp:featuredmedia":[{"embeddable":true,"href":"https:\/\/mersinkadingazetesi.com\/index.php?rest_route=\/wp\/v2\/media\/38914"}],"wp:attachment":[{"href":"https:\/\/mersinkadingazetesi.com\/index.php?rest_route=%2Fwp%2Fv2%2Fmedia&parent=38913"}],"wp:term":[{"taxonomy":"category","embeddable":true,"href":"https:\/\/mersinkadingazetesi.com\/index.php?rest_route=%2Fwp%2Fv2%2Fcategories&post=38913"},{"taxonomy":"post_tag","embeddable":true,"href":"https:\/\/mersinkadingazetesi.com\/index.php?rest_route=%2Fwp%2Fv2%2Ftags&post=38913"}],"curies":[{"name":"wp","href":"https:\/\/api.w.org\/{rel}","templated":true}]}}