{"id":38934,"date":"2025-01-23T12:28:31","date_gmt":"2025-01-23T09:28:31","guid":{"rendered":"https:\/\/mersinkadingazetesi.com\/?p=38934"},"modified":"2025-01-23T12:28:32","modified_gmt":"2025-01-23T09:28:32","slug":"silifke-yogurdu-avrupa-birligi-cografi-isaret-tescili-aldi","status":"publish","type":"post","link":"https:\/\/mersinkadingazetesi.com\/?p=38934","title":{"rendered":"S\u0130L\u0130FKE YO\u011eURDU AVRUPA B\u0130RL\u0130\u011e\u0130 CO\u011eRAF\u0130 \u0130\u015eARET TESC\u0130L\u0130 ALDI"},"content":{"rendered":"\n<p>Silifke yo\u011furdu, Avrupa Birli\u011fi&#8217;nden (AB) co\u011frafi i\u015faret tescili alarak tescilli \u00fcr\u00fcnler listesine girdi. Geli\u015fmeyi mutlulukla kar\u015f\u0131lad\u0131\u011f\u0131n\u0131 belirten Milliyet\u00e7i Hareket Partisi Mersin Milletvekili ve MYK \u00dcyesi Dr. Levent Uysal <strong>\u201cAvrupa\u2019n\u0131n sevece\u011fi en g\u00fczel lezzetlerden birisi art\u0131k Silifke il\u00e7emizin yo\u011furdu oldu. Silifke\u2019mizin yo\u011furdunun Avrupa Birli\u011fi tescili almas\u0131nda eme\u011fi ge\u00e7enlere \u015f\u00fckranlar\u0131m\u0131 sunuyorum.\u201d<\/strong> a\u00e7\u0131klamas\u0131nda bulundu.<br><br>Avrupa Birli\u011fi&#8217;nden co\u011frafi i\u015faret tescili alan 30&#8217;uncu \u00fcr\u00fcn Mersin\u2019in Silifke il\u00e7esine \u00f6zg\u00fc Silifke yo\u011furdu oldu.<\/p>\n\n\n\n<p>Milliyet\u00e7i Hareket Partisi Mersin Milletvekili ve MYK \u00dcyesi Dr. Levent Uysal Silifke\u2019nin tan\u0131t\u0131m\u0131 i\u00e7in \u00f6nemli bir ad\u0131m oldu\u011funu s\u00f6yleyerek, Silifke\u2019nin yo\u011furdunu art\u0131k Avrupa\u2019n\u0131n tadaca\u011f\u0131n\u0131 belirtti.<br><br>Milletvekili Uysal <strong>\u201cKonar-g\u00f6\u00e7er bir toplum olan y\u00f6r\u00fcklerimizin ellerinden lezzetlenen; Silifke il\u00e7emize \u00f6zg\u00fc tad\u0131 ve aromas\u0131 olan Silifke yo\u011furdumuz, Avrupa Birli\u011fi&#8217;nden (AB) co\u011frafi i\u015faret tescili alarak tescilli \u00fcr\u00fcnler listesine girdi. Mersin\u2019imizin lezzetleri d\u00fcnya sofralar\u0131nda yerini al\u0131yor. Silifke&#8217;mize ve \u00fclkemize bu mutlulu\u011fu ya\u015fatan Silifke Ticaret ve Sanayi Odas\u0131 Ba\u015fkan\u0131 Nurettin Kaynar\u2019a, y\u00f6netim kuruluna, meclisine ve eme\u011fi ge\u00e7en t\u00fcm Silifkeli karde\u015flerime \u015f\u00fckranlar\u0131m\u0131 sunuyorum. \u00dcr\u00fcn \u00e7e\u015fitlili\u011fimizin bollu\u011fu, Mersin tar\u0131m\u0131m\u0131z\u0131 besliyor ve \u00fcreticilerimizin y\u00fcz\u00fc g\u00fcl\u00fcyor. Biz de Mersinli karde\u015flerimizin vekili olarak Mersin\u2019de co\u011frafi i\u015faretli \u00fcr\u00fcn say\u0131s\u0131n\u0131 art\u0131rmak i\u00e7in giri\u015fimlerimize devam edece\u011fiz.\u201d <\/strong>\u0130fadelerine yer verdi.<\/p>\n","protected":false},"excerpt":{"rendered":"<p>Silifke yo\u011furdu, Avrupa Birli\u011fi&#8217;nden (AB) co\u011frafi i\u015faret tescili alarak tescilli \u00fcr\u00fcnler listesine girdi. Geli\u015fmeyi mutlulukla kar\u015f\u0131lad\u0131\u011f\u0131n\u0131 belirten Milliyet\u00e7i Hareket Partisi Mersin Milletvekili ve MYK \u00dcyesi Dr. Levent Uysal \u201cAvrupa\u2019n\u0131n sevece\u011fi en g\u00fczel lezzetlerden birisi art\u0131k Silifke il\u00e7emizin yo\u011furdu oldu. Silifke\u2019mizin yo\u011furdunun Avrupa Birli\u011fi tescili almas\u0131nda eme\u011fi ge\u00e7enlere \u015f\u00fckranlar\u0131m\u0131 sunuyorum.\u201d a\u00e7\u0131klamas\u0131nda bulundu. Avrupa Birli\u011fi&#8217;nden co\u011frafi i\u015faret [&hellip;]<\/p>\n","protected":false},"author":2,"featured_media":38935,"comment_status":"closed","ping_status":"closed","sticky":false,"template":"","format":"standard","meta":{"footnotes":""},"categories":[34,1,2,3],"tags":[],"class_list":["post-38934","post","type-post","status-publish","format-standard","has-post-thumbnail","hentry","category-flas-haber","category-genel","category-gundem","category-manset"],"views":7,"_links":{"self":[{"href":"https:\/\/mersinkadingazetesi.com\/index.php?rest_route=\/wp\/v2\/posts\/38934"}],"collection":[{"href":"https:\/\/mersinkadingazetesi.com\/index.php?rest_route=\/wp\/v2\/posts"}],"about":[{"href":"https:\/\/mersinkadingazetesi.com\/index.php?rest_route=\/wp\/v2\/types\/post"}],"author":[{"embeddable":true,"href":"https:\/\/mersinkadingazetesi.com\/index.php?rest_route=\/wp\/v2\/users\/2"}],"replies":[{"embeddable":true,"href":"https:\/\/mersinkadingazetesi.com\/index.php?rest_route=%2Fwp%2Fv2%2Fcomments&post=38934"}],"version-history":[{"count":1,"href":"https:\/\/mersinkadingazetesi.com\/index.php?rest_route=\/wp\/v2\/posts\/38934\/revisions"}],"predecessor-version":[{"id":38936,"href":"https:\/\/mersinkadingazetesi.com\/index.php?rest_route=\/wp\/v2\/posts\/38934\/revisions\/38936"}],"wp:featuredmedia":[{"embeddable":true,"href":"https:\/\/mersinkadingazetesi.com\/index.php?rest_route=\/wp\/v2\/media\/38935"}],"wp:attachment":[{"href":"https:\/\/mersinkadingazetesi.com\/index.php?rest_route=%2Fwp%2Fv2%2Fmedia&parent=38934"}],"wp:term":[{"taxonomy":"category","embeddable":true,"href":"https:\/\/mersinkadingazetesi.com\/index.php?rest_route=%2Fwp%2Fv2%2Fcategories&post=38934"},{"taxonomy":"post_tag","embeddable":true,"href":"https:\/\/mersinkadingazetesi.com\/index.php?rest_route=%2Fwp%2Fv2%2Ftags&post=38934"}],"curies":[{"name":"wp","href":"https:\/\/api.w.org\/{rel}","templated":true}]}}